{"id":555,"date":"2013-01-25T13:07:56","date_gmt":"2013-01-25T12:07:56","guid":{"rendered":"http:\/\/www.gaj-osiedle.wroclaw.pl\/?p=555"},"modified":"2013-01-25T13:09:36","modified_gmt":"2013-01-25T12:09:36","slug":"otwarcie-nowej-czesci-przedszkola-nr-49-przy-ul-borowskiej","status":"publish","type":"post","link":"https:\/\/online.tvk-gaj.pl\/?p=555","title":{"rendered":"Otwarcie nowej cz\u0119\u015bci Przedszkola Nr 49 przy ul. Borowskiej"},"content":{"rendered":"<p>W pi\u0105tek, 11 stycznia w Przedszkolu Nr 49 przy ul. Borowskiej odby\u0142o si\u0119 uroczyste otwarcie nowej cz\u0119\u015bci plac\u00f3wki. O Przedszkolu i jego rozwoju rozmawiali\u015bmy z Dyrektor, Pani\u0105 Izabel\u0105 Chmiel.\u00a0<!--more--><\/p>\n<p>Na pocz\u0105tku stycznia b.r. Przedszkole Nr 49 przy ul. Borowskiej otworzy\u0142o now\u0105 cz\u0119\u015b\u0107 budynku. Na oficjalnym otwarciu pojawi\u0142o si\u0119 wielu znamienitych go\u015bci, w tym przedstawiciele Rady Osiedla Gaj &#8211; Pan Adam Chodaczy\u0144ski oraz Stefan Zydorowicz.<\/p>\n<p>Uda\u0142o si\u0119 nam porozmawia\u0107 z Pani\u0105 Dyrektor Izabel\u0105 Chmiel.<\/p>\n<p>&nbsp;<\/p>\n<p><strong>Piotr Nawrotek, GajOnline:<\/strong> Otworzyli\u015bcie now\u0105 cz\u0119\u015b\u0107 budynku. Ile dzieci skorzysta z tej inwestycji?<\/p>\n<p><strong>Izabela Chmiel, Dyrektor:<\/strong>\u00a0Dzieci w nowej cz\u0119\u015bci przedszkola jest 75 w trzech oddzia\u0142ach. Dwa oddzia\u0142y to dzieci trzyletnie, jeden &#8211; czteroletnie.<\/p>\n<p><strong>GajOnline<\/strong>: Ile dzieci b\u0119dzie mog\u0142o uczu\u0107 si\u0119 i bawi\u0107 w rozbudowanym przedszkolu?<\/p>\n<p><strong>Izabela Chmiel<\/strong>:\u00a0W ca\u0142ym Przedszkolu nr 49 jest teraz 150 dzieci.<\/p>\n<p><strong>GajOnline<\/strong>: Czy rozbudowa plac\u00f3wki to tylko zwi\u0119kszona ilo\u015b\u0107 miejsc, czy mo\u017ce te\u017c inne zmiany w pracy przedszkola?<\/p>\n<p><strong>Izabela Chmiel<\/strong>: Dzi\u0119ki zwi\u0119kszeniu ilo\u015bci dzieci ucz\u0119szczaj\u0105cych do naszej plac\u00f3wki zatrudnionych zosta\u0142o sze\u015bciu nauczycieli, dwie pomoce nauczyciela oraz trzy wo\u017ane. \u00a0Ponadto w nowej cz\u0119\u015bci mamy gabinet specjalist\u00f3w czyli pracuj\u0105 tam z dzie\u0107mi logopedy, psychologa i pedagoga specjalnego.<\/p>\n<p><strong>GajOnline<\/strong>: To du\u017ce zmiany, kt\u00f3re musz\u0105 wi\u0105za\u0107 si\u0119 ze sporymi inwestycjami. Kto sfinansowa\u0142 rozbudow\u0119?<\/p>\n<p><strong>Izabela Chmiel<\/strong>:\u00a0\u00a0Inwestycj\u0119 sfinansowa\u0142a Gmina Wroc\u0142aw.<\/p>\n<p><strong>GajOnline<\/strong>: Otwarcie nowej cz\u0119\u015bci przedszkola towarzyszy\u0142a oficjalna uroczysto\u015b\u0107. Kto w niej uczestniczy\u0142 i jak przebiega\u0142a?<\/p>\n<p><strong>Izabela Chmiel<\/strong>:\u00a0Na otwarciu byli: Bohdan Aniszczyk, przewodnicz\u0105cy komisji Edukacji i M\u0142odzie\u017cy, Ewa Przegon, zast\u0119pca dyrektora Wydzia\u0142u Edukacji, Olga Raduchowska, kierownik Wydzia\u0142u Edukacji, Ryszard Zieli\u0144ski, dyrektor Plac\u00f3wki Opieku\u0144czo-Wychowawczej (w cz\u0119\u015bci nale\u017c\u0105cej do Plac\u00f3wki uruchomiono now\u0105 cz\u0119\u015b\u0107 Przedszkola), Ksi\u0105dz Pra\u0142at Kazimierz Sroka (po\u015bwi\u0119ci\u0142 now\u0105 cz\u0119\u015b\u0107), zaprzyja\u017anieni z Przedszkolem radni Rady Osiedla Gaj oraz dyrektorzy Przedszkoli 50, 136, 27,87. Ale najwa\u017cniejsze by\u0142y dzieci bo to one pe\u0142ni\u0142y rol\u0119 gospodarzy. Podzielono specjalnie upieczony tort:)<\/p>\n<p><strong>GajOnline<\/strong>: Korytarze w nowo otwartej cz\u0119\u015bci budynku dosta\u0142y oficjalne nazwy&#8230;<\/p>\n<p><strong>Izabela Chmiel<\/strong>:\u00a0Przedszkole nr 49 nosi imi\u0119 Tysi\u0105clecia Miasta Wroc\u0142awia a korytarze przedszkolne otrzyma\u0142y nazwy ulic: Wroc\u0142awski Legend i Wroc\u0142awskich Krasnoludk\u00f3w.<\/p>\n<p><strong>GajOnline<\/strong>: Dzi\u0119kujemy za po\u015bwiecony czas i \u017cyczymy samych sukces\u00f3w!<\/p>\n<p><strong>Izabela Chmiel<\/strong>: Dzi\u0119kuje, do zobaczenia!<\/p>\n<p>&nbsp;<\/p>\n<p>Kr\u00f3tka fotorelacja z otwarcia nowej cz\u0119\u015bci przedszkola.<\/p>\n<p>[nggallery id=13]<\/p>\n<p>&nbsp;<\/p>\n","protected":false},"excerpt":{"rendered":"<p>W pi\u0105tek, 11 stycznia w Przedszkolu Nr 49 przy ul. Borowskiej odby\u0142o si\u0119 uroczyste otwarcie nowej cz\u0119\u015bci plac\u00f3wki. O Przedszkolu i jego rozwoju rozmawiali\u015bmy z Dyrektor, Pani\u0105 Izabel\u0105 Chmiel.\u00a0<\/p>\n","protected":false},"author":1,"featured_media":556,"comment_status":"open","ping_status":"open","sticky":false,"template":"","format":"standard","meta":{"footnotes":""},"categories":[14,12],"tags":[39],"class_list":["post-555","post","type-post","status-publish","format-standard","has-post-thumbnail","hentry","category-aktualnosci","category-artykuly","tag-przedszkole-nr-49-borowska"],"_links":{"self":[{"href":"https:\/\/online.tvk-gaj.pl\/index.php?rest_route=\/wp\/v2\/posts\/555","targetHints":{"allow":["GET"]}}],"collection":[{"href":"https:\/\/online.tvk-gaj.pl\/index.php?rest_route=\/wp\/v2\/posts"}],"about":[{"href":"https:\/\/online.tvk-gaj.pl\/index.php?rest_route=\/wp\/v2\/types\/post"}],"author":[{"embeddable":true,"href":"https:\/\/online.tvk-gaj.pl\/index.php?rest_route=\/wp\/v2\/users\/1"}],"replies":[{"embeddable":true,"href":"https:\/\/online.tvk-gaj.pl\/index.php?rest_route=%2Fwp%2Fv2%2Fcomments&post=555"}],"version-history":[{"count":3,"href":"https:\/\/online.tvk-gaj.pl\/index.php?rest_route=\/wp\/v2\/posts\/555\/revisions"}],"predecessor-version":[{"id":558,"href":"https:\/\/online.tvk-gaj.pl\/index.php?rest_route=\/wp\/v2\/posts\/555\/revisions\/558"}],"wp:featuredmedia":[{"embeddable":true,"href":"https:\/\/online.tvk-gaj.pl\/index.php?rest_route=\/wp\/v2\/media\/556"}],"wp:attachment":[{"href":"https:\/\/online.tvk-gaj.pl\/index.php?rest_route=%2Fwp%2Fv2%2Fmedia&parent=555"}],"wp:term":[{"taxonomy":"category","embeddable":true,"href":"https:\/\/online.tvk-gaj.pl\/index.php?rest_route=%2Fwp%2Fv2%2Fcategories&post=555"},{"taxonomy":"post_tag","embeddable":true,"href":"https:\/\/online.tvk-gaj.pl\/index.php?rest_route=%2Fwp%2Fv2%2Ftags&post=555"}],"curies":[{"name":"wp","href":"https:\/\/api.w.org\/{rel}","templated":true}]}}