{"id":5556,"date":"2016-04-11T10:12:06","date_gmt":"2016-04-11T08:12:06","guid":{"rendered":"http:\/\/www.tvk-gaj.pl\/~gajonline\/?p=5556"},"modified":"2016-04-11T10:12:06","modified_gmt":"2016-04-11T08:12:06","slug":"policjant-ktory-mi-pomogl","status":"publish","type":"post","link":"https:\/\/online.tvk-gaj.pl\/?p=5556","title":{"rendered":"Policjant, kt\u00f3ry mi pom\u00f3g\u0142"},"content":{"rendered":"<p>Ruszy\u0142a tegoroczna edycja konkursu &#8222;Policjant, kt\u00f3ry mi pom\u00f3g\u0142&#8221;. W ramach akcji organizowanej przez Biuro Prewencji i Ruchu Drogowego KGP \u00a0ka\u017cdy obywatel b\u0119dzie m\u00f3g\u0142 nominowa\u0107 policjanta, kt\u00f3ry swoim dzia\u0142aniem pom\u00f3g\u0142. Publikujemy informacje na temat konkursu oraz formularz zg\u0142oszeniowy.<!--more--><\/p>\n<p>&nbsp;<\/p>\n<p>&nbsp;<\/p>\n<p><a href=\"http:\/\/www.tvk-gaj.pl\/~gajonline\/wp-content\/uploads\/2016\/04\/policjakonkurs.jpg\" rel=\"attachment wp-att-5558\"><img loading=\"lazy\" decoding=\"async\" class=\"aligncenter size-full wp-image-5558\" src=\"http:\/\/www.tvk-gaj.pl\/~gajonline\/wp-content\/uploads\/2016\/04\/policjakonkurs.jpg\" alt=\"policjakonkurs\" width=\"768\" height=\"908\" srcset=\"https:\/\/online.tvk-gaj.pl\/wp-content\/uploads\/2016\/04\/policjakonkurs.jpg 768w, https:\/\/online.tvk-gaj.pl\/wp-content\/uploads\/2016\/04\/policjakonkurs-254x300.jpg 254w\" sizes=\"auto, (max-width: 768px) 100vw, 768px\" \/><\/a><\/p>\n<p>&nbsp;<\/p>\n<p><a href=\"http:\/\/www.tvk-gaj.pl\/~gajonline\/wp-content\/uploads\/2016\/04\/policjant_plakat.jpg\" rel=\"attachment wp-att-5557\"><img loading=\"lazy\" decoding=\"async\" class=\"aligncenter size-large wp-image-5557\" src=\"http:\/\/www.tvk-gaj.pl\/~gajonline\/wp-content\/uploads\/2016\/04\/policjant_plakat-724x1024.jpg\" alt=\"policjant_plakat\" width=\"724\" height=\"1024\" srcset=\"https:\/\/online.tvk-gaj.pl\/wp-content\/uploads\/2016\/04\/policjant_plakat-724x1024.jpg 724w, https:\/\/online.tvk-gaj.pl\/wp-content\/uploads\/2016\/04\/policjant_plakat-212x300.jpg 212w, https:\/\/online.tvk-gaj.pl\/wp-content\/uploads\/2016\/04\/policjant_plakat-768x1086.jpg 768w, https:\/\/online.tvk-gaj.pl\/wp-content\/uploads\/2016\/04\/policjant_plakat.jpg 1240w\" sizes=\"auto, (max-width: 724px) 100vw, 724px\" \/><\/a><\/p>\n<p>&nbsp;<\/p>\n<p>&nbsp;<\/p>\n<p><strong><span style=\"color: #000000;\"><a style=\"color: #000000; text-decoration: underline;\" href=\"http:\/\/www.tvk-gaj.pl\/~gajonline\/wp-content\/uploads\/2016\/04\/formularz.doc\" rel=\"\">FORMULARZ ZG\u0141OSZENIOWY (pobierz)<\/a><\/span><\/strong><\/p>\n<p>&nbsp;<\/p>\n<p>Wi\u0119cej informacji na temat konkursu w Komisariacie Policji Wroc\u0142aw Krzyki oraz Radzie Osiedla Gaj we Wroc\u0142awiu.<\/p>\n<p>&nbsp;<\/p>\n<p>&nbsp;<\/p>\n<p>&nbsp;<\/p>\n","protected":false},"excerpt":{"rendered":"<p>Ruszy\u0142a tegoroczna edycja konkursu &#8222;Policjant, kt\u00f3ry mi pom\u00f3g\u0142&#8221;. W ramach akcji organizowanej przez Biuro Prewencji i Ruchu Drogowego KGP \u00a0ka\u017cdy obywatel b\u0119dzie m\u00f3g\u0142 nominowa\u0107 policjanta, kt\u00f3ry swoim dzia\u0142aniem pom\u00f3g\u0142. Publikujemy informacje na temat konkursu oraz formularz zg\u0142oszeniowy.<\/p>\n","protected":false},"author":1,"featured_media":5557,"comment_status":"open","ping_status":"open","sticky":false,"template":"","format":"standard","meta":{"footnotes":""},"categories":[14],"tags":[112,628,627,626,148,625,624,292,135,265],"class_list":["post-5556","post","type-post","status-publish","format-standard","has-post-thumbnail","hentry","category-aktualnosci","tag-gaj","tag-informacje","tag-komisariat-policji-wroclaw-krzyki","tag-konkurs","tag-policja","tag-policjant","tag-policjant-ktory-mi-pomogl","tag-rada-osiedla-2","tag-rada-osiedla-gaj","tag-zgloszenia"],"_links":{"self":[{"href":"https:\/\/online.tvk-gaj.pl\/index.php?rest_route=\/wp\/v2\/posts\/5556","targetHints":{"allow":["GET"]}}],"collection":[{"href":"https:\/\/online.tvk-gaj.pl\/index.php?rest_route=\/wp\/v2\/posts"}],"about":[{"href":"https:\/\/online.tvk-gaj.pl\/index.php?rest_route=\/wp\/v2\/types\/post"}],"author":[{"embeddable":true,"href":"https:\/\/online.tvk-gaj.pl\/index.php?rest_route=\/wp\/v2\/users\/1"}],"replies":[{"embeddable":true,"href":"https:\/\/online.tvk-gaj.pl\/index.php?rest_route=%2Fwp%2Fv2%2Fcomments&post=5556"}],"version-history":[{"count":1,"href":"https:\/\/online.tvk-gaj.pl\/index.php?rest_route=\/wp\/v2\/posts\/5556\/revisions"}],"predecessor-version":[{"id":5560,"href":"https:\/\/online.tvk-gaj.pl\/index.php?rest_route=\/wp\/v2\/posts\/5556\/revisions\/5560"}],"wp:featuredmedia":[{"embeddable":true,"href":"https:\/\/online.tvk-gaj.pl\/index.php?rest_route=\/wp\/v2\/media\/5557"}],"wp:attachment":[{"href":"https:\/\/online.tvk-gaj.pl\/index.php?rest_route=%2Fwp%2Fv2%2Fmedia&parent=5556"}],"wp:term":[{"taxonomy":"category","embeddable":true,"href":"https:\/\/online.tvk-gaj.pl\/index.php?rest_route=%2Fwp%2Fv2%2Fcategories&post=5556"},{"taxonomy":"post_tag","embeddable":true,"href":"https:\/\/online.tvk-gaj.pl\/index.php?rest_route=%2Fwp%2Fv2%2Ftags&post=5556"}],"curies":[{"name":"wp","href":"https:\/\/api.w.org\/{rel}","templated":true}]}}