{"id":5562,"date":"2016-04-25T23:19:17","date_gmt":"2016-04-25T21:19:17","guid":{"rendered":"http:\/\/www.tvk-gaj.pl\/~gajonline\/?p=5562"},"modified":"2016-04-26T08:54:33","modified_gmt":"2016-04-26T06:54:33","slug":"plan-spotkan-klubu-seniora-na-maj","status":"publish","type":"post","link":"https:\/\/online.tvk-gaj.pl\/?p=5562","title":{"rendered":"Plan spotka\u0144 Klubu Seniora na maj"},"content":{"rendered":"<p>Serdecznie zapraszamy wszystkich senior\u00f3w osiedla do Klubu Seniora dzia\u0142aj\u0105cego przy Radzie Osiedla Gaj! Prezentujemy plan spotka\u0144 na maj.<!--more--><span id=\"more-5144\"><\/span><\/p>\n<p>Wiosna w Klubie Seniora na Gaju rozpoczyna si\u0119 bogat\u0105 ofert\u0105\u00a0zaj\u0119\u0107 i wydarze\u0144. W programie na maj s\u0105\u00a0m.in. wsp\u00f3lna gimnastyka, \u00a0warsztaty r\u0119kodzielnicze, wyj\u015bcie na wystaw\u0119. Serdecznie zapraszamy wszystkich senior\u00f3w z terenu osiedla do wsp\u00f3lnego sp\u0119dzania czasu w Klubie Seniora na Gaju!<\/p>\n<p>&nbsp;<\/p>\n<p><a href=\"http:\/\/www.tvk-gaj.pl\/~gajonline\/wp-content\/uploads\/2016\/04\/klubsenioramaj16.jpg\" rel=\"attachment wp-att-5563\"><img loading=\"lazy\" decoding=\"async\" class=\"aligncenter size-large wp-image-5563\" src=\"http:\/\/www.tvk-gaj.pl\/~gajonline\/wp-content\/uploads\/2016\/04\/klubsenioramaj16-727x1024.jpg\" alt=\"klubsenioramaj16\" width=\"727\" height=\"1024\" srcset=\"https:\/\/online.tvk-gaj.pl\/wp-content\/uploads\/2016\/04\/klubsenioramaj16-727x1024.jpg 727w, https:\/\/online.tvk-gaj.pl\/wp-content\/uploads\/2016\/04\/klubsenioramaj16-213x300.jpg 213w, https:\/\/online.tvk-gaj.pl\/wp-content\/uploads\/2016\/04\/klubsenioramaj16.jpg 765w\" sizes=\"auto, (max-width: 727px) 100vw, 727px\" \/><\/a><\/p>\n<p>&nbsp;<\/p>\n<p>&nbsp;<\/p>\n<p>Spotkania odbywaj\u0105 si\u0119 w Szkole Podstawowej Nr 90 przy ul. Orzechowej 62 w sali nr 5 w ka\u017cdy czwartek od godziny 17:00 do godziny 19:00!<\/p>\n<p><strong>Cz\u0119\u015b\u0107 spotka\u0144 Klubu odb\u0119dzie si\u0119 w maju w Parku S\u0142onecznym na scenie Europejskiej Stolicy Kultury! To wyj\u0105tkowe wydarzenie, \u0142\u0105cz\u0105ce Klub i Osiedle z obchodami Wroc\u0142awia jako Europejskiej Stolicy Kultury 2016!\u00a0<\/strong><\/p>\n<p>&nbsp;<\/p>\n<p>&nbsp;<\/p>\n<p>&nbsp;<\/p>\n","protected":false},"excerpt":{"rendered":"<p>Serdecznie zapraszamy wszystkich senior\u00f3w osiedla do Klubu Seniora dzia\u0142aj\u0105cego przy Radzie Osiedla Gaj! Prezentujemy plan spotka\u0144 na maj.<\/p>\n","protected":false},"author":1,"featured_media":3981,"comment_status":"open","ping_status":"open","sticky":false,"template":"","format":"standard","meta":{"footnotes":""},"categories":[14,441],"tags":[112,431,427,421,629,475,135],"class_list":["post-5562","post","type-post","status-publish","format-standard","has-post-thumbnail","hentry","category-aktualnosci","category-klub","tag-gaj","tag-klub-seniora","tag-klub-seniora-gaj","tag-klub-seniora-na-gaju","tag-maj","tag-plan","tag-rada-osiedla-gaj"],"_links":{"self":[{"href":"https:\/\/online.tvk-gaj.pl\/index.php?rest_route=\/wp\/v2\/posts\/5562","targetHints":{"allow":["GET"]}}],"collection":[{"href":"https:\/\/online.tvk-gaj.pl\/index.php?rest_route=\/wp\/v2\/posts"}],"about":[{"href":"https:\/\/online.tvk-gaj.pl\/index.php?rest_route=\/wp\/v2\/types\/post"}],"author":[{"embeddable":true,"href":"https:\/\/online.tvk-gaj.pl\/index.php?rest_route=\/wp\/v2\/users\/1"}],"replies":[{"embeddable":true,"href":"https:\/\/online.tvk-gaj.pl\/index.php?rest_route=%2Fwp%2Fv2%2Fcomments&post=5562"}],"version-history":[{"count":4,"href":"https:\/\/online.tvk-gaj.pl\/index.php?rest_route=\/wp\/v2\/posts\/5562\/revisions"}],"predecessor-version":[{"id":5567,"href":"https:\/\/online.tvk-gaj.pl\/index.php?rest_route=\/wp\/v2\/posts\/5562\/revisions\/5567"}],"wp:featuredmedia":[{"embeddable":true,"href":"https:\/\/online.tvk-gaj.pl\/index.php?rest_route=\/wp\/v2\/media\/3981"}],"wp:attachment":[{"href":"https:\/\/online.tvk-gaj.pl\/index.php?rest_route=%2Fwp%2Fv2%2Fmedia&parent=5562"}],"wp:term":[{"taxonomy":"category","embeddable":true,"href":"https:\/\/online.tvk-gaj.pl\/index.php?rest_route=%2Fwp%2Fv2%2Fcategories&post=5562"},{"taxonomy":"post_tag","embeddable":true,"href":"https:\/\/online.tvk-gaj.pl\/index.php?rest_route=%2Fwp%2Fv2%2Ftags&post=5562"}],"curies":[{"name":"wp","href":"https:\/\/api.w.org\/{rel}","templated":true}]}}