{"id":5569,"date":"2016-04-26T20:09:04","date_gmt":"2016-04-26T18:09:04","guid":{"rendered":"http:\/\/www.tvk-gaj.pl\/~gajonline\/?p=5569"},"modified":"2016-04-27T15:55:53","modified_gmt":"2016-04-27T13:55:53","slug":"park-sloneczny-na-gaju-parkiem-europejskiej-stolicy-kultury-2016","status":"publish","type":"post","link":"https:\/\/online.tvk-gaj.pl\/?p=5569","title":{"rendered":"Na Gaju rusza scena Europejskiej Stolicy Kultury Wroc\u0142aw 2016!"},"content":{"rendered":"<p>Z pocz\u0105tkiem maja na terenie Parku S\u0142onecznego na Gaju stanie scena Europejskiej Stolicy Kultury Wroc\u0142aw 2016. W ramach inicjatywy \u201eParki Europejskiej Stolicy Kultury\u201d Gaj stanie si\u0119 jednym z 10 miejsc we Wroc\u0142awiu, gdzie od maja do pa\u017adziernika, w ka\u017cdy weekend, odbywa\u0107 si\u0119 b\u0119d\u0105 wydarzenia artystyczno-kulturalne, maj\u0105ce na celu promocj\u0119 idei ESK. Scena Parku ESK dost\u0119pna b\u0119dzie dla ka\u017cdego, kto b\u0119dzie chcia\u0142 wzbogaci\u0107 kulturowo pejza\u017c osiedla. Zatem zapraszamy wszystkie osoby z ciekaw\u0105 pasj\u0105 do zaprezentowania si\u0119 na scenie. Zapraszamy do lektury artyku\u0142u po\u015bwi\u0119conego projektowi ESK na Gaju oraz zg\u0142aszania swoich pomys\u0142\u00f3w na wykorzystanie sceny!<br \/>\n<!--more--><\/p>\n<p>&nbsp;<\/p>\n<p><a href=\"http:\/\/www.tvk-gaj.pl\/~gajonline\/wp-content\/uploads\/2016\/04\/plakat_Park-ESK-na-Gaju2.jpg\" rel=\"attachment wp-att-5570\"><img loading=\"lazy\" decoding=\"async\" class=\"aligncenter size-large wp-image-5570\" src=\"http:\/\/www.tvk-gaj.pl\/~gajonline\/wp-content\/uploads\/2016\/04\/plakat_Park-ESK-na-Gaju2-1024x682.jpg\" alt=\"plakat_Park ESK na Gaju2\" width=\"838\" height=\"558\" srcset=\"https:\/\/online.tvk-gaj.pl\/wp-content\/uploads\/2016\/04\/plakat_Park-ESK-na-Gaju2-1024x682.jpg 1024w, https:\/\/online.tvk-gaj.pl\/wp-content\/uploads\/2016\/04\/plakat_Park-ESK-na-Gaju2-300x200.jpg 300w, https:\/\/online.tvk-gaj.pl\/wp-content\/uploads\/2016\/04\/plakat_Park-ESK-na-Gaju2-768x512.jpg 768w, https:\/\/online.tvk-gaj.pl\/wp-content\/uploads\/2016\/04\/plakat_Park-ESK-na-Gaju2-321x214.jpg 321w, https:\/\/online.tvk-gaj.pl\/wp-content\/uploads\/2016\/04\/plakat_Park-ESK-na-Gaju2-140x94.jpg 140w\" sizes=\"auto, (max-width: 838px) 100vw, 838px\" \/><\/a><\/p>\n<p>&nbsp;<\/p>\n<h1>PARKI ESK<\/h1>\n<p>Z inicjatywy Wroc\u0142awskiego Centrum Rozwoju Spo\u0142ecznego oraz Europejskiej Stolicy Kultury Wroc\u0142aw 2016 powsta\u0142 projekt <strong>&#8222;Parki Europejskiej Stolicy Kultury Wroc\u0142aw 2016&#8221;<\/strong>.<\/p>\n<p>W <strong>dziesi\u0119ciu miejscach we Wroc\u0142awiu<\/strong> (w parkach, ziele\u0144cach i na skwerach) od maja do pa\u017adziernika pojawi\u0105 si\u0119\u00a0pawilony kultury, czyli plenerowe sceny, kt\u00f3re oddane zostan\u0105 w r\u0119ce mieszka\u0144c\u00f3w Wroc\u0142awia.<\/p>\n<p>&nbsp;<\/p>\n<p><a href=\"http:\/\/www.tvk-gaj.pl\/~gajonline\/wp-content\/uploads\/2016\/04\/PARKI-ESK_pawilon-kulturalny.jpg\" rel=\"attachment wp-att-5579\"><img loading=\"lazy\" decoding=\"async\" class=\"aligncenter size-full wp-image-5579\" src=\"http:\/\/www.tvk-gaj.pl\/~gajonline\/wp-content\/uploads\/2016\/04\/PARKI-ESK_pawilon-kulturalny.jpg\" alt=\"PARKI ESK_pawilon kulturalny\" width=\"630\" height=\"354\" srcset=\"https:\/\/online.tvk-gaj.pl\/wp-content\/uploads\/2016\/04\/PARKI-ESK_pawilon-kulturalny.jpg 630w, https:\/\/online.tvk-gaj.pl\/wp-content\/uploads\/2016\/04\/PARKI-ESK_pawilon-kulturalny-300x169.jpg 300w\" sizes=\"auto, (max-width: 630px) 100vw, 630px\" \/><\/a>Jednym z tych miejsc b\u0119dzie <strong>Park S\u0142oneczny na Gaju<\/strong>.<\/p>\n<p>Poza Gajem pawilony kultury stan\u0105 w parkach: Po\u0142udniowym, Grabiszy\u0144skim, Staszica, Zachodnim, To\u0142py, na Strachocinie, na Gaju, w Le\u015bnicy, na Kar\u0142owicach oraz na Wyspie Piaskowej.<\/p>\n<p>Ka\u017cdy z pawilon\u00f3w (scen) kultury \u00a0otwarty b\u0119dzie\u00a0<strong>we wszystkie weekendy (soboty i niedziele) od 30 kwietnia do 2 pa\u017adziernika<\/strong>. To mieszka\u0144cy osiedla, miasta,\u00a0s\u0105 gospodarzami pawilon\u00f3w kultury. To od nich zale\u017cy, czy miejsca te wype\u0142ni\u0105 si\u0119 spotkaniami, koncertami, wystawami, wyk\u0142adami, teatrami, b\u0119d\u0105 czytelni\u0105 pod chmurk\u0105 czy plenerowym miejscem do aktywnego sp\u0119dzania wolnego czasu.<\/p>\n<p><strong>To Wy wsp\u00f3\u0142decydujecie co odbywa\u0107 si\u0119 b\u0119dzie na scenie!<\/strong><\/p>\n<p>Warsztaty, prezentacje, wyk\u0142ady, koncerty, gry i zabawy, wsp\u00f3lne czytanie \u2013 to tylko niekt\u00f3re z\u00a0zesz\u0142orocznych wydarze\u0144 w pawilonach kultury. Organizatorzy licz\u0105, \u017ce w roku Europejskiej Stolicy Kultury wroc\u0142awianie i osoby odwiedzaj\u0105ce nasze miasto b\u0119d\u0105 podobnie zaanga\u017cowani i zaproponuj\u0105 ciekawe wydarzenia, kt\u00f3re odb\u0119d\u0105 si\u0119 w\u00a0plenerze.<\/p>\n<p>Funkcje, jakie b\u0119d\u0105 pe\u0142ni\u0107 sceny przypisz\u0105 sami mieszka\u0144cy i osoby odwiedzaj\u0105ce parki!<\/p>\n<p><strong>Z\u00a0ca\u0142ego wyposa\u017cenia korzysta\u0107 mo\u017cna bezp\u0142atnie, a oferowane wydarzenia s\u0105 darmowe dla publiczno\u015bci.<\/strong><\/p>\n<p>Wszystkie pawilony maj\u0105 swoich opiekun\u00f3w. Do nich mo\u017ce si\u0119 zg\u0142osi\u0107 ka\u017cdy, kto ma pomys\u0142 na zagospodarowanie pawilonu kultury oraz przestrzeni wok\u00f3\u0142.<\/p>\n<p><strong>Na Gaju za scen\u0119 w Parku S\u0142onecznym odpowiada Rada Osiedla Gaj we Wroc\u0142awiu.\u00a0\u00a0<\/strong><\/p>\n<p>&nbsp;<\/p>\n<p><strong>Wystarczy mail na adres: <a href=\"mailto:gaj@osiedle.wroc.pl\" target=\"_blank\">gaj@osiedle.wroc.pl<\/a> lub pytlarz@gaj,wroclaw,pl z kr\u00f3tkim opisem wyst\u0119pu i preferowanym terminem.<\/strong><\/p>\n<p>&nbsp;<\/p>\n<div><\/div>\n<div><\/div>\n<div><\/div>\n<div><\/div>\n<div><\/div>\n<p><center><iframe loading=\"lazy\" src=\"https:\/\/www.youtube.com\/embed\/NuxmgynEB1U\" width=\"560\" height=\"315\" frameborder=\"0\" allowfullscreen=\"allowfullscreen\"><\/iframe><\/center>&nbsp;<\/p>\n<p>&nbsp;<\/p>\n<h1>PARK ESK NA GAJU<\/h1>\n<p>&nbsp;<\/p>\n<p><a href=\"http:\/\/www.tvk-gaj.pl\/~gajonline\/wp-content\/uploads\/2016\/04\/plakat_kazdy-weekend.jpg\" rel=\"attachment wp-att-5651\"><img loading=\"lazy\" decoding=\"async\" class=\"aligncenter size-large wp-image-5651\" src=\"http:\/\/www.tvk-gaj.pl\/~gajonline\/wp-content\/uploads\/2016\/04\/plakat_kazdy-weekend-725x1024.jpg\" alt=\"plakat_kazdy weekend\" width=\"725\" height=\"1024\" srcset=\"https:\/\/online.tvk-gaj.pl\/wp-content\/uploads\/2016\/04\/plakat_kazdy-weekend-725x1024.jpg 725w, https:\/\/online.tvk-gaj.pl\/wp-content\/uploads\/2016\/04\/plakat_kazdy-weekend-212x300.jpg 212w, https:\/\/online.tvk-gaj.pl\/wp-content\/uploads\/2016\/04\/plakat_kazdy-weekend-768x1085.jpg 768w, https:\/\/online.tvk-gaj.pl\/wp-content\/uploads\/2016\/04\/plakat_kazdy-weekend.jpg 1062w\" sizes=\"auto, (max-width: 725px) 100vw, 725px\" \/><\/a><\/p>\n<p>&nbsp;<\/p>\n<p>Pawilon ESK na Gaju stanie w centralnej cz\u0119\u015bci Parku S\u0142onecznego. Park zlokalizowany jest na wroc\u0142awskim Gaju, pomi\u0119dzy ulicami Orzechow\u0105 i Krynick\u0105.<\/p>\n<p>&nbsp;<\/p>\n<p><a href=\"http:\/\/www.tvk-gaj.pl\/~gajonline\/wp-content\/uploads\/2016\/04\/parkslonecznynagaju.png\" rel=\"attachment wp-att-5601\"><img loading=\"lazy\" decoding=\"async\" class=\"aligncenter size-large wp-image-5601\" src=\"http:\/\/www.tvk-gaj.pl\/~gajonline\/wp-content\/uploads\/2016\/04\/parkslonecznynagaju-1024x582.png\" alt=\"parkslonecznynagaju\" width=\"838\" height=\"476\" srcset=\"https:\/\/online.tvk-gaj.pl\/wp-content\/uploads\/2016\/04\/parkslonecznynagaju-1024x582.png 1024w, https:\/\/online.tvk-gaj.pl\/wp-content\/uploads\/2016\/04\/parkslonecznynagaju-300x171.png 300w, https:\/\/online.tvk-gaj.pl\/wp-content\/uploads\/2016\/04\/parkslonecznynagaju-768x437.png 768w, https:\/\/online.tvk-gaj.pl\/wp-content\/uploads\/2016\/04\/parkslonecznynagaju.png 1389w\" sizes=\"auto, (max-width: 838px) 100vw, 838px\" \/><\/a><\/p>\n<p>&nbsp;<\/p>\n<p>Scena dzia\u0142a\u0107 b\u0119dzie we wszystkie weekendy od maja do pa\u017adziernika w godzinach 14-20. Za harmonogram jej dzia\u0142alno\u015bci odpowiedzialni b\u0119d\u0105 koordynatorzy sceny na Gaju oraz Rada Osiedla Gaj.<\/p>\n<p><strong>Dane koordynator\u00f3w:<\/strong><\/p>\n<p>&nbsp;<\/p>\n<p>Grzegorz Pytlarz, <span style=\"color: #000000;\"><a style=\"color: #000000;\" href=\"mailto:pytlarz@gaj.wroclaw.pl\">pytlarz@gaj.wroclaw.pl<\/a><\/span><br \/>\nWojtek Kurzyjamski\u00a0<a href=\"mailto:wkurzyjamski@tumw.pl\" target=\"_blank\"><span style=\"color: #000000;\">wkurzyjamski@tumw.<wbr \/>pl<\/span><br \/>\n<\/a>Anna Ga\u0142uszka\u00a0<span style=\"color: #000000;\"><a style=\"color: #000000;\" href=\"mailto:angaluszka@wp.pl\" target=\"_blank\">angaluszka@wp.pl<\/a><\/span><\/p>\n<p>&nbsp;<\/p>\n<p>&nbsp;<\/p>\n<h1>CO POWINNO SI\u0118 WIEDZIE\u0106 O PAWILONACH ESK?<\/h1>\n<p>&nbsp;<\/p>\n<p>Czym s\u0105 pawilony Europejskiej Stolicy Kultury?<br \/>\n<em>To plenerowe sceny uruchomione w ramach projektu Parki ESK Wroc\u0142aw 2016.<\/em><\/p>\n<p>Kiedy b\u0119d\u0105 czynne?<br \/>\n<em>Pawilony b<\/em><em>\u0119d\u0105 dzia\u0142a\u0107 w ka\u017cd\u0105 sobot\u0119 i niedziel\u0119 od 30 kwietnia do 2 pa\u017adziernika w godzinach 14-20.<\/em><\/p>\n<p>Gdzie pojawi\u0105 si\u0119 pawilony?<br \/>\n<em>Pawilony kultury stan\u0105 w parkach: Po\u0142udniowym, Grabiszy\u0144skim, Staszica, Zachodnim, To\u0142py, na Strachocinie, na Gaju, w Le\u015bnicy, na Kar\u0142owicach oraz na Wyspie Piaskowej.<\/em><\/p>\n<p>Jak wygl\u0105da pawilon ESK?<br \/>\n<em>Ka\u017cdy pawilon kultury wyposa\u017cony b\u0119dzie w plenerow\u0105 scen\u0119, nag\u0142o\u015bnienie, drobny sprz\u0119t sportowy oraz wygodne miejsca dla publiczno\u015bci i uczestnik\u00f3w spotka\u0144. <\/em><\/p>\n<p>Czy korzystanie ze scen jest p\u0142atne?<br \/>\n<em> Z ca\u0142ego wyposa\u017cenia korzysta\u0107 mo\u017cna bezp\u0142atnie, a oferowane wydarzenia s\u0105 darmowe dla publiczno\u015bci.<\/em><\/p>\n<p>&nbsp;<\/p>\n<p>&nbsp;<\/p>\n<h1>KONTAKT Z KOORDYNATOREM PAWILONU ESK NA GAJU<\/h1>\n<p><a href=\"http:\/\/www.tvk-gaj.pl\/~gajonline\/wp-content\/uploads\/2016\/04\/baner_parkiESK.jpg\" rel=\"attachment wp-att-5578\"><img loading=\"lazy\" decoding=\"async\" class=\"aligncenter size-full wp-image-5578\" src=\"http:\/\/www.tvk-gaj.pl\/~gajonline\/wp-content\/uploads\/2016\/04\/baner_parkiESK.jpg\" alt=\"baner_parkiESK\" width=\"630\" height=\"350\" srcset=\"https:\/\/online.tvk-gaj.pl\/wp-content\/uploads\/2016\/04\/baner_parkiESK.jpg 630w, https:\/\/online.tvk-gaj.pl\/wp-content\/uploads\/2016\/04\/baner_parkiESK-300x167.jpg 300w\" sizes=\"auto, (max-width: 630px) 100vw, 630px\" \/><\/a><\/p>\n<p>&nbsp;<\/p>\n<p>Parki miejskie przeznaczone s\u0105 dla wszystkich mieszka\u0144c\u00f3w, podobnie jest z pawilonami kultury \u2013 ka\u017cdy mo\u017ce z nich skorzysta\u0107. <strong>Wystarczy zg\u0142oszenie do odpowiedniego koordynatora \u201eParku ESK\u201d i ustalenie daty, godziny oraz tematyki:\u00a0<\/strong><\/p>\n<p>Koordynatorem (opiekunem) sceny Parku Europejskiej Stolicy Kultury na Gaju jest Rada Osiedla Gaj we Wroc\u0142awiu:<\/p>\n<p>Grzegorz Pytlarz, <span style=\"color: #000000;\"><a style=\"color: #000000;\" href=\"mailto:pytlarz@gaj.wroclaw.pl\">pytlarz@gaj.wroclaw.pl<\/a><\/span><br \/>\nWojtek Kurzyjamski\u00a0<a href=\"mailto:wkurzyjamski@tumw.pl\" target=\"_blank\"><span style=\"color: #000000;\">wkurzyjamski@tumw.<wbr \/>pl<\/span><br \/>\n<\/a>Anna Ga\u0142uszka\u00a0<span style=\"color: #000000;\"><a style=\"color: #000000;\" href=\"mailto:angaluszka@wp.pl\" target=\"_blank\">angaluszka@wp.pl<\/a><\/span><\/p>\n<p>&nbsp;<\/p>\n<p>Dane kontaktowe znajdziecie w zak\u0142adce <span style=\"color: #000000;\"><a style=\"color: #000000;\" href=\"http:\/\/www.tvk-gaj.pl\/~gajonline\/?page_id=182\">kontakt<\/a><\/span>.<\/p>\n<p>&nbsp;<\/p>\n<p>&nbsp;<\/p>\n<h1><strong>Galeria zdj\u0119\u0107 z zesz\u0142orocznej edycji Park\u00f3w ESK.<\/strong><\/h1>\n<p><img decoding=\"async\" class=\"ngg_displayed_gallery mceItem\" src=\"http:\/\/www.tvk-gaj.pl\/~gajonline\/index.php\/nextgen-attach_to_post\/preview\/id--5600\" alt=\"\" data-mce-placeholder=\"1\" \/><\/p>\n<p>&nbsp;<\/p>\n<p>&nbsp;<\/p>\n<p>&nbsp;<\/p>\n<p>&nbsp;<\/p>\n","protected":false},"excerpt":{"rendered":"<p>Z pocz\u0105tkiem maja na terenie Parku S\u0142onecznego na Gaju stanie scena Europejskiej Stolicy Kultury Wroc\u0142aw 2016. W ramach inicjatywy \u201eParki Europejskiej Stolicy Kultury\u201d Gaj stanie si\u0119 jednym z 10 miejsc we Wroc\u0142awiu, gdzie od maja do pa\u017adziernika, w ka\u017cdy weekend, odbywa\u0107 si\u0119 b\u0119d\u0105 wydarzenia artystyczno-kulturalne, maj\u0105ce na celu promocj\u0119 idei ESK. Scena Parku ESK dost\u0119pna [&hellip;]<\/p>\n","protected":false},"author":1,"featured_media":5570,"comment_status":"open","ping_status":"open","sticky":false,"template":"","format":"standard","meta":{"footnotes":""},"categories":[14,12,630],"tags":[632,633,631,112,166,128,135,634,636,635,165],"class_list":["post-5569","post","type-post","status-publish","format-standard","has-post-thumbnail","hentry","category-aktualnosci","category-artykuly","category-esk-2016","tag-esk","tag-esk-2016","tag-europejska-stolica-kultury-2016","tag-gaj","tag-osiedle-gaj","tag-park-sloneczny","tag-rada-osiedla-gaj","tag-scena","tag-scena-esk-na-gaju","tag-scena-na-gaju","tag-wroclaw"],"_links":{"self":[{"href":"https:\/\/online.tvk-gaj.pl\/index.php?rest_route=\/wp\/v2\/posts\/5569","targetHints":{"allow":["GET"]}}],"collection":[{"href":"https:\/\/online.tvk-gaj.pl\/index.php?rest_route=\/wp\/v2\/posts"}],"about":[{"href":"https:\/\/online.tvk-gaj.pl\/index.php?rest_route=\/wp\/v2\/types\/post"}],"author":[{"embeddable":true,"href":"https:\/\/online.tvk-gaj.pl\/index.php?rest_route=\/wp\/v2\/users\/1"}],"replies":[{"embeddable":true,"href":"https:\/\/online.tvk-gaj.pl\/index.php?rest_route=%2Fwp%2Fv2%2Fcomments&post=5569"}],"version-history":[{"count":10,"href":"https:\/\/online.tvk-gaj.pl\/index.php?rest_route=\/wp\/v2\/posts\/5569\/revisions"}],"predecessor-version":[{"id":5652,"href":"https:\/\/online.tvk-gaj.pl\/index.php?rest_route=\/wp\/v2\/posts\/5569\/revisions\/5652"}],"wp:featuredmedia":[{"embeddable":true,"href":"https:\/\/online.tvk-gaj.pl\/index.php?rest_route=\/wp\/v2\/media\/5570"}],"wp:attachment":[{"href":"https:\/\/online.tvk-gaj.pl\/index.php?rest_route=%2Fwp%2Fv2%2Fmedia&parent=5569"}],"wp:term":[{"taxonomy":"category","embeddable":true,"href":"https:\/\/online.tvk-gaj.pl\/index.php?rest_route=%2Fwp%2Fv2%2Fcategories&post=5569"},{"taxonomy":"post_tag","embeddable":true,"href":"https:\/\/online.tvk-gaj.pl\/index.php?rest_route=%2Fwp%2Fv2%2Ftags&post=5569"}],"curies":[{"name":"wp","href":"https:\/\/api.w.org\/{rel}","templated":true}]}}