{"id":5653,"date":"2016-04-29T21:51:16","date_gmt":"2016-04-29T19:51:16","guid":{"rendered":"http:\/\/www.tvk-gaj.pl\/~gajonline\/?p=5653"},"modified":"2016-04-30T10:05:50","modified_gmt":"2016-04-30T08:05:50","slug":"zapraszamy-na-uroczyste-otwarcie-pawilonu-kultury-esk-na-gaju","status":"publish","type":"post","link":"https:\/\/online.tvk-gaj.pl\/?p=5653","title":{"rendered":"Zapraszamy na uroczyste otwarcie pawilonu kultury ESK na Gaju!"},"content":{"rendered":"<p>Ju\u017c jutro w sobot\u0119, tj. 30 kwietnia, o godzinie 14, w Parku S\u0142onecznym na Gaju odb\u0119dzie si\u0119 inauguracja pawilonu kultury Europejskiej Stolicy Kultury Wroc\u0142aw 2016! Otwarcie pawilonu po\u0142\u0105czone b\u0119dzie z warsztatami artystycznymi oraz ma\u0142ym pokazem mody. Zapraszamy wszystkich mieszka\u0144c\u00f3w osiedla na wyj\u0105tkowy weekend\u00a0z kultur\u0105 i zabaw\u0105!<!--more--><\/p>\n<p>&nbsp;<\/p>\n<p><a href=\"http:\/\/www.tvk-gaj.pl\/~gajonline\/wp-content\/uploads\/2016\/04\/13092001_1131949236835936_1355242708501272409_n.jpg\" rel=\"attachment wp-att-5656\"><img loading=\"lazy\" decoding=\"async\" class=\"aligncenter size-full wp-image-5656\" src=\"http:\/\/www.tvk-gaj.pl\/~gajonline\/wp-content\/uploads\/2016\/04\/13092001_1131949236835936_1355242708501272409_n.jpg\" alt=\"13092001_1131949236835936_1355242708501272409_n\" width=\"500\" height=\"319\" srcset=\"https:\/\/online.tvk-gaj.pl\/wp-content\/uploads\/2016\/04\/13092001_1131949236835936_1355242708501272409_n.jpg 500w, https:\/\/online.tvk-gaj.pl\/wp-content\/uploads\/2016\/04\/13092001_1131949236835936_1355242708501272409_n-300x191.jpg 300w\" sizes=\"auto, (max-width: 500px) 100vw, 500px\" \/><\/a><\/p>\n<p>&nbsp;<\/p>\n<p><strong>Odkryj w sobie artyst\u0119! <\/strong><\/p>\n<p>Zapraszamy na warsztaty malowania toreb oraz pokaz mody papierowej w ramach inauguracji Pawilonu Kultury Wroc\u0142aw Europejsk\u0105 Stolic\u0105 Kultury 2016. Udzia\u0142 w warsztatach jest bezp\u0142atny &#x1f600;\u00a0Warsztaty odb\u0119d\u0105 si\u0119 w godzinach 15-18 w sobot\u0119 (30.04). Poprowadzi je Anna Ga\u0142uszka.<\/p>\n<p>&nbsp;<\/p>\n<p><a href=\"http:\/\/www.tvk-gaj.pl\/~gajonline\/wp-content\/uploads\/2016\/04\/2016-04-29-12.18.19.jpg\" rel=\"attachment wp-att-5654\"><img loading=\"lazy\" decoding=\"async\" class=\"aligncenter size-large wp-image-5654\" src=\"http:\/\/www.tvk-gaj.pl\/~gajonline\/wp-content\/uploads\/2016\/04\/2016-04-29-12.18.19-1024x768.jpg\" alt=\"2016-04-29 12.18.19\" width=\"838\" height=\"629\" srcset=\"https:\/\/online.tvk-gaj.pl\/wp-content\/uploads\/2016\/04\/2016-04-29-12.18.19-1024x768.jpg 1024w, https:\/\/online.tvk-gaj.pl\/wp-content\/uploads\/2016\/04\/2016-04-29-12.18.19-300x225.jpg 300w, https:\/\/online.tvk-gaj.pl\/wp-content\/uploads\/2016\/04\/2016-04-29-12.18.19-768x576.jpg 768w\" sizes=\"auto, (max-width: 838px) 100vw, 838px\" \/><\/a><\/p>\n<p>&nbsp;<\/p>\n<p>&nbsp;<\/p>\n<p><strong>\u015apiewaj z nami!<\/strong><\/p>\n<p>W niedziel\u0119 na scenie ESK poprowadzone b\u0119d\u0105 warsztaty muzyczne dla dzieci. Po\u0142\u0105czone b\u0119d\u0105 ze wsp\u00f3lnym \u015bpiewaniem. Muzyczna cz\u0119\u015b\u0107 drugiego dnia weekendu otwarcia odbywa\u0107 si\u0119 b\u0119dzie w godzinach 15-17. Poprowadzi je Olga \u0141agowska.<\/p>\n<p>&nbsp;<\/p>\n<p>&nbsp;<\/p>\n<p>Zapraszamy!<\/p>\n<p>&nbsp;<\/p>\n<p>&nbsp;<\/p>\n","protected":false},"excerpt":{"rendered":"<p>Ju\u017c jutro w sobot\u0119, tj. 30 kwietnia, o godzinie 14, w Parku S\u0142onecznym na Gaju odb\u0119dzie si\u0119 inauguracja pawilonu kultury Europejskiej Stolicy Kultury Wroc\u0142aw 2016! Otwarcie pawilonu po\u0142\u0105czone b\u0119dzie z warsztatami artystycznymi oraz ma\u0142ym pokazem mody. Zapraszamy wszystkich mieszka\u0144c\u00f3w osiedla na wyj\u0105tkowy weekend\u00a0z kultur\u0105 i zabaw\u0105!<\/p>\n","protected":false},"author":1,"featured_media":5654,"comment_status":"open","ping_status":"open","sticky":false,"template":"","format":"standard","meta":{"footnotes":""},"categories":[14,630],"tags":[639,632,633,638,112,352,128,640,292,634,165],"class_list":["post-5653","post","type-post","status-publish","format-standard","has-post-thumbnail","hentry","category-aktualnosci","category-esk-2016","tag-639","tag-esk","tag-esk-2016","tag-europejska-stolica-kultury","tag-gaj","tag-osiedle-2","tag-park-sloneczny","tag-pawilon","tag-rada-osiedla-2","tag-scena","tag-wroclaw"],"_links":{"self":[{"href":"https:\/\/online.tvk-gaj.pl\/index.php?rest_route=\/wp\/v2\/posts\/5653","targetHints":{"allow":["GET"]}}],"collection":[{"href":"https:\/\/online.tvk-gaj.pl\/index.php?rest_route=\/wp\/v2\/posts"}],"about":[{"href":"https:\/\/online.tvk-gaj.pl\/index.php?rest_route=\/wp\/v2\/types\/post"}],"author":[{"embeddable":true,"href":"https:\/\/online.tvk-gaj.pl\/index.php?rest_route=\/wp\/v2\/users\/1"}],"replies":[{"embeddable":true,"href":"https:\/\/online.tvk-gaj.pl\/index.php?rest_route=%2Fwp%2Fv2%2Fcomments&post=5653"}],"version-history":[{"count":4,"href":"https:\/\/online.tvk-gaj.pl\/index.php?rest_route=\/wp\/v2\/posts\/5653\/revisions"}],"predecessor-version":[{"id":5660,"href":"https:\/\/online.tvk-gaj.pl\/index.php?rest_route=\/wp\/v2\/posts\/5653\/revisions\/5660"}],"wp:featuredmedia":[{"embeddable":true,"href":"https:\/\/online.tvk-gaj.pl\/index.php?rest_route=\/wp\/v2\/media\/5654"}],"wp:attachment":[{"href":"https:\/\/online.tvk-gaj.pl\/index.php?rest_route=%2Fwp%2Fv2%2Fmedia&parent=5653"}],"wp:term":[{"taxonomy":"category","embeddable":true,"href":"https:\/\/online.tvk-gaj.pl\/index.php?rest_route=%2Fwp%2Fv2%2Fcategories&post=5653"},{"taxonomy":"post_tag","embeddable":true,"href":"https:\/\/online.tvk-gaj.pl\/index.php?rest_route=%2Fwp%2Fv2%2Ftags&post=5653"}],"curies":[{"name":"wp","href":"https:\/\/api.w.org\/{rel}","templated":true}]}}