{"id":566,"date":"2013-02-01T14:09:04","date_gmt":"2013-02-01T13:09:04","guid":{"rendered":"http:\/\/www.gaj-osiedle.wroclaw.pl\/?p=566"},"modified":"2013-02-01T14:10:53","modified_gmt":"2013-02-01T13:10:53","slug":"spotkanie-mops-w-radzie-osiedla","status":"publish","type":"post","link":"https:\/\/online.tvk-gaj.pl\/?p=566","title":{"rendered":"Spotkanie MOPS w Radzie Osiedla"},"content":{"rendered":"<p>W \u015brod\u0119, 6 lutego, odb\u0119dzie si\u0119 spotkanie z przedstawicielami Miejskiego O\u015brodka Pomocy Spo\u0142ecznej. <!--more-->Spotkanie, kt\u00f3re odb\u0119dzie si\u0119 w Radzie Osiedla Gaj, przy ul. Krynickiej 80 o godz. 16:30, dotyczy\u0107 ma &#8222;Trudnej m\u0142odzie\u017cy&#8221; i u\u015bwiadomi\u0107 rozwi\u0105zywanie problem\u00f3w opieku\u0144czo-wychowawczych z dzie\u0107mi i m\u0142odzie\u017c\u0105. Prelegentem b\u0119dzie kurator s\u0105dowy S\u0105du Rejonowego we Wroc\u0142awiu. \u00a0Zapraszamy na spotkanie.<\/p>\n","protected":false},"excerpt":{"rendered":"<p>W \u015brod\u0119, 6 lutego, odb\u0119dzie si\u0119 spotkanie z przedstawicielami Miejskiego O\u015brodka Pomocy Spo\u0142ecznej.<\/p>\n","protected":false},"author":1,"featured_media":491,"comment_status":"open","ping_status":"open","sticky":false,"template":"","format":"standard","meta":{"footnotes":""},"categories":[14],"tags":[31],"class_list":["post-566","post","type-post","status-publish","format-standard","has-post-thumbnail","hentry","category-aktualnosci","tag-mops-rada-osiedla-gaj"],"_links":{"self":[{"href":"https:\/\/online.tvk-gaj.pl\/index.php?rest_route=\/wp\/v2\/posts\/566","targetHints":{"allow":["GET"]}}],"collection":[{"href":"https:\/\/online.tvk-gaj.pl\/index.php?rest_route=\/wp\/v2\/posts"}],"about":[{"href":"https:\/\/online.tvk-gaj.pl\/index.php?rest_route=\/wp\/v2\/types\/post"}],"author":[{"embeddable":true,"href":"https:\/\/online.tvk-gaj.pl\/index.php?rest_route=\/wp\/v2\/users\/1"}],"replies":[{"embeddable":true,"href":"https:\/\/online.tvk-gaj.pl\/index.php?rest_route=%2Fwp%2Fv2%2Fcomments&post=566"}],"version-history":[{"count":3,"href":"https:\/\/online.tvk-gaj.pl\/index.php?rest_route=\/wp\/v2\/posts\/566\/revisions"}],"predecessor-version":[{"id":569,"href":"https:\/\/online.tvk-gaj.pl\/index.php?rest_route=\/wp\/v2\/posts\/566\/revisions\/569"}],"wp:featuredmedia":[{"embeddable":true,"href":"https:\/\/online.tvk-gaj.pl\/index.php?rest_route=\/wp\/v2\/media\/491"}],"wp:attachment":[{"href":"https:\/\/online.tvk-gaj.pl\/index.php?rest_route=%2Fwp%2Fv2%2Fmedia&parent=566"}],"wp:term":[{"taxonomy":"category","embeddable":true,"href":"https:\/\/online.tvk-gaj.pl\/index.php?rest_route=%2Fwp%2Fv2%2Fcategories&post=566"},{"taxonomy":"post_tag","embeddable":true,"href":"https:\/\/online.tvk-gaj.pl\/index.php?rest_route=%2Fwp%2Fv2%2Ftags&post=566"}],"curies":[{"name":"wp","href":"https:\/\/api.w.org\/{rel}","templated":true}]}}