{"id":5661,"date":"2016-05-03T23:01:32","date_gmt":"2016-05-03T21:01:32","guid":{"rendered":"http:\/\/www.tvk-gaj.pl\/~gajonline\/?p=5661"},"modified":"2016-05-05T09:33:19","modified_gmt":"2016-05-05T07:33:19","slug":"galeria-zdjec-z-weekendu-otwarcia-pawilonu-kultury-esk","status":"publish","type":"post","link":"https:\/\/online.tvk-gaj.pl\/?p=5661","title":{"rendered":"Galeria zdj\u0119\u0107 z weekendu otwarcia pawilonu kultury ESK"},"content":{"rendered":"<p>[<strong>Aktualizacja<\/strong> z 5.05.16: nowe zdj\u0119cia z drugiego dnia weekendu] W miniony weekend, tj. 30.04-1.05, wystartowa\u0142 pawilon kultury na Gaju. Przedsi\u0119wzi\u0119cie, zorganizowane w ramach Europejskiej Stolicy Kultury Wroc\u0142aw 2016, przyci\u0105gn\u0119\u0142o licznie mieszka\u0144c\u00f3w osiedla. Do ko\u0144ca wrze\u015bnia, w ka\u017cdy weekend w Parku S\u0142onecznym na Gaju, odbywa\u0107 si\u0119 b\u0119d\u0105 wydarzenia kulturalne, sportowe i spo\u0142eczne, maj\u0105ce na celu promowa\u0107 kultur\u0119 i idee spo\u0142ecze\u0144stwa obywatelskiego. Zapraszamy do fotorelacji z weekendu otwarcia pawilonu kultury na Gaju:)<!--more--><\/p>\n<p>&nbsp;<\/p>\n<p><a href=\"http:\/\/www.tvk-gaj.pl\/~gajonline\/wp-content\/uploads\/2016\/05\/42.jpg\"><img loading=\"lazy\" decoding=\"async\" class=\"aligncenter size-large wp-image-5695\" src=\"http:\/\/www.tvk-gaj.pl\/~gajonline\/wp-content\/uploads\/2016\/05\/42-1024x384.jpg\" alt=\"42\" width=\"838\" height=\"314\" srcset=\"https:\/\/online.tvk-gaj.pl\/wp-content\/uploads\/2016\/05\/42-1024x384.jpg 1024w, https:\/\/online.tvk-gaj.pl\/wp-content\/uploads\/2016\/05\/42-300x112.jpg 300w, https:\/\/online.tvk-gaj.pl\/wp-content\/uploads\/2016\/05\/42-768x288.jpg 768w\" sizes=\"auto, (max-width: 838px) 100vw, 838px\" \/><\/a><\/p>\n<p>&nbsp;<\/p>\n<p>Pierwszego dnia, przy \u015blicznej pogodzie i sporej frekwencji (zw\u0142aszcza ze strony m\u0142odszych mieszka\u0144c\u00f3w osiedla) otwarto scen\u0119 pawilonu kultury ESK. Na scenie pojawili si\u0119 koordynatorzy projektu (Grzegorz Pytlarz i Anna Ga\u0142uszka) oraz Radni Rady Osiedla Gaj.<\/p>\n<p>&nbsp;<\/p>\n<blockquote><p><center>\u00a0\u00a0<iframe loading=\"lazy\" src=\"https:\/\/www.youtube.com\/embed\/R0_rxhkqChw\" width=\"420\" height=\"315\" frameborder=\"0\" allowfullscreen=\"allowfullscreen\"><\/iframe><\/center><\/p><\/blockquote>\n<p style=\"text-align: center;\"><em>(Reporta\u017c przygotowany przez Media Brzmienie M: Ewa Witczy\u0144ska, koordynator MBM, naczelna.)<\/em><\/p>\n<p>&nbsp;<\/p>\n<p>G\u0142\u00f3wn\u0105 atrakcj\u0105 dnia by\u0142y warsztaty malowania toreb po\u0142\u0105czone z wystaw\u0105 prac.<\/p>\n<p>&nbsp;<\/p>\n<p><a href=\"http:\/\/www.tvk-gaj.pl\/~gajonline\/wp-content\/uploads\/2016\/05\/DSCN4238.jpg\"><img loading=\"lazy\" decoding=\"async\" class=\"aligncenter size-large wp-image-5733\" src=\"http:\/\/www.tvk-gaj.pl\/~gajonline\/wp-content\/uploads\/2016\/05\/DSCN4238-1024x768.jpg\" alt=\"DSCN4238\" width=\"838\" height=\"629\" srcset=\"https:\/\/online.tvk-gaj.pl\/wp-content\/uploads\/2016\/05\/DSCN4238-1024x768.jpg 1024w, https:\/\/online.tvk-gaj.pl\/wp-content\/uploads\/2016\/05\/DSCN4238-300x225.jpg 300w, https:\/\/online.tvk-gaj.pl\/wp-content\/uploads\/2016\/05\/DSCN4238-768x576.jpg 768w, https:\/\/online.tvk-gaj.pl\/wp-content\/uploads\/2016\/05\/DSCN4238.jpg 1200w\" sizes=\"auto, (max-width: 838px) 100vw, 838px\" \/><\/a><\/p>\n<p>&nbsp;<\/p>\n<p>W niedziel\u0119 za\u015b na scenie ESK odby\u0142y si\u0119 warsztaty muzyczne dla dzieci. \u00a0Nie zabrak\u0142o wsp\u00f3lnego \u015bpiewania i dobrej zabawy.<\/p>\n<p>&nbsp;<\/p>\n<p><a href=\"http:\/\/www.tvk-gaj.pl\/~gajonline\/wp-content\/uploads\/2016\/05\/DSCN4258.jpg\"><img loading=\"lazy\" decoding=\"async\" class=\"aligncenter size-large wp-image-5734\" src=\"http:\/\/www.tvk-gaj.pl\/~gajonline\/wp-content\/uploads\/2016\/05\/DSCN4258-1024x768.jpg\" alt=\"DSCN4258\" width=\"838\" height=\"629\" srcset=\"https:\/\/online.tvk-gaj.pl\/wp-content\/uploads\/2016\/05\/DSCN4258-1024x768.jpg 1024w, https:\/\/online.tvk-gaj.pl\/wp-content\/uploads\/2016\/05\/DSCN4258-300x225.jpg 300w, https:\/\/online.tvk-gaj.pl\/wp-content\/uploads\/2016\/05\/DSCN4258-768x576.jpg 768w, https:\/\/online.tvk-gaj.pl\/wp-content\/uploads\/2016\/05\/DSCN4258.jpg 1200w\" sizes=\"auto, (max-width: 838px) 100vw, 838px\" \/><\/a><\/p>\n<p>&nbsp;<\/p>\n<p>Wszystkim go\u015bciom dzi\u0119kujemy za wsp\u00f3ln\u0105 zabaw\u0119 oraz zapraszamy wszystkich na kolejny weekend z kultur\u0105 na osiedlu!<\/p>\n<p>&nbsp;<\/p>\n<p><a href=\"http:\/\/www.tvk-gaj.pl\/~gajonline\/wp-content\/uploads\/2016\/05\/DSCN4286.jpg\"><img loading=\"lazy\" decoding=\"async\" class=\"aligncenter size-large wp-image-5735\" src=\"http:\/\/www.tvk-gaj.pl\/~gajonline\/wp-content\/uploads\/2016\/05\/DSCN4286-1024x768.jpg\" alt=\"DSCN4286\" width=\"838\" height=\"629\" srcset=\"https:\/\/online.tvk-gaj.pl\/wp-content\/uploads\/2016\/05\/DSCN4286-1024x768.jpg 1024w, https:\/\/online.tvk-gaj.pl\/wp-content\/uploads\/2016\/05\/DSCN4286-300x225.jpg 300w, https:\/\/online.tvk-gaj.pl\/wp-content\/uploads\/2016\/05\/DSCN4286-768x576.jpg 768w, https:\/\/online.tvk-gaj.pl\/wp-content\/uploads\/2016\/05\/DSCN4286.jpg 1200w\" sizes=\"auto, (max-width: 838px) 100vw, 838px\" \/><\/a><\/p>\n<p>&nbsp;<\/p>\n<p>Wi\u0119cej informacji o programie na nadchodz\u0105cy weekend ju\u017c w najbli\u017cszy czwartek na naszej stronie oraz profilu na facebooku!<\/p>\n<p>&nbsp;<\/p>\n<p><a href=\"http:\/\/www.tvk-gaj.pl\/~gajonline\/wp-content\/uploads\/2016\/05\/DSCN4298.jpg\"><img loading=\"lazy\" decoding=\"async\" class=\"aligncenter size-large wp-image-5736\" src=\"http:\/\/www.tvk-gaj.pl\/~gajonline\/wp-content\/uploads\/2016\/05\/DSCN4298-1024x643.jpg\" alt=\"DSCN4298\" width=\"838\" height=\"526\" srcset=\"https:\/\/online.tvk-gaj.pl\/wp-content\/uploads\/2016\/05\/DSCN4298-1024x643.jpg 1024w, https:\/\/online.tvk-gaj.pl\/wp-content\/uploads\/2016\/05\/DSCN4298-300x189.jpg 300w, https:\/\/online.tvk-gaj.pl\/wp-content\/uploads\/2016\/05\/DSCN4298-768x483.jpg 768w, https:\/\/online.tvk-gaj.pl\/wp-content\/uploads\/2016\/05\/DSCN4298.jpg 1200w\" sizes=\"auto, (max-width: 838px) 100vw, 838px\" \/><\/a><\/p>\n<p>&nbsp;<\/p>\n<p>&nbsp;<\/p>\n<p><strong>NASZA FOTORELACJA\u00a0<\/strong><\/p>\n<p>&nbsp;<\/p>\n<p><img decoding=\"async\" class=\"ngg_displayed_gallery mceItem\" src=\"http:\/\/www.tvk-gaj.pl\/~gajonline\/index.php\/nextgen-attach_to_post\/preview\/id--5732\" data-mce-placeholder=\"1\" \/><\/p>\n<p>&nbsp;<\/p>\n<p>&nbsp;<\/p>\n","protected":false},"excerpt":{"rendered":"<p>[Aktualizacja z 5.05.16: nowe zdj\u0119cia z drugiego dnia weekendu] W miniony weekend, tj. 30.04-1.05, wystartowa\u0142 pawilon kultury na Gaju. Przedsi\u0119wzi\u0119cie, zorganizowane w ramach Europejskiej Stolicy Kultury Wroc\u0142aw 2016, przyci\u0105gn\u0119\u0142o licznie mieszka\u0144c\u00f3w osiedla. Do ko\u0144ca wrze\u015bnia, w ka\u017cdy weekend w Parku S\u0142onecznym na Gaju, odbywa\u0107 si\u0119 b\u0119d\u0105 wydarzenia kulturalne, sportowe i spo\u0142eczne, maj\u0105ce na celu promowa\u0107 [&hellip;]<\/p>\n","protected":false},"author":1,"featured_media":5695,"comment_status":"open","ping_status":"open","sticky":false,"template":"","format":"standard","meta":{"footnotes":""},"categories":[14,12],"tags":[632,641,642,643,494,128,640,645,135,634,644],"class_list":["post-5661","post","type-post","status-publish","format-standard","has-post-thumbnail","hentry","category-aktualnosci","category-artykuly","tag-esk","tag-esk-wroclaw-2016","tag-europejska-stolica-kultury-wroclaw-2016","tag-gaj-osiedle-gaj","tag-otwarcie","tag-park-sloneczny","tag-pawilon","tag-pawilon-esk","tag-rada-osiedla-gaj","tag-scena","tag-scena-eska"],"_links":{"self":[{"href":"https:\/\/online.tvk-gaj.pl\/index.php?rest_route=\/wp\/v2\/posts\/5661","targetHints":{"allow":["GET"]}}],"collection":[{"href":"https:\/\/online.tvk-gaj.pl\/index.php?rest_route=\/wp\/v2\/posts"}],"about":[{"href":"https:\/\/online.tvk-gaj.pl\/index.php?rest_route=\/wp\/v2\/types\/post"}],"author":[{"embeddable":true,"href":"https:\/\/online.tvk-gaj.pl\/index.php?rest_route=\/wp\/v2\/users\/1"}],"replies":[{"embeddable":true,"href":"https:\/\/online.tvk-gaj.pl\/index.php?rest_route=%2Fwp%2Fv2%2Fcomments&post=5661"}],"version-history":[{"count":8,"href":"https:\/\/online.tvk-gaj.pl\/index.php?rest_route=\/wp\/v2\/posts\/5661\/revisions"}],"predecessor-version":[{"id":5874,"href":"https:\/\/online.tvk-gaj.pl\/index.php?rest_route=\/wp\/v2\/posts\/5661\/revisions\/5874"}],"wp:featuredmedia":[{"embeddable":true,"href":"https:\/\/online.tvk-gaj.pl\/index.php?rest_route=\/wp\/v2\/media\/5695"}],"wp:attachment":[{"href":"https:\/\/online.tvk-gaj.pl\/index.php?rest_route=%2Fwp%2Fv2%2Fmedia&parent=5661"}],"wp:term":[{"taxonomy":"category","embeddable":true,"href":"https:\/\/online.tvk-gaj.pl\/index.php?rest_route=%2Fwp%2Fv2%2Fcategories&post=5661"},{"taxonomy":"post_tag","embeddable":true,"href":"https:\/\/online.tvk-gaj.pl\/index.php?rest_route=%2Fwp%2Fv2%2Ftags&post=5661"}],"curies":[{"name":"wp","href":"https:\/\/api.w.org\/{rel}","templated":true}]}}