{"id":571,"date":"2013-02-09T11:37:38","date_gmt":"2013-02-09T10:37:38","guid":{"rendered":"http:\/\/www.gaj-osiedle.wroclaw.pl\/?p=571"},"modified":"2013-02-09T11:48:28","modified_gmt":"2013-02-09T10:48:28","slug":"zapomniana-ulica-na-gaju","status":"publish","type":"post","link":"https:\/\/online.tvk-gaj.pl\/?p=571","title":{"rendered":"Zapomniana ulica na Gaju"},"content":{"rendered":"<p>W minionym tygodniu na \u0142amach serwisu NaszeMiasto.pl opublikowany zosta\u0142 list Czytelniczki, po\u015bwi\u0119cony zapomnianej ulicy \u017begiestowskiej. Za stron\u0105 wroclaw.naszemiasto.pl publikujemy list oraz przypominamy histori\u0119 ulicy \u017begiestowskiej na Gaju.<!--more--><\/p>\n<p>&nbsp;<\/p>\n<p>List czytelniczki Gazety Wroc\u0142awskiej:<\/p>\n<p><em>&#8222;<strong>Mieszkam przy ul. Orzechowej w pobli\u017cu ul. \u017begiestowskiej o kt\u00f3rej wszyscy zapomnieli. To co si\u0119 tam dzieje mo\u017cna nazwa\u0107 \u201crozpacz\u0105\u201d.<\/strong><\/em><\/p>\n<p><em>Mie\u015bci si\u0119 tam kilka zak\u0142ad\u00f3w us\u0142ugowych (np. wulkanizacja) i klub ze sk\u0142oszem. Jest to \u015blepa ulica, wi\u0119c nikt \u201cwa\u017cny\u201d ni\u0105 nie je\u017adzi. Nikt tam nie od\u015bnie\u017ca, nie sprz\u0105ta, nie kosi trawy, mimo tego, \u017ce mn\u00f3stwo ludzi tamt\u0119dy chodzi (droga z przystanku przy ul. Borowskiej na osiedle).\u00a0<\/em><\/p>\n<p><em>To co si\u0119 tam dzieje mo\u017cna nazwa\u0107 \u201crozpacz\u0105\u201d. Mn\u00f3stwo \u015bmieci i butelek po alkoholu (przewa\u017cnie po piwie). Wieczorami przesiaduj\u0105 w ciemnych miejscach r\u00f3\u017cni dziwni ludzie. Na obszarze 20m2 le\u017cy oko\u0142o 200 butelek.&#8221;<\/em><\/p>\n<p><a href=\"http:\/\/www.tvk-gaj.pl\/~gajonline\/wp-content\/uploads\/2013\/02\/5110e1581ec4e_o.jpg\"><img loading=\"lazy\" decoding=\"async\" class=\"alignnone size-medium wp-image-573\" alt=\"5110e1581ec4e_o\" src=\"http:\/\/www.tvk-gaj.pl\/~gajonline\/wp-content\/uploads\/2013\/02\/5110e1581ec4e_o-300x225.jpg\" width=\"300\" height=\"225\" srcset=\"https:\/\/online.tvk-gaj.pl\/wp-content\/uploads\/2013\/02\/5110e1581ec4e_o-300x225.jpg 300w, https:\/\/online.tvk-gaj.pl\/wp-content\/uploads\/2013\/02\/5110e1581ec4e_o-1024x768.jpg 1024w, https:\/\/online.tvk-gaj.pl\/wp-content\/uploads\/2013\/02\/5110e1581ec4e_o.jpg 1500w\" sizes=\"auto, (max-width: 300px) 100vw, 300px\" \/><\/a><\/p>\n<p>&nbsp;<\/p>\n<p><strong>Ulica \u017begiestowska<\/strong><\/p>\n<p><img loading=\"lazy\" decoding=\"async\" class=\"alignnone size-medium wp-image-572\" alt=\"13622\" src=\"http:\/\/www.tvk-gaj.pl\/~gajonline\/wp-content\/uploads\/2013\/02\/13622-300x225.jpg\" width=\"300\" height=\"225\" srcset=\"https:\/\/online.tvk-gaj.pl\/wp-content\/uploads\/2013\/02\/13622-300x225.jpg 300w, https:\/\/online.tvk-gaj.pl\/wp-content\/uploads\/2013\/02\/13622.jpg 800w\" sizes=\"auto, (max-width: 300px) 100vw, 300px\" \/><\/p>\n<p>&nbsp;<\/p>\n<p>Ulica znajduje si\u0119 w p\u00f3\u0142nocnej cz\u0119\u015bci osiedla, pomi\u0119dzy ulicami Orzechow\u0105, Armii Krajowej oraz Brzoskwiniow\u0105. Jest to jedna z najm\u0142odszych cz\u0119\u015bci osiedla. Przed wojn\u0105 ulica prowadzi\u0142a od obecnej ul. Borowskiej do ul. Orzechowej. Jej patronem by\u0142 tajny radca pa\u0144stwowy, burmistrz Wroc\u0142awia w latach 1893-1902 &#8211; Maximilian von Ysselstein.<\/p>\n<p>Obecn\u0105 nazw\u0119 wprowadzono po wojnie. W trakcie budowy osiedla Gaj zachodni odcinek ulicy zosta\u0142 skr\u00f3cony tak, \u017ce nie dochodzi ona dzi\u015b do ul. Borowskiej. Wschodni odcinek ulicy zosta\u0142 oddzielony blokiem zbudowanym wzd\u0142u\u017c ul. Orzechowej i pe\u0142ni dzi\u015b rol\u0119 drogi osiedlowej.<\/p>\n<p>&nbsp;<\/p>\n","protected":false},"excerpt":{"rendered":"<p>W minionym tygodniu na \u0142amach serwisu NaszeMiasto.pl opublikowany zosta\u0142 list Czytelniczki, po\u015bwi\u0119cony zapomnianej ulicy \u017begiestowskiej. Za stron\u0105 wroclaw.naszemiasto.pl publikujemy list oraz przypominamy histori\u0119 ulicy \u017begiestowskiej na Gaju.<\/p>\n","protected":false},"author":1,"featured_media":575,"comment_status":"open","ping_status":"open","sticky":false,"template":"","format":"standard","meta":{"footnotes":""},"categories":[14,12],"tags":[40],"class_list":["post-571","post","type-post","status-publish","format-standard","has-post-thumbnail","hentry","category-aktualnosci","category-artykuly","tag-gaj-zegiestowska"],"_links":{"self":[{"href":"https:\/\/online.tvk-gaj.pl\/index.php?rest_route=\/wp\/v2\/posts\/571","targetHints":{"allow":["GET"]}}],"collection":[{"href":"https:\/\/online.tvk-gaj.pl\/index.php?rest_route=\/wp\/v2\/posts"}],"about":[{"href":"https:\/\/online.tvk-gaj.pl\/index.php?rest_route=\/wp\/v2\/types\/post"}],"author":[{"embeddable":true,"href":"https:\/\/online.tvk-gaj.pl\/index.php?rest_route=\/wp\/v2\/users\/1"}],"replies":[{"embeddable":true,"href":"https:\/\/online.tvk-gaj.pl\/index.php?rest_route=%2Fwp%2Fv2%2Fcomments&post=571"}],"version-history":[{"count":6,"href":"https:\/\/online.tvk-gaj.pl\/index.php?rest_route=\/wp\/v2\/posts\/571\/revisions"}],"predecessor-version":[{"id":580,"href":"https:\/\/online.tvk-gaj.pl\/index.php?rest_route=\/wp\/v2\/posts\/571\/revisions\/580"}],"wp:featuredmedia":[{"embeddable":true,"href":"https:\/\/online.tvk-gaj.pl\/index.php?rest_route=\/wp\/v2\/media\/575"}],"wp:attachment":[{"href":"https:\/\/online.tvk-gaj.pl\/index.php?rest_route=%2Fwp%2Fv2%2Fmedia&parent=571"}],"wp:term":[{"taxonomy":"category","embeddable":true,"href":"https:\/\/online.tvk-gaj.pl\/index.php?rest_route=%2Fwp%2Fv2%2Fcategories&post=571"},{"taxonomy":"post_tag","embeddable":true,"href":"https:\/\/online.tvk-gaj.pl\/index.php?rest_route=%2Fwp%2Fv2%2Ftags&post=571"}],"curies":[{"name":"wp","href":"https:\/\/api.w.org\/{rel}","templated":true}]}}