{"id":586,"date":"2013-02-13T12:58:14","date_gmt":"2013-02-13T11:58:14","guid":{"rendered":"http:\/\/www.gaj-osiedle.wroclaw.pl\/?p=586"},"modified":"2013-02-13T14:00:37","modified_gmt":"2013-02-13T13:00:37","slug":"wkrotce-ruszy-budowa-przyladka-nadziei-przy-ul-borowskiej","status":"publish","type":"post","link":"https:\/\/online.tvk-gaj.pl\/?p=586","title":{"rendered":"Wkr\u00f3tce ruszy budowa Przyl\u0105dka Nadziei przy ul. Borowskiej"},"content":{"rendered":"<p>Ruszy budowa Kliniki Transplantacji Szpiku, Onkologii i Hematologii Dzieci\u0119cej &#8222;Przyl\u0105dek Nadziei&#8221;. Uniwersytet Medyczny we Wroc\u0142awiu og\u0142osi\u0142 w\u0142a\u015bnie przetarg na in\u017cyniera kontraktu, kt\u00f3ry poprowadzi budow\u0119 tej kliniki przy ul. Borowskiej. \u015arodki na inwestycj\u0119 s\u0105 ju\u017c zapewnione.<!--more--><\/p>\n<p>&nbsp;<\/p>\n<p>&nbsp;<\/p>\n<p>Pod koniec sierpnia ubieg\u0142ego roku Ministerstwo Zdrowia og\u0142osi\u0142o, \u017ce Uniwersytet Medyczny otrzyma na Przyl\u0105dek Nadziei 85 milion\u00f3w z\u0142otych z programu Unii Europejskiej. Resort ma przeznaczy\u0107 jeszcze dodatkowe 15 mln z\u0142.<\/p>\n<p>Na budow\u0119 i wyposa\u017cenie Przyl\u0105dka Nadziei potrzeba w sumie 116 milion\u00f3w z\u0142otych. Fundacja &#8222;Na ratunek dzieciom z chorob\u0105 nowotworow\u0105&#8221; przez dwa lata uzbiera\u0142a na ten cel ponad 10 milion\u00f3w z\u0142otych.<\/p>\n<p><strong>Zobacz spot promuj\u0105cy budow\u0119 Przyl\u0105dka Nadzei!<\/strong><\/p>\n<p><iframe loading=\"lazy\" src=\"\/\/player.vimeo.com\/video\/29375754\" width=\"640\" height=\"384\" frameborder=\"0\" title=\"Untitled\" webkitallowfullscreen mozallowfullscreen allowfullscreen><\/iframe><\/p>\n<p>&nbsp;<\/p>\n<p>Oferty na przetarg na in\u017cyniera kontraktu mo\u017cna sk\u0142ada\u0107 do\u00a021 marca, potem zostanie og\u0142oszony kolejny &#8211; ju\u017c na wykonawc\u0119 ca\u0142ego obiektu.<\/p>\n<p>By wspiera\u0107 t\u0119 inwestycj\u0119, organizowano koncerty, imprezy sportowe (np. mecz zawodniczek Impela Gwardii Wroc\u0142aw z przedstawicielami \u015bwiata polityki, sportu i biznesu, biegano w maratonach).<\/p>\n<p>Honorowym ambasadorem Przyl\u0105dka Nadziei zosta\u0142a podr\u00f3\u017cniczka i dziennikarka Martyna Wojciechowska. Po tegorocznych \u015bwi\u0119tach Bo\u017cego Narodzenia sp\u00f3\u0142ka Kogeneracja zbiera\u0142a i spala\u0142a choinki, a pieni\u0105dze z tej zielonej energii sz\u0142y na now\u0105 klinik\u0119 dla dzieci.<\/p>\n<p>Uniwersytet Medyczny uzyska\u0142 pozwolenie na budow\u0119. Pacjenci ze starej kliniki przy ul. Bujwida maj\u0105 trafi\u0107 do Przyl\u0105dka Nadziei przy ul. Borowskiej ju\u017c w 2015 roku.<\/p>\n<p>&#8211; B\u0119dziemy tam przyjmowali nie tylko pacjent\u00f3w z Dolnego \u015al\u0105ska, ale te\u017c Opolszczyzny i Lubuskiego &#8211; m\u00f3wi\u0142a szefowa kliniki prof. Alicja Chybicka.<\/p>\n<p><strong>Wizualizacje\u00a0<\/strong><\/p>\n\n\t\t<style type=\"text\/css\">\n\t\t\t#gallery-1 {\n\t\t\t\tmargin: auto;\n\t\t\t}\n\t\t\t#gallery-1 .gallery-item {\n\t\t\t\tfloat: left;\n\t\t\t\tmargin-top: 10px;\n\t\t\t\ttext-align: center;\n\t\t\t\twidth: 33%;\n\t\t\t}\n\t\t\t#gallery-1 img {\n\t\t\t\tborder: 2px solid #cfcfcf;\n\t\t\t}\n\t\t\t#gallery-1 .gallery-caption {\n\t\t\t\tmargin-left: 0;\n\t\t\t}\n\t\t\t\/* see gallery_shortcode() in wp-includes\/media.php *\/\n\t\t<\/style>\n\t\t<div id='gallery-1' class='gallery galleryid-586 gallery-columns-3 gallery-size-thumbnail'><dl class='gallery-item'>\n\t\t\t<dt class='gallery-icon landscape'>\n\t\t\t\t<a href='https:\/\/online.tvk-gaj.pl\/?attachment_id=592'><img loading=\"lazy\" decoding=\"async\" width=\"150\" height=\"150\" src=\"https:\/\/online.tvk-gaj.pl\/wp-content\/uploads\/2013\/02\/5119eaa449379_o-150x150.jpg\" class=\"attachment-thumbnail size-thumbnail\" alt=\"\" srcset=\"https:\/\/online.tvk-gaj.pl\/wp-content\/uploads\/2013\/02\/5119eaa449379_o-150x150.jpg 150w, https:\/\/online.tvk-gaj.pl\/wp-content\/uploads\/2013\/02\/5119eaa449379_o-160x160.jpg 160w, https:\/\/online.tvk-gaj.pl\/wp-content\/uploads\/2013\/02\/5119eaa449379_o-240x240.jpg 240w, https:\/\/online.tvk-gaj.pl\/wp-content\/uploads\/2013\/02\/5119eaa449379_o-60x60.jpg 60w, https:\/\/online.tvk-gaj.pl\/wp-content\/uploads\/2013\/02\/5119eaa449379_o-184x184.jpg 184w\" sizes=\"auto, (max-width: 150px) 100vw, 150px\" \/><\/a>\n\t\t\t<\/dt><\/dl><dl class='gallery-item'>\n\t\t\t<dt class='gallery-icon landscape'>\n\t\t\t\t<a href='https:\/\/online.tvk-gaj.pl\/?attachment_id=591'><img loading=\"lazy\" decoding=\"async\" width=\"150\" height=\"150\" src=\"https:\/\/online.tvk-gaj.pl\/wp-content\/uploads\/2013\/02\/5119eaa5f0a7b_o1-150x150.jpg\" class=\"attachment-thumbnail size-thumbnail\" alt=\"\" srcset=\"https:\/\/online.tvk-gaj.pl\/wp-content\/uploads\/2013\/02\/5119eaa5f0a7b_o1-150x150.jpg 150w, https:\/\/online.tvk-gaj.pl\/wp-content\/uploads\/2013\/02\/5119eaa5f0a7b_o1-160x160.jpg 160w, https:\/\/online.tvk-gaj.pl\/wp-content\/uploads\/2013\/02\/5119eaa5f0a7b_o1-240x240.jpg 240w, https:\/\/online.tvk-gaj.pl\/wp-content\/uploads\/2013\/02\/5119eaa5f0a7b_o1-60x60.jpg 60w, https:\/\/online.tvk-gaj.pl\/wp-content\/uploads\/2013\/02\/5119eaa5f0a7b_o1-184x184.jpg 184w\" sizes=\"auto, (max-width: 150px) 100vw, 150px\" \/><\/a>\n\t\t\t<\/dt><\/dl><dl class='gallery-item'>\n\t\t\t<dt class='gallery-icon landscape'>\n\t\t\t\t<a href='https:\/\/online.tvk-gaj.pl\/?attachment_id=590'><img loading=\"lazy\" decoding=\"async\" width=\"150\" height=\"150\" src=\"https:\/\/online.tvk-gaj.pl\/wp-content\/uploads\/2013\/02\/5119ea9fdac4f_o-150x150.jpg\" class=\"attachment-thumbnail size-thumbnail\" alt=\"\" srcset=\"https:\/\/online.tvk-gaj.pl\/wp-content\/uploads\/2013\/02\/5119ea9fdac4f_o-150x150.jpg 150w, https:\/\/online.tvk-gaj.pl\/wp-content\/uploads\/2013\/02\/5119ea9fdac4f_o-160x160.jpg 160w, https:\/\/online.tvk-gaj.pl\/wp-content\/uploads\/2013\/02\/5119ea9fdac4f_o-240x240.jpg 240w, https:\/\/online.tvk-gaj.pl\/wp-content\/uploads\/2013\/02\/5119ea9fdac4f_o-60x60.jpg 60w, https:\/\/online.tvk-gaj.pl\/wp-content\/uploads\/2013\/02\/5119ea9fdac4f_o-184x184.jpg 184w\" sizes=\"auto, (max-width: 150px) 100vw, 150px\" \/><\/a>\n\t\t\t<\/dt><\/dl><br style=\"clear: both\" \/><dl class='gallery-item'>\n\t\t\t<dt class='gallery-icon landscape'>\n\t\t\t\t<a href='https:\/\/online.tvk-gaj.pl\/?attachment_id=589'><img loading=\"lazy\" decoding=\"async\" width=\"150\" height=\"150\" src=\"https:\/\/online.tvk-gaj.pl\/wp-content\/uploads\/2013\/02\/5119ea9e2bab2_o-150x150.jpg\" class=\"attachment-thumbnail size-thumbnail\" alt=\"\" srcset=\"https:\/\/online.tvk-gaj.pl\/wp-content\/uploads\/2013\/02\/5119ea9e2bab2_o-150x150.jpg 150w, https:\/\/online.tvk-gaj.pl\/wp-content\/uploads\/2013\/02\/5119ea9e2bab2_o-300x300.jpg 300w, https:\/\/online.tvk-gaj.pl\/wp-content\/uploads\/2013\/02\/5119ea9e2bab2_o-160x160.jpg 160w, https:\/\/online.tvk-gaj.pl\/wp-content\/uploads\/2013\/02\/5119ea9e2bab2_o-240x240.jpg 240w, https:\/\/online.tvk-gaj.pl\/wp-content\/uploads\/2013\/02\/5119ea9e2bab2_o-60x60.jpg 60w, https:\/\/online.tvk-gaj.pl\/wp-content\/uploads\/2013\/02\/5119ea9e2bab2_o-184x184.jpg 184w, https:\/\/online.tvk-gaj.pl\/wp-content\/uploads\/2013\/02\/5119ea9e2bab2_o.jpg 580w\" sizes=\"auto, (max-width: 150px) 100vw, 150px\" \/><\/a>\n\t\t\t<\/dt><\/dl>\n\t\t\t<br style='clear: both' \/>\n\t\t<\/div>\n\n<p>&nbsp;<\/p>\n<p><strong>\u00a0<\/strong><\/p>\n<p>&nbsp;<\/p>\n<p>&nbsp;<\/p>\n<div class='et-box et-shadow'>\n\t\t\t\t\t<div class='et-box-content'>\u0179r\u00f3d\u0142o: www.naszemiasto.pl<\/p>\n<p>Autor: Magdalena Kozio\u0142<\/p>\n<p>Opublikowano: 2013-02-12<\/div><\/div>\n<p>&nbsp;<\/p>\n<p>&nbsp;<\/p>\n","protected":false},"excerpt":{"rendered":"<p>Ruszy budowa Kliniki Transplantacji Szpiku, Onkologii i Hematologii Dzieci\u0119cej &#8222;Przyl\u0105dek Nadziei&#8221;. Uniwersytet Medyczny we Wroc\u0142awiu og\u0142osi\u0142 w\u0142a\u015bnie przetarg na in\u017cyniera kontraktu, kt\u00f3ry poprowadzi budow\u0119 tej kliniki przy ul. Borowskiej. \u015arodki na inwestycj\u0119 s\u0105 ju\u017c zapewnione.<\/p>\n","protected":false},"author":1,"featured_media":612,"comment_status":"open","ping_status":"open","sticky":false,"template":"","format":"standard","meta":{"footnotes":""},"categories":[14,12],"tags":[41],"class_list":["post-586","post","type-post","status-publish","format-standard","has-post-thumbnail","hentry","category-aktualnosci","category-artykuly","tag-budowa-przyladek-nadziei-borowska"],"_links":{"self":[{"href":"https:\/\/online.tvk-gaj.pl\/index.php?rest_route=\/wp\/v2\/posts\/586","targetHints":{"allow":["GET"]}}],"collection":[{"href":"https:\/\/online.tvk-gaj.pl\/index.php?rest_route=\/wp\/v2\/posts"}],"about":[{"href":"https:\/\/online.tvk-gaj.pl\/index.php?rest_route=\/wp\/v2\/types\/post"}],"author":[{"embeddable":true,"href":"https:\/\/online.tvk-gaj.pl\/index.php?rest_route=\/wp\/v2\/users\/1"}],"replies":[{"embeddable":true,"href":"https:\/\/online.tvk-gaj.pl\/index.php?rest_route=%2Fwp%2Fv2%2Fcomments&post=586"}],"version-history":[{"count":16,"href":"https:\/\/online.tvk-gaj.pl\/index.php?rest_route=\/wp\/v2\/posts\/586\/revisions"}],"predecessor-version":[{"id":595,"href":"https:\/\/online.tvk-gaj.pl\/index.php?rest_route=\/wp\/v2\/posts\/586\/revisions\/595"}],"wp:featuredmedia":[{"embeddable":true,"href":"https:\/\/online.tvk-gaj.pl\/index.php?rest_route=\/wp\/v2\/media\/612"}],"wp:attachment":[{"href":"https:\/\/online.tvk-gaj.pl\/index.php?rest_route=%2Fwp%2Fv2%2Fmedia&parent=586"}],"wp:term":[{"taxonomy":"category","embeddable":true,"href":"https:\/\/online.tvk-gaj.pl\/index.php?rest_route=%2Fwp%2Fv2%2Fcategories&post=586"},{"taxonomy":"post_tag","embeddable":true,"href":"https:\/\/online.tvk-gaj.pl\/index.php?rest_route=%2Fwp%2Fv2%2Ftags&post=586"}],"curies":[{"name":"wp","href":"https:\/\/api.w.org\/{rel}","templated":true}]}}