{"id":5887,"date":"2016-05-05T15:35:05","date_gmt":"2016-05-05T13:35:05","guid":{"rendered":"http:\/\/www.tvk-gaj.pl\/~gajonline\/?p=5887"},"modified":"2016-05-05T15:35:54","modified_gmt":"2016-05-05T13:35:54","slug":"program-sceny-pawilonu-kultury-esk-na-gaju-na-weekend-7-8-maja","status":"publish","type":"post","link":"https:\/\/online.tvk-gaj.pl\/?p=5887","title":{"rendered":"Program sceny pawilonu kultury ESK na Gaju na weekend 7-8 maja"},"content":{"rendered":"<p>Serdecznie zapraszamy do odwiedzenia pawilonu ESK na Gaju w najbli\u017csz\u0105 sobot\u0119 i niedziel\u0119 (7-8 maja).<br \/>\nNajpierw zaplanowane mamy zaj\u0119cia sportowe dla najm\u0142odszych, wi\u0119c zapraszamy z dzie\u0107mi i wnukami (w godzinach 14:30-16:30), a nast\u0119pnie, o godzinie 17:00, wyst\u0119p b\u0119dzie mia\u0142 zesp\u00f3\u0142 TRAF. I na wyst\u0119p zespo\u0142u szczeg\u00f3lnie serdecznie zapraszamy! Gwarantujemy, \u017ce b\u0119dzie to mi\u0142o sp\u0119dzony czas:)<!--more--><\/p>\n<p>&nbsp;<\/p>\n<p><img loading=\"lazy\" decoding=\"async\" class=\"aligncenter size-large wp-image-5651\" src=\"http:\/\/www.tvk-gaj.pl\/~gajonline\/wp-content\/uploads\/2016\/04\/plakat_kazdy-weekend-725x1024.jpg\" alt=\"plakat_kazdy weekend\" width=\"725\" height=\"1024\" srcset=\"https:\/\/online.tvk-gaj.pl\/wp-content\/uploads\/2016\/04\/plakat_kazdy-weekend-725x1024.jpg 725w, https:\/\/online.tvk-gaj.pl\/wp-content\/uploads\/2016\/04\/plakat_kazdy-weekend-212x300.jpg 212w, https:\/\/online.tvk-gaj.pl\/wp-content\/uploads\/2016\/04\/plakat_kazdy-weekend-768x1085.jpg 768w, https:\/\/online.tvk-gaj.pl\/wp-content\/uploads\/2016\/04\/plakat_kazdy-weekend.jpg 1062w\" sizes=\"auto, (max-width: 725px) 100vw, 725px\" \/><br \/>\nNiedziala to za\u015b czas dla wypoczynku cia\u0142a! O 14 Klub Seniora na Gaju poprowadzi zaj\u0119cia z chin\u015bkiej gimnastyki Czikung. Zaj\u0119cia przeznaczone s\u0105 dla os\u00f3b w ka\u017cdym wieku i kondycji. Zapewniaj\u0105 relaks duszy i cia\u0142a!<br \/>\nO godz. 16 odb\u0119d\u0105 si\u0119 warsztaty dla dzieci. Pod okiem profesjonalnych animator\u00f3w najm\u0142odsi b\u0119d\u0105 mogli sprawdzi\u0107 swoje mo\u017cliwo\u015bci w projektowaniu mody.<\/p>\n<p>Dobra zabawa gwarantowana!<\/p>\n<p>&nbsp;<\/p>\n<p><a href=\"http:\/\/www.tvk-gaj.pl\/~gajonline\/wp-content\/uploads\/2016\/05\/42.jpg\"><img loading=\"lazy\" decoding=\"async\" class=\"aligncenter size-large wp-image-5695\" src=\"http:\/\/www.tvk-gaj.pl\/~gajonline\/wp-content\/uploads\/2016\/05\/42-1024x384.jpg\" alt=\"42\" width=\"838\" height=\"314\" srcset=\"https:\/\/online.tvk-gaj.pl\/wp-content\/uploads\/2016\/05\/42-1024x384.jpg 1024w, https:\/\/online.tvk-gaj.pl\/wp-content\/uploads\/2016\/05\/42-300x112.jpg 300w, https:\/\/online.tvk-gaj.pl\/wp-content\/uploads\/2016\/05\/42-768x288.jpg 768w\" sizes=\"auto, (max-width: 838px) 100vw, 838px\" \/><\/a><\/p>\n<p>&nbsp;<\/p>\n<p>Zabierzcie swoich m\u0119\u017c\u00f3w, \u017cony i dzieci, zapro\u015bcie s\u0105siad\u00f3w i znajomych i spotkajmy si\u0119 gremialnie w Parku S\u0142onecznym w sobot\u0119, 7 maja, o godz. 14:30 oraz w niedziel\u0119, 8 maja, o godz. 14:00!<\/p>\n<p>&nbsp;<\/p>\n<p><strong>PROGRAM WEEKENDU 7-8.05.2016<\/strong><\/p>\n<p><span style=\"text-decoration: underline;\">Sobota (7.05):<\/span><br \/>\n14:30-16:30 &#8211; Gaj na sportowo &#8211; zaj\u0119cia rekreacyjne z trenerem osiedlowym<br \/>\n17:00-18:30 &#8211; koncert zespo\u0142u TRAF (Wi\u0119cej o zespole: <a href=\"https:\/\/web.facebook.com\/TRAF-139284926095976\/timeline?ref=page_internal+%29&amp;_rdr\" target=\"_blank\">https:\/\/www.facebook.com\/TRAF-139284926095976\/timeline?ref=page_internal )<\/a><\/p>\n<p><span style=\"text-decoration: underline;\">Niedziela (8.05):<\/span><br \/>\n14:00-16:00 &#8211; Gimnastyka chi\u0144ska Czikung &#8211; zaprasza Klub Aktywnego Seniora na Gaju<br \/>\n16:00-18:00 &#8211; warsztaty dla dzieci &#8211; papierowy pokaz mody<\/p>\n<p>&nbsp;<\/p>\n<p>&nbsp;<\/p>\n<h1>KONTAKT Z KOORDYNATOREM PAWILONU ESK NA GAJU<\/h1>\n<p><a href=\"http:\/\/www.tvk-gaj.pl\/~gajonline\/wp-content\/uploads\/2016\/04\/baner_parkiESK.jpg\" rel=\"attachment wp-att-5578\"><img loading=\"lazy\" decoding=\"async\" class=\"aligncenter size-full wp-image-5578\" src=\"http:\/\/www.tvk-gaj.pl\/~gajonline\/wp-content\/uploads\/2016\/04\/baner_parkiESK.jpg\" alt=\"baner_parkiESK\" width=\"630\" height=\"350\" srcset=\"https:\/\/online.tvk-gaj.pl\/wp-content\/uploads\/2016\/04\/baner_parkiESK.jpg 630w, https:\/\/online.tvk-gaj.pl\/wp-content\/uploads\/2016\/04\/baner_parkiESK-300x167.jpg 300w\" sizes=\"auto, (max-width: 630px) 100vw, 630px\" \/><\/a><\/p>\n<p>Parki miejskie przeznaczone s\u0105 dla wszystkich mieszka\u0144c\u00f3w, podobnie jest z pawilonami kultury \u2013 ka\u017cdy mo\u017ce z nich skorzysta\u0107. <strong>Wystarczy zg\u0142oszenie do odpowiedniego koordynatora \u201eParku ESK\u201d i ustalenie daty, godziny oraz tematyki:\u00a0<\/strong><\/p>\n<p>Koordynatorem (opiekunem) sceny Parku Europejskiej Stolicy Kultury na Gaju jest Rada Osiedla Gaj we Wroc\u0142awiu:<\/p>\n<p>Grzegorz Pytlarz, <span style=\"color: #000000;\"><a style=\"color: #000000;\" href=\"mailto:pytlarz@gaj.wroclaw.pl\">pytlarz@gaj.wroclaw.pl<\/a><\/span><br \/>\nWojtek Kurzyjamski\u00a0<a href=\"mailto:wkurzyjamski@tumw.pl\" target=\"_blank\"><span style=\"color: #000000;\">wkurzyjamski@tumw.<wbr \/>pl<\/span><br \/>\n<\/a>Anna Ga\u0142uszka\u00a0<span style=\"color: #000000;\"><a style=\"color: #000000;\" href=\"mailto:angaluszka@wp.pl\" target=\"_blank\">angaluszka@wp.pl<\/a><\/span><\/p>\n<p>Dane kontaktowe znajdziecie w zak\u0142adce <span style=\"color: #000000;\"><a style=\"color: #000000;\" href=\"http:\/\/www.tvk-gaj.pl\/~gajonline\/?page_id=182\">kontakt<\/a>\u00a0na naszej stronie<\/span>.<\/p>\n<p>&nbsp;<\/p>\n<p>&nbsp;<\/p>\n","protected":false},"excerpt":{"rendered":"<p>Serdecznie zapraszamy do odwiedzenia pawilonu ESK na Gaju w najbli\u017csz\u0105 sobot\u0119 i niedziel\u0119 (7-8 maja). Najpierw zaplanowane mamy zaj\u0119cia sportowe dla najm\u0142odszych, wi\u0119c zapraszamy z dzie\u0107mi i wnukami (w godzinach 14:30-16:30), a nast\u0119pnie, o godzinie 17:00, wyst\u0119p b\u0119dzie mia\u0142 zesp\u00f3\u0142 TRAF. I na wyst\u0119p zespo\u0142u szczeg\u00f3lnie serdecznie zapraszamy! Gwarantujemy, \u017ce b\u0119dzie to mi\u0142o sp\u0119dzony czas:)<\/p>\n","protected":false},"author":1,"featured_media":5736,"comment_status":"open","ping_status":"open","sticky":false,"template":"","format":"standard","meta":{"footnotes":""},"categories":[14,630],"tags":[632,638,112,647,166,128,640,475,135,634,648,646],"class_list":["post-5887","post","type-post","status-publish","format-standard","has-post-thumbnail","hentry","category-aktualnosci","category-esk-2016","tag-esk","tag-europejska-stolica-kultury","tag-gaj","tag-kultura","tag-osiedle-gaj","tag-park-sloneczny","tag-pawilon","tag-plan","tag-rada-osiedla-gaj","tag-scena","tag-sport","tag-wroclaw-2016"],"_links":{"self":[{"href":"https:\/\/online.tvk-gaj.pl\/index.php?rest_route=\/wp\/v2\/posts\/5887","targetHints":{"allow":["GET"]}}],"collection":[{"href":"https:\/\/online.tvk-gaj.pl\/index.php?rest_route=\/wp\/v2\/posts"}],"about":[{"href":"https:\/\/online.tvk-gaj.pl\/index.php?rest_route=\/wp\/v2\/types\/post"}],"author":[{"embeddable":true,"href":"https:\/\/online.tvk-gaj.pl\/index.php?rest_route=\/wp\/v2\/users\/1"}],"replies":[{"embeddable":true,"href":"https:\/\/online.tvk-gaj.pl\/index.php?rest_route=%2Fwp%2Fv2%2Fcomments&post=5887"}],"version-history":[{"count":4,"href":"https:\/\/online.tvk-gaj.pl\/index.php?rest_route=\/wp\/v2\/posts\/5887\/revisions"}],"predecessor-version":[{"id":5891,"href":"https:\/\/online.tvk-gaj.pl\/index.php?rest_route=\/wp\/v2\/posts\/5887\/revisions\/5891"}],"wp:featuredmedia":[{"embeddable":true,"href":"https:\/\/online.tvk-gaj.pl\/index.php?rest_route=\/wp\/v2\/media\/5736"}],"wp:attachment":[{"href":"https:\/\/online.tvk-gaj.pl\/index.php?rest_route=%2Fwp%2Fv2%2Fmedia&parent=5887"}],"wp:term":[{"taxonomy":"category","embeddable":true,"href":"https:\/\/online.tvk-gaj.pl\/index.php?rest_route=%2Fwp%2Fv2%2Fcategories&post=5887"},{"taxonomy":"post_tag","embeddable":true,"href":"https:\/\/online.tvk-gaj.pl\/index.php?rest_route=%2Fwp%2Fv2%2Ftags&post=5887"}],"curies":[{"name":"wp","href":"https:\/\/api.w.org\/{rel}","templated":true}]}}