{"id":6010,"date":"2016-05-09T16:23:59","date_gmt":"2016-05-09T14:23:59","guid":{"rendered":"http:\/\/www.tvk-gaj.pl\/~gajonline\/?p=6010"},"modified":"2016-05-10T00:16:14","modified_gmt":"2016-05-09T22:16:14","slug":"relacja-z-weekendu-esk-na-gaju-7-8-maja","status":"publish","type":"post","link":"https:\/\/online.tvk-gaj.pl\/?p=6010","title":{"rendered":"Relacja z weekendu ESK na Gaju 7-8 maja"},"content":{"rendered":"<p>To ju\u017c drugi weekend z projektem plenerowej sceny Europejskiej Stolicy Kultury na Gaju! W minion\u0105 sobot\u0119 i niedziel\u0119 (7-8.05) w Parku S\u0142onecznym odby\u0142y si\u0119 m.in. warsztaty i zabawy dla dzieci, koncert rock&#8217;owy oraz wsp\u00f3lna plenerowa gimnastyka. Zach\u0119camy do obejrzenia naszej fotorelacji ze sceny ESK.<!--more--><\/p>\n<p>&nbsp;<\/p>\n<p><a href=\"http:\/\/www.tvk-gaj.pl\/~gajonline\/wp-content\/uploads\/2016\/05\/DSCN4521.jpg\"><img loading=\"lazy\" decoding=\"async\" class=\"aligncenter size-large wp-image-6013\" src=\"http:\/\/www.tvk-gaj.pl\/~gajonline\/wp-content\/uploads\/2016\/05\/DSCN4521-1024x603.jpg\" alt=\"DSCN4521\" width=\"838\" height=\"493\" srcset=\"https:\/\/online.tvk-gaj.pl\/wp-content\/uploads\/2016\/05\/DSCN4521-1024x603.jpg 1024w, https:\/\/online.tvk-gaj.pl\/wp-content\/uploads\/2016\/05\/DSCN4521-300x177.jpg 300w, https:\/\/online.tvk-gaj.pl\/wp-content\/uploads\/2016\/05\/DSCN4521-768x453.jpg 768w, https:\/\/online.tvk-gaj.pl\/wp-content\/uploads\/2016\/05\/DSCN4521.jpg 1500w\" sizes=\"auto, (max-width: 838px) 100vw, 838px\" \/><\/a><\/p>\n<p style=\"text-align: center;\"><strong>W drugi majowy weekend przy scenie ESK i pi\u0119knej pogodzie zgromadzi\u0142o si\u0119 wielu mieszka\u0144c\u00f3w osiedla ( w tym dzieci i m\u0142odzie\u017c)<\/strong><\/p>\n<p><a href=\"http:\/\/www.tvk-gaj.pl\/~gajonline\/wp-content\/uploads\/2016\/05\/DSCN4460.jpg\"><img loading=\"lazy\" decoding=\"async\" class=\"aligncenter size-large wp-image-6014\" src=\"http:\/\/www.tvk-gaj.pl\/~gajonline\/wp-content\/uploads\/2016\/05\/DSCN4460-1024x768.jpg\" alt=\"DSCN4460\" width=\"838\" height=\"629\" srcset=\"https:\/\/online.tvk-gaj.pl\/wp-content\/uploads\/2016\/05\/DSCN4460-1024x768.jpg 1024w, https:\/\/online.tvk-gaj.pl\/wp-content\/uploads\/2016\/05\/DSCN4460-300x225.jpg 300w, https:\/\/online.tvk-gaj.pl\/wp-content\/uploads\/2016\/05\/DSCN4460-768x576.jpg 768w, https:\/\/online.tvk-gaj.pl\/wp-content\/uploads\/2016\/05\/DSCN4460.jpg 1500w\" sizes=\"auto, (max-width: 838px) 100vw, 838px\" \/><\/a><\/p>\n<p style=\"text-align: center;\"><strong>Jedn\u0105 z atrakcji by\u0142y zaj\u0119cia z Trenerem Osiedlowym &#8211; przeci\u0105ganie liny, gra w badmintona&#8230;<\/strong><\/p>\n<p><a href=\"http:\/\/www.tvk-gaj.pl\/~gajonline\/wp-content\/uploads\/2016\/05\/DSCN4539.jpg\"><img loading=\"lazy\" decoding=\"async\" class=\"aligncenter size-large wp-image-6015\" src=\"http:\/\/www.tvk-gaj.pl\/~gajonline\/wp-content\/uploads\/2016\/05\/DSCN4539-1024x768.jpg\" alt=\"DSCN4539\" width=\"838\" height=\"629\" srcset=\"https:\/\/online.tvk-gaj.pl\/wp-content\/uploads\/2016\/05\/DSCN4539-1024x768.jpg 1024w, https:\/\/online.tvk-gaj.pl\/wp-content\/uploads\/2016\/05\/DSCN4539-300x225.jpg 300w, https:\/\/online.tvk-gaj.pl\/wp-content\/uploads\/2016\/05\/DSCN4539-768x576.jpg 768w, https:\/\/online.tvk-gaj.pl\/wp-content\/uploads\/2016\/05\/DSCN4539.jpg 1500w\" sizes=\"auto, (max-width: 838px) 100vw, 838px\" \/><\/a><\/p>\n<p style=\"text-align: center;\"><strong>oraz konkurencje sprawno\u015bciowe;)<\/strong><\/p>\n<p><a href=\"http:\/\/www.tvk-gaj.pl\/~gajonline\/wp-content\/uploads\/2016\/05\/DSCN4489.jpg\"><img loading=\"lazy\" decoding=\"async\" class=\"aligncenter size-large wp-image-6016\" src=\"http:\/\/www.tvk-gaj.pl\/~gajonline\/wp-content\/uploads\/2016\/05\/DSCN4489-1024x768.jpg\" alt=\"DSCN4489\" width=\"838\" height=\"629\" srcset=\"https:\/\/online.tvk-gaj.pl\/wp-content\/uploads\/2016\/05\/DSCN4489-1024x768.jpg 1024w, https:\/\/online.tvk-gaj.pl\/wp-content\/uploads\/2016\/05\/DSCN4489-300x225.jpg 300w, https:\/\/online.tvk-gaj.pl\/wp-content\/uploads\/2016\/05\/DSCN4489-768x576.jpg 768w, https:\/\/online.tvk-gaj.pl\/wp-content\/uploads\/2016\/05\/DSCN4489.jpg 1500w\" sizes=\"auto, (max-width: 838px) 100vw, 838px\" \/><\/a><\/p>\n<p style=\"text-align: center;\"><strong>Ogromn\u0105 atrakcj\u0105 dla najm\u0142odszych by\u0142y warsztaty artystyczne&#8230;<\/strong><\/p>\n<p><a href=\"http:\/\/www.tvk-gaj.pl\/~gajonline\/wp-content\/uploads\/2016\/05\/DSCN4498.jpg\"><img loading=\"lazy\" decoding=\"async\" class=\"aligncenter size-large wp-image-6017\" src=\"http:\/\/www.tvk-gaj.pl\/~gajonline\/wp-content\/uploads\/2016\/05\/DSCN4498-1024x768.jpg\" alt=\"DSCN4498\" width=\"838\" height=\"629\" srcset=\"https:\/\/online.tvk-gaj.pl\/wp-content\/uploads\/2016\/05\/DSCN4498-1024x768.jpg 1024w, https:\/\/online.tvk-gaj.pl\/wp-content\/uploads\/2016\/05\/DSCN4498-300x225.jpg 300w, https:\/\/online.tvk-gaj.pl\/wp-content\/uploads\/2016\/05\/DSCN4498-768x576.jpg 768w, https:\/\/online.tvk-gaj.pl\/wp-content\/uploads\/2016\/05\/DSCN4498.jpg 1500w\" sizes=\"auto, (max-width: 838px) 100vw, 838px\" \/><\/a><\/p>\n<p style=\"text-align: center;\"><strong>oraz s\u0142odko\u015bci;)<\/strong><\/p>\n<p style=\"text-align: center;\"><img loading=\"lazy\" decoding=\"async\" class=\"aligncenter size-large wp-image-6024\" src=\"http:\/\/www.tvk-gaj.pl\/~gajonline\/wp-content\/uploads\/2016\/05\/wcrs2-1024x577.jpg\" alt=\"wcrs2\" width=\"838\" height=\"472\" srcset=\"https:\/\/online.tvk-gaj.pl\/wp-content\/uploads\/2016\/05\/wcrs2-1024x577.jpg 1024w, https:\/\/online.tvk-gaj.pl\/wp-content\/uploads\/2016\/05\/wcrs2-300x169.jpg 300w, https:\/\/online.tvk-gaj.pl\/wp-content\/uploads\/2016\/05\/wcrs2-768x433.jpg 768w\" sizes=\"auto, (max-width: 838px) 100vw, 838px\" \/><\/p>\n<p style=\"text-align: center;\"><strong>R\u00f3wnie\u017c warsztaty mody wywo\u0142a\u0142y liczne u\u015bmiechy na twarzach bior\u0105cych w nich udzia\u0142 dzieci!<\/strong><\/p>\n<p><a href=\"http:\/\/www.tvk-gaj.pl\/~gajonline\/wp-content\/uploads\/2016\/05\/DSCN4518.jpg\"><img loading=\"lazy\" decoding=\"async\" class=\"aligncenter size-large wp-image-6018\" src=\"http:\/\/www.tvk-gaj.pl\/~gajonline\/wp-content\/uploads\/2016\/05\/DSCN4518-1024x768.jpg\" alt=\"DSCN4518\" width=\"838\" height=\"629\" srcset=\"https:\/\/online.tvk-gaj.pl\/wp-content\/uploads\/2016\/05\/DSCN4518-1024x768.jpg 1024w, https:\/\/online.tvk-gaj.pl\/wp-content\/uploads\/2016\/05\/DSCN4518-300x225.jpg 300w, https:\/\/online.tvk-gaj.pl\/wp-content\/uploads\/2016\/05\/DSCN4518-768x576.jpg 768w, https:\/\/online.tvk-gaj.pl\/wp-content\/uploads\/2016\/05\/DSCN4518.jpg 1500w\" sizes=\"auto, (max-width: 838px) 100vw, 838px\" \/><\/a><\/p>\n<p style=\"text-align: center;\"><strong>G\u0142\u00f3wn\u0105 atrakcj\u0105 weekendu by\u0142 sobotni koncert zespo\u0142u &#8222;Traf&#8221;<\/strong><\/p>\n<p><a href=\"http:\/\/www.tvk-gaj.pl\/~gajonline\/wp-content\/uploads\/2016\/05\/DSCN4528.jpg\"><img loading=\"lazy\" decoding=\"async\" class=\"aligncenter size-large wp-image-6019\" src=\"http:\/\/www.tvk-gaj.pl\/~gajonline\/wp-content\/uploads\/2016\/05\/DSCN4528-768x1024.jpg\" alt=\"DSCN4528\" width=\"768\" height=\"1024\" srcset=\"https:\/\/online.tvk-gaj.pl\/wp-content\/uploads\/2016\/05\/DSCN4528-768x1024.jpg 768w, https:\/\/online.tvk-gaj.pl\/wp-content\/uploads\/2016\/05\/DSCN4528-225x300.jpg 225w, https:\/\/online.tvk-gaj.pl\/wp-content\/uploads\/2016\/05\/DSCN4528.jpg 1125w\" sizes=\"auto, (max-width: 768px) 100vw, 768px\" \/><\/a><\/p>\n<p style=\"text-align: center;\"><strong>Rock&#8217;owe brzmienia przyci\u0105gn\u0119\u0142y liczn\u0105 publiczno\u015b\u0107. To by\u0142 bardzo udany koncert!<\/strong><\/p>\n<p><a href=\"http:\/\/www.tvk-gaj.pl\/~gajonline\/wp-content\/uploads\/2016\/05\/wcrs.jpg\"><img loading=\"lazy\" decoding=\"async\" class=\"aligncenter size-large wp-image-6023\" src=\"http:\/\/www.tvk-gaj.pl\/~gajonline\/wp-content\/uploads\/2016\/05\/wcrs-1024x577.jpg\" alt=\"wcrs\" width=\"838\" height=\"472\" srcset=\"https:\/\/online.tvk-gaj.pl\/wp-content\/uploads\/2016\/05\/wcrs-1024x577.jpg 1024w, https:\/\/online.tvk-gaj.pl\/wp-content\/uploads\/2016\/05\/wcrs-300x169.jpg 300w, https:\/\/online.tvk-gaj.pl\/wp-content\/uploads\/2016\/05\/wcrs-768x433.jpg 768w\" sizes=\"auto, (max-width: 838px) 100vw, 838px\" \/><\/a><\/p>\n<p style=\"text-align: center;\"><strong>Troch\u0119 na drugim biegunie wra\u017ce\u0144 znajdowa\u0142a si\u0119 niedzielna gimnastyka\u00a0<\/strong><\/p>\n<p>&nbsp;<\/p>\n<p>&nbsp;<\/p>\n<p>Serdeczni dzi\u0119kujemy wszystkim za wsp\u00f3ln\u0105, dobr\u0105 zabaw\u0119 oraz zapraszamy w przysz\u0142y weekend! Szczeg\u00f3\u0142owy plan na kolejny weekend pojawi si\u0119 jak co czwartek na naszej stronie.<\/p>\n<p>Zach\u0119camy r\u00f3wnie\u017c do \u015bledzenia nas na Facebooku pod adresem www.facebook.com\/osiedlegaj<\/p>\n<p>&nbsp;<\/p>\n<p>&nbsp;<\/p>\n<p><strong>PE\u0141NA GALERIA ZDJ\u0118\u0106 Z WEEKENDU 7-8 MAJA<\/strong><\/p>\n<p><img decoding=\"async\" class=\"ngg_displayed_gallery mceItem\" src=\"http:\/\/www.tvk-gaj.pl\/~gajonline\/index.php\/nextgen-attach_to_post\/preview\/id--6012\" data-mce-placeholder=\"1\" \/><\/p>\n<p>&nbsp;<\/p>\n<p>&nbsp;<\/p>\n<p>&nbsp;<\/p>\n<p>&nbsp;<\/p>\n","protected":false},"excerpt":{"rendered":"<p>To ju\u017c drugi weekend z projektem plenerowej sceny Europejskiej Stolicy Kultury na Gaju! W minion\u0105 sobot\u0119 i niedziel\u0119 (7-8.05) w Parku S\u0142onecznym odby\u0142y si\u0119 m.in. warsztaty i zabawy dla dzieci, koncert rock&#8217;owy oraz wsp\u00f3lna plenerowa gimnastyka. Zach\u0119camy do obejrzenia naszej fotorelacji ze sceny ESK.<\/p>\n","protected":false},"author":1,"featured_media":6011,"comment_status":"open","ping_status":"open","sticky":false,"template":"","format":"standard","meta":{"footnotes":""},"categories":[14,630],"tags":[400,632,638,112,651,647,166,128,640,135,294,634,649,165,646,331,650,652],"class_list":["post-6010","post","type-post","status-publish","format-standard","has-post-thumbnail","hentry","category-aktualnosci","category-esk-2016","tag-dzieci","tag-esk","tag-europejska-stolica-kultury","tag-gaj","tag-galeria","tag-kultura","tag-osiedle-gaj","tag-park-sloneczny","tag-pawilon","tag-rada-osiedla-gaj","tag-relacja","tag-scena","tag-scena-esk","tag-wroclaw","tag-wroclaw-2016","tag-zabawa","tag-zdjecia","tag-zespol"],"_links":{"self":[{"href":"https:\/\/online.tvk-gaj.pl\/index.php?rest_route=\/wp\/v2\/posts\/6010","targetHints":{"allow":["GET"]}}],"collection":[{"href":"https:\/\/online.tvk-gaj.pl\/index.php?rest_route=\/wp\/v2\/posts"}],"about":[{"href":"https:\/\/online.tvk-gaj.pl\/index.php?rest_route=\/wp\/v2\/types\/post"}],"author":[{"embeddable":true,"href":"https:\/\/online.tvk-gaj.pl\/index.php?rest_route=\/wp\/v2\/users\/1"}],"replies":[{"embeddable":true,"href":"https:\/\/online.tvk-gaj.pl\/index.php?rest_route=%2Fwp%2Fv2%2Fcomments&post=6010"}],"version-history":[{"count":5,"href":"https:\/\/online.tvk-gaj.pl\/index.php?rest_route=\/wp\/v2\/posts\/6010\/revisions"}],"predecessor-version":[{"id":6028,"href":"https:\/\/online.tvk-gaj.pl\/index.php?rest_route=\/wp\/v2\/posts\/6010\/revisions\/6028"}],"wp:featuredmedia":[{"embeddable":true,"href":"https:\/\/online.tvk-gaj.pl\/index.php?rest_route=\/wp\/v2\/media\/6011"}],"wp:attachment":[{"href":"https:\/\/online.tvk-gaj.pl\/index.php?rest_route=%2Fwp%2Fv2%2Fmedia&parent=6010"}],"wp:term":[{"taxonomy":"category","embeddable":true,"href":"https:\/\/online.tvk-gaj.pl\/index.php?rest_route=%2Fwp%2Fv2%2Fcategories&post=6010"},{"taxonomy":"post_tag","embeddable":true,"href":"https:\/\/online.tvk-gaj.pl\/index.php?rest_route=%2Fwp%2Fv2%2Ftags&post=6010"}],"curies":[{"name":"wp","href":"https:\/\/api.w.org\/{rel}","templated":true}]}}