{"id":6079,"date":"2016-05-17T15:38:23","date_gmt":"2016-05-17T13:38:23","guid":{"rendered":"http:\/\/www.tvk-gaj.pl\/~gajonline\/?p=6079"},"modified":"2016-05-17T15:38:23","modified_gmt":"2016-05-17T13:38:23","slug":"relacja-z-weekendu-esk-na-gaju-14-15-maja","status":"publish","type":"post","link":"https:\/\/online.tvk-gaj.pl\/?p=6079","title":{"rendered":"Relacja z weekendu ESK na Gaju 14-15 maja"},"content":{"rendered":"<p>Zapraszamy do zapoznania si\u0119 z galeri\u0105 zdj\u0119\u0107 z weekendu 14-15 maja na plenerowej scenie Europejskiej Stolicy Kultury Wroc\u0142aw 2016 na Gaju!\u00a0<!--more--><\/p>\n<p>Kolejny weekend z plenerow\u0105 scen\u0105 ESK na Gaju za nami!\u00a0I tym razem sporo si\u0119 dzia\u0142o! By\u0142o sporo muzyki i sporo zabawy!<\/p>\n<p><a href=\"http:\/\/www.tvk-gaj.pl\/~gajonline\/wp-content\/uploads\/2016\/05\/DSCN4882.jpg\"><img loading=\"lazy\" decoding=\"async\" class=\"aligncenter size-large wp-image-6103\" src=\"http:\/\/www.tvk-gaj.pl\/~gajonline\/wp-content\/uploads\/2016\/05\/DSCN4882-1024x701.jpg\" alt=\"DSCN4882\" width=\"838\" height=\"574\" srcset=\"https:\/\/online.tvk-gaj.pl\/wp-content\/uploads\/2016\/05\/DSCN4882-1024x701.jpg 1024w, https:\/\/online.tvk-gaj.pl\/wp-content\/uploads\/2016\/05\/DSCN4882-300x206.jpg 300w, https:\/\/online.tvk-gaj.pl\/wp-content\/uploads\/2016\/05\/DSCN4882-768x526.jpg 768w, https:\/\/online.tvk-gaj.pl\/wp-content\/uploads\/2016\/05\/DSCN4882.jpg 1200w\" sizes=\"auto, (max-width: 838px) 100vw, 838px\" \/><\/a><\/p>\n<p>&nbsp;<\/p>\n<p>W sobot\u0119 w godzinach 16:00-17:00 wyst\u0105pi\u0142 Jan Baster z koncertem muzyki country.<\/p>\n<p>&nbsp;<\/p>\n<p><a href=\"http:\/\/www.tvk-gaj.pl\/~gajonline\/wp-content\/uploads\/2016\/05\/DSCN4866.jpg\"><img loading=\"lazy\" decoding=\"async\" class=\"aligncenter size-large wp-image-6104\" src=\"http:\/\/www.tvk-gaj.pl\/~gajonline\/wp-content\/uploads\/2016\/05\/DSCN4866-1024x768.jpg\" alt=\"DSCN4866\" width=\"838\" height=\"629\" srcset=\"https:\/\/online.tvk-gaj.pl\/wp-content\/uploads\/2016\/05\/DSCN4866-1024x768.jpg 1024w, https:\/\/online.tvk-gaj.pl\/wp-content\/uploads\/2016\/05\/DSCN4866-300x225.jpg 300w, https:\/\/online.tvk-gaj.pl\/wp-content\/uploads\/2016\/05\/DSCN4866-768x576.jpg 768w, https:\/\/online.tvk-gaj.pl\/wp-content\/uploads\/2016\/05\/DSCN4866.jpg 1200w\" sizes=\"auto, (max-width: 838px) 100vw, 838px\" \/><\/a><\/p>\n<p>&nbsp;<\/p>\n<p>Ponadto Radni Rady Osiedla Gaj przeprowadzili animacje czasu wolnego dla dzieci. Pod t\u0105 enigmatycznie brzmi\u0105c\u0105 informacj\u0105 prasow\u0105 kryj\u0105 si\u0119 gry i zabawy dla najm\u0142odszych.\u00a0<a href=\"http:\/\/www.tvk-gaj.pl\/~gajonline\/wp-content\/uploads\/2016\/05\/DSCN4926.jpg\"><img loading=\"lazy\" decoding=\"async\" class=\"aligncenter size-large wp-image-6101\" src=\"http:\/\/www.tvk-gaj.pl\/~gajonline\/wp-content\/uploads\/2016\/05\/DSCN4926-1024x836.jpg\" alt=\"DSCN4926\" width=\"838\" height=\"684\" srcset=\"https:\/\/online.tvk-gaj.pl\/wp-content\/uploads\/2016\/05\/DSCN4926-1024x836.jpg 1024w, https:\/\/online.tvk-gaj.pl\/wp-content\/uploads\/2016\/05\/DSCN4926-300x245.jpg 300w, https:\/\/online.tvk-gaj.pl\/wp-content\/uploads\/2016\/05\/DSCN4926-768x627.jpg 768w, https:\/\/online.tvk-gaj.pl\/wp-content\/uploads\/2016\/05\/DSCN4926.jpg 1200w\" sizes=\"auto, (max-width: 838px) 100vw, 838px\" \/><\/a><\/p>\n<p>&nbsp;<\/p>\n<p>Niedziela to za\u015b koncert zespo\u0142u Blue Jeans (w godz. 15:30-17:00) oraz warsztaty muzyczne dla dzieci &#8211; prowadzi\u0142a je Olga \u0141agowska.<\/p>\n<p>&nbsp;<\/p>\n<p><a href=\"http:\/\/www.tvk-gaj.pl\/~gajonline\/wp-content\/uploads\/2016\/05\/DSCN4943.jpg\"><img loading=\"lazy\" decoding=\"async\" class=\"aligncenter size-large wp-image-6105\" src=\"http:\/\/www.tvk-gaj.pl\/~gajonline\/wp-content\/uploads\/2016\/05\/DSCN4943-1024x768.jpg\" alt=\"DSCN4943\" width=\"838\" height=\"629\" srcset=\"https:\/\/online.tvk-gaj.pl\/wp-content\/uploads\/2016\/05\/DSCN4943-1024x768.jpg 1024w, https:\/\/online.tvk-gaj.pl\/wp-content\/uploads\/2016\/05\/DSCN4943-300x225.jpg 300w, https:\/\/online.tvk-gaj.pl\/wp-content\/uploads\/2016\/05\/DSCN4943-768x576.jpg 768w, https:\/\/online.tvk-gaj.pl\/wp-content\/uploads\/2016\/05\/DSCN4943.jpg 1200w\" sizes=\"auto, (max-width: 838px) 100vw, 838px\" \/><\/a><\/p>\n<p>&nbsp;<\/p>\n<p>Ponadto dzieci mog\u0142y uczestniczy\u0107 w konkursach i zabawach sportowych poprowadzonych przez Trenera Osiedlowego.<\/p>\n<p>&nbsp;<\/p>\n<p><a href=\"http:\/\/www.tvk-gaj.pl\/~gajonline\/wp-content\/uploads\/2016\/05\/DSCN4922.jpg\"><img loading=\"lazy\" decoding=\"async\" class=\"aligncenter size-large wp-image-6106\" src=\"http:\/\/www.tvk-gaj.pl\/~gajonline\/wp-content\/uploads\/2016\/05\/DSCN4922-1024x799.jpg\" alt=\"DSCN4922\" width=\"838\" height=\"654\" srcset=\"https:\/\/online.tvk-gaj.pl\/wp-content\/uploads\/2016\/05\/DSCN4922-1024x799.jpg 1024w, https:\/\/online.tvk-gaj.pl\/wp-content\/uploads\/2016\/05\/DSCN4922-300x234.jpg 300w, https:\/\/online.tvk-gaj.pl\/wp-content\/uploads\/2016\/05\/DSCN4922-768x599.jpg 768w, https:\/\/online.tvk-gaj.pl\/wp-content\/uploads\/2016\/05\/DSCN4922.jpg 1200w\" sizes=\"auto, (max-width: 838px) 100vw, 838px\" \/><\/a><\/p>\n<p>&nbsp;<\/p>\n<p>Serdecznie dzi\u0119kujemy wszystkim za wsp\u00f3ln\u0105, dobr\u0105 zabaw\u0119 oraz zapraszamy w przysz\u0142y weekend! Szczeg\u00f3\u0142owy plan na kolejny weekend pojawi si\u0119 jak co czwartek na naszej stronie.<\/p>\n<p>Zach\u0119camy r\u00f3wnie\u017c do \u015bledzenia nas na Facebooku pod adresem www.facebook.com\/osiedlegaj<\/p>\n<p>&nbsp;<\/p>\n<p><strong>GALERIA ZDJ\u0118\u0106\u00a0<\/strong><\/p>\n<p><img decoding=\"async\" class=\"ngg_displayed_gallery mceItem\" src=\"http:\/\/www.tvk-gaj.pl\/~gajonline\/index.php\/nextgen-attach_to_post\/preview\/id--6102\" data-mce-placeholder=\"1\" \/><\/p>\n<p>&nbsp;<\/p>\n<p>&nbsp;<\/p>\n","protected":false},"excerpt":{"rendered":"<p>Zapraszamy do zapoznania si\u0119 z galeri\u0105 zdj\u0119\u0107 z weekendu 14-15 maja na plenerowej scenie Europejskiej Stolicy Kultury Wroc\u0142aw 2016 na Gaju!\u00a0<\/p>\n","protected":false},"author":1,"featured_media":6101,"comment_status":"open","ping_status":"open","sticky":false,"template":"","format":"standard","meta":{"footnotes":""},"categories":[14,630],"tags":[400,632,638,642,295,653,640,135,294,654,634,331],"class_list":["post-6079","post","type-post","status-publish","format-standard","has-post-thumbnail","hentry","category-aktualnosci","category-esk-2016","tag-dzieci","tag-esk","tag-europejska-stolica-kultury","tag-europejska-stolica-kultury-wroclaw-2016","tag-galeria-zdjec","tag-koncert","tag-pawilon","tag-rada-osiedla-gaj","tag-relacja","tag-relacja-z-weekendu-esk","tag-scena","tag-zabawa"],"_links":{"self":[{"href":"https:\/\/online.tvk-gaj.pl\/index.php?rest_route=\/wp\/v2\/posts\/6079","targetHints":{"allow":["GET"]}}],"collection":[{"href":"https:\/\/online.tvk-gaj.pl\/index.php?rest_route=\/wp\/v2\/posts"}],"about":[{"href":"https:\/\/online.tvk-gaj.pl\/index.php?rest_route=\/wp\/v2\/types\/post"}],"author":[{"embeddable":true,"href":"https:\/\/online.tvk-gaj.pl\/index.php?rest_route=\/wp\/v2\/users\/1"}],"replies":[{"embeddable":true,"href":"https:\/\/online.tvk-gaj.pl\/index.php?rest_route=%2Fwp%2Fv2%2Fcomments&post=6079"}],"version-history":[{"count":2,"href":"https:\/\/online.tvk-gaj.pl\/index.php?rest_route=\/wp\/v2\/posts\/6079\/revisions"}],"predecessor-version":[{"id":6108,"href":"https:\/\/online.tvk-gaj.pl\/index.php?rest_route=\/wp\/v2\/posts\/6079\/revisions\/6108"}],"wp:featuredmedia":[{"embeddable":true,"href":"https:\/\/online.tvk-gaj.pl\/index.php?rest_route=\/wp\/v2\/media\/6101"}],"wp:attachment":[{"href":"https:\/\/online.tvk-gaj.pl\/index.php?rest_route=%2Fwp%2Fv2%2Fmedia&parent=6079"}],"wp:term":[{"taxonomy":"category","embeddable":true,"href":"https:\/\/online.tvk-gaj.pl\/index.php?rest_route=%2Fwp%2Fv2%2Fcategories&post=6079"},{"taxonomy":"post_tag","embeddable":true,"href":"https:\/\/online.tvk-gaj.pl\/index.php?rest_route=%2Fwp%2Fv2%2Ftags&post=6079"}],"curies":[{"name":"wp","href":"https:\/\/api.w.org\/{rel}","templated":true}]}}