{"id":6109,"date":"2016-05-17T15:52:45","date_gmt":"2016-05-17T13:52:45","guid":{"rendered":"http:\/\/www.tvk-gaj.pl\/~gajonline\/?p=6109"},"modified":"2016-06-03T17:06:29","modified_gmt":"2016-06-03T15:06:29","slug":"przewietrz-swoja-szafe-charytatywna-akcja-ch-ferio-gaj","status":"publish","type":"post","link":"https:\/\/online.tvk-gaj.pl\/?p=6109","title":{"rendered":"&#8222;Przewietrz swoj\u0105 szaf\u0119&#8221; &#8211; charytatywna akcja CH Ferio Gaj"},"content":{"rendered":"<p>Zach\u0119camy do wzi\u0119cia udzia\u0142u w charytatywnej akcji &#8222;Przewietrz swoj\u0105 szaf\u0119&#8221; zorganizowan\u0105 na rzecz potrzebuj\u0105cych dzieci z Gaju. Aby pom\u00f3c dzieciom z osiedla wystarczy przyj\u015b\u0107 w sobot\u0119 (21 maja) w godz. 10-18 do Centrum Handlowego Ferio Gaj przy ul. \u015awieradowskiej i przynie\u015b\u0107 po\u015bciel, r\u0119czniki, \u015brodki czysto\u015bci b\u0105d\u017a dzieci\u0119ce ubranka i zabawki.\u00a0<!--more--><\/p>\n<p>&nbsp;<\/p>\n<p><strong>AKCJA: \u201ePrzewietrz swoj\u0105 szaf\u0119\u201d<\/strong> \u00a0&#8211; 21. maja, godz. 10:00-18:00, parking FERIO Gaj<\/p>\n<p>&nbsp;<\/p>\n<p><a href=\"http:\/\/www.tvk-gaj.pl\/~gajonline\/wp-content\/uploads\/2016\/05\/Plakat-Przewietrz-swoja\u0328-szafe\u0328.png\"><img loading=\"lazy\" decoding=\"async\" class=\"aligncenter size-full wp-image-6110\" src=\"http:\/\/www.tvk-gaj.pl\/~gajonline\/wp-content\/uploads\/2016\/05\/Plakat-Przewietrz-swoja\u0328-szafe\u0328.png\" alt=\"Plakat Przewietrz swoja\u0328 szafe\u0328\" width=\"600\" height=\"857\" srcset=\"https:\/\/online.tvk-gaj.pl\/wp-content\/uploads\/2016\/05\/Plakat-Przewietrz-swoja\u0328-szafe\u0328.png 600w, https:\/\/online.tvk-gaj.pl\/wp-content\/uploads\/2016\/05\/Plakat-Przewietrz-swoja\u0328-szafe\u0328-210x300.png 210w\" sizes=\"auto, (max-width: 600px) 100vw, 600px\" \/><\/a><\/p>\n<p>&nbsp;<\/p>\n<p>Przynie\u015b po\u015bciel\/r\u0119czniki\/\u015brodki czysto\u015bci\/\u015brodki higieniczne\/ubranka dla dzieci i pom\u00f3\u017c potrzebuj\u0105cych z\u00a0 najbli\u017cszej okolicy \u2013 w zamian za to odbierz bon na zakupy do sklep\u00f3w FERIO Gaj b\u0105d\u017a sadzonk\u0119 (za mininium 3 kg przyniesionych rzeczy &#8211; bon o warto\u015bci 30 PLN, poni\u017cej 3 kg \u2013 sadzonka kwiatka).<\/p>\n<p>Dzi\u0119ki tej akcji wsp\u00f3lnie pomo\u017cemy organizacjom, plac\u00f3wkom i instytucjom lokalnych tj.: MOPS &#8211; Zesp\u00f3\u0142 Terenowej Pracy Socjalnej nr 5, Szko\u0142a Podstawowa nr 90, Caritas, Przedszkole nr 92, Przedszkole nr 49.<\/p>\n<p>&nbsp;<\/p>\n<p><span style=\"text-decoration: underline;\">W ramach akcji przygotowano atrakcje dla dzieci i doros\u0142ych:<\/span><\/p>\n<p>&#8211; K\u0105cik zabaw dla dzieci w FERIO Gaj \u2013 malowanie, animacje, skr\u0119canie balonik\u00f3w oraz malowanie buziak\u00f3w \u2013 w wykonaniu Kinderplanety w FG.<\/p>\n<p>&#8211; Bezp\u0142atne badania lekarskie dla Klient\u00f3w &#8211; pomiary ci\u015bnienia, tkanki t\u0142uszczowej i BMI &#8211; w wykonaniu Centrum Medyczne Synexus.<\/p>\n<p>&#8211; Dermokonsultacje (Dermosfera).<\/p>\n<p>&#8211; Atrakcje dla dzieci w postaci dmucha\u0144ca.<\/p>\n<p>&nbsp;<\/p>\n<p><strong>ZEBRANE RZECZY ZOSTAN\u0104 PRZEKAZANE NAST\u0118PUJ\u0104CYM INSTYTUCJOM NA OSIEDLU<\/strong><\/p>\n<blockquote><p><strong>MOPS, Zesp\u00f3\u0142 Terenowej Pracy Socjalnej nr 5<\/strong><\/p>\n<p>&#8211; zbieranie: po\u015bcieli, r\u0119cznik\u00f3w, \u015brodk\u00f3w czysto\u015bci, \u015brodk\u00f3w higienicznych (w ka\u017cdej ilo\u015bci), odzie\u017c dzieci\u0119c\u0105 w rozs\u0105dnej ilo\u015bci.<\/p>\n<p><strong>Szko\u0142a Podstawowa nr 90 <\/strong><\/p>\n<p>&#8211; \u015brodki czysto\u015bci\u00a0 (dla ok. 20 rodzin);<\/p>\n<p>&#8211; ubrania\/obuwie (dla 8. uczni\u00f3w).<\/p>\n<p><strong>Caritas:<\/strong><\/p>\n<p>&#8211; r\u0119czniki\/po\u015bciel, myd\u0142o<\/p>\n<p><strong>Przedszkole nr 92<\/strong><\/p>\n<p>&#8211; \u015brodki czysto\u015bci czterem wychowankom.<\/p><\/blockquote>\n<p>&nbsp;<\/p>\n<p><strong>Serdecznie zapraszamy i zach\u0119camy do wzi\u0119cia udzia\u0142u w akcji! Przeka\u017ccie t\u0119 informacj\u0119 r\u00f3wnie\u017c Waszym rodzinom i znajomym!\u00a0<\/strong><\/p>\n<p>&nbsp;<\/p>\n","protected":false},"excerpt":{"rendered":"<p>Zach\u0119camy do wzi\u0119cia udzia\u0142u w charytatywnej akcji &#8222;Przewietrz swoj\u0105 szaf\u0119&#8221; zorganizowan\u0105 na rzecz potrzebuj\u0105cych dzieci z Gaju. Aby pom\u00f3c dzieciom z osiedla wystarczy przyj\u015b\u0107 w sobot\u0119 (21 maja) w godz. 10-18 do Centrum Handlowego Ferio Gaj przy ul. \u015awieradowskiej i przynie\u015b\u0107 po\u015bciel, r\u0119czniki, \u015brodki czysto\u015bci b\u0105d\u017a dzieci\u0119ce ubranka i zabawki.\u00a0<\/p>\n","protected":false},"author":1,"featured_media":6110,"comment_status":"open","ping_status":"open","sticky":false,"template":"","format":"standard","meta":{"footnotes":""},"categories":[14],"tags":[656,659,212,400,131,112,655,661,657,660,135,117,658],"class_list":["post-6109","post","type-post","status-publish","format-standard","has-post-thumbnail","hentry","category-aktualnosci","tag-akcja","tag-akcja-charytatywna","tag-centrum-handlowe-ferio-gaj","tag-dzieci","tag-ferio-gaj","tag-gaj","tag-osiedla-gaj","tag-pomoc","tag-promocja","tag-przewietrz-swoja-szafe","tag-rada-osiedla-gaj","tag-swieradowska","tag-zbiorka"],"_links":{"self":[{"href":"https:\/\/online.tvk-gaj.pl\/index.php?rest_route=\/wp\/v2\/posts\/6109","targetHints":{"allow":["GET"]}}],"collection":[{"href":"https:\/\/online.tvk-gaj.pl\/index.php?rest_route=\/wp\/v2\/posts"}],"about":[{"href":"https:\/\/online.tvk-gaj.pl\/index.php?rest_route=\/wp\/v2\/types\/post"}],"author":[{"embeddable":true,"href":"https:\/\/online.tvk-gaj.pl\/index.php?rest_route=\/wp\/v2\/users\/1"}],"replies":[{"embeddable":true,"href":"https:\/\/online.tvk-gaj.pl\/index.php?rest_route=%2Fwp%2Fv2%2Fcomments&post=6109"}],"version-history":[{"count":6,"href":"https:\/\/online.tvk-gaj.pl\/index.php?rest_route=\/wp\/v2\/posts\/6109\/revisions"}],"predecessor-version":[{"id":6116,"href":"https:\/\/online.tvk-gaj.pl\/index.php?rest_route=\/wp\/v2\/posts\/6109\/revisions\/6116"}],"wp:featuredmedia":[{"embeddable":true,"href":"https:\/\/online.tvk-gaj.pl\/index.php?rest_route=\/wp\/v2\/media\/6110"}],"wp:attachment":[{"href":"https:\/\/online.tvk-gaj.pl\/index.php?rest_route=%2Fwp%2Fv2%2Fmedia&parent=6109"}],"wp:term":[{"taxonomy":"category","embeddable":true,"href":"https:\/\/online.tvk-gaj.pl\/index.php?rest_route=%2Fwp%2Fv2%2Fcategories&post=6109"},{"taxonomy":"post_tag","embeddable":true,"href":"https:\/\/online.tvk-gaj.pl\/index.php?rest_route=%2Fwp%2Fv2%2Ftags&post=6109"}],"curies":[{"name":"wp","href":"https:\/\/api.w.org\/{rel}","templated":true}]}}