{"id":6252,"date":"2016-05-23T12:18:45","date_gmt":"2016-05-23T10:18:45","guid":{"rendered":"http:\/\/www.tvk-gaj.pl\/~gajonline\/?p=6252"},"modified":"2016-05-23T12:55:25","modified_gmt":"2016-05-23T10:55:25","slug":"relacja-z-weekendu-esk-na-gaju-21-22-maja","status":"publish","type":"post","link":"https:\/\/online.tvk-gaj.pl\/?p=6252","title":{"rendered":"Relacja z weekendu ESK na Gaju 21-22 maja"},"content":{"rendered":"<p>Zapraszamy do zapoznania si\u0119 z nasz\u0105 fotorelacj\u0105\u00a0z weekendu (21-22 maja) na scenie Europejskiej Stolicy Kultury Wroc\u0142aw 2016 na Gaju!\u00a0<!--more--><\/p>\n<p>Sobota w Parku S\u0142onecznym \u00a0po\u015bwi\u0119cona by\u0142a grom i zabawom ruchowym &#8211; przez ca\u0142y dzie\u0144 dzieci mog\u0142y szale\u0107 pod okiem naszych koordynator\u00f3w i animator\u00f3w. Na koniec s\u0142onecznego dnia odby\u0142o si\u0119 wsp\u00f3lne malowanie. Mo\u017cna by\u0142o si\u0119 pobrudzi\u0107:)<\/p>\n<p>&nbsp;<\/p>\n<div><\/div>\n<div><\/div>\n<div>\n<p><a href=\"http:\/\/www.tvk-gaj.pl\/~gajonline\/wp-content\/uploads\/2016\/05\/WP_20160522_18_22_57_Pro-1.jpg\"><img loading=\"lazy\" decoding=\"async\" class=\"aligncenter size-large wp-image-6254\" src=\"http:\/\/www.tvk-gaj.pl\/~gajonline\/wp-content\/uploads\/2016\/05\/WP_20160522_18_22_57_Pro-1-1024x577.jpg\" alt=\"WP_20160522_18_22_57_Pro\" width=\"838\" height=\"472\" srcset=\"https:\/\/online.tvk-gaj.pl\/wp-content\/uploads\/2016\/05\/WP_20160522_18_22_57_Pro-1-1024x577.jpg 1024w, https:\/\/online.tvk-gaj.pl\/wp-content\/uploads\/2016\/05\/WP_20160522_18_22_57_Pro-1-300x169.jpg 300w, https:\/\/online.tvk-gaj.pl\/wp-content\/uploads\/2016\/05\/WP_20160522_18_22_57_Pro-1-768x433.jpg 768w\" sizes=\"auto, (max-width: 838px) 100vw, 838px\" \/><\/a><\/p>\n<p>&nbsp;<\/p>\n<\/div>\n<div><\/div>\n<div>\n<p><a href=\"http:\/\/www.tvk-gaj.pl\/~gajonline\/wp-content\/uploads\/2016\/05\/WP_20160522_17_51_30_Pro-1.jpg\"><img loading=\"lazy\" decoding=\"async\" class=\"aligncenter size-large wp-image-6258\" src=\"http:\/\/www.tvk-gaj.pl\/~gajonline\/wp-content\/uploads\/2016\/05\/WP_20160522_17_51_30_Pro-1-1024x577.jpg\" alt=\"WP_20160522_17_51_30_Pro\" width=\"838\" height=\"472\" srcset=\"https:\/\/online.tvk-gaj.pl\/wp-content\/uploads\/2016\/05\/WP_20160522_17_51_30_Pro-1-1024x577.jpg 1024w, https:\/\/online.tvk-gaj.pl\/wp-content\/uploads\/2016\/05\/WP_20160522_17_51_30_Pro-1-300x169.jpg 300w, https:\/\/online.tvk-gaj.pl\/wp-content\/uploads\/2016\/05\/WP_20160522_17_51_30_Pro-1-768x433.jpg 768w\" sizes=\"auto, (max-width: 838px) 100vw, 838px\" \/><\/a><\/p>\n<div><\/div>\n<div><\/div>\n<p>&nbsp;<\/p>\n<div><\/div>\n<div><a href=\"http:\/\/www.tvk-gaj.pl\/~gajonline\/wp-content\/uploads\/2016\/05\/WP_20160522_17_55_52_Pro.jpg\"><img loading=\"lazy\" decoding=\"async\" class=\"aligncenter size-large wp-image-6260\" src=\"http:\/\/www.tvk-gaj.pl\/~gajonline\/wp-content\/uploads\/2016\/05\/WP_20160522_17_55_52_Pro-577x1024.jpg\" alt=\"WP_20160522_17_55_52_Pro\" width=\"577\" height=\"1024\" srcset=\"https:\/\/online.tvk-gaj.pl\/wp-content\/uploads\/2016\/05\/WP_20160522_17_55_52_Pro-577x1024.jpg 577w, https:\/\/online.tvk-gaj.pl\/wp-content\/uploads\/2016\/05\/WP_20160522_17_55_52_Pro-169x300.jpg 169w, https:\/\/online.tvk-gaj.pl\/wp-content\/uploads\/2016\/05\/WP_20160522_17_55_52_Pro-768x1362.jpg 768w, https:\/\/online.tvk-gaj.pl\/wp-content\/uploads\/2016\/05\/WP_20160522_17_55_52_Pro.jpg 1840w\" sizes=\"auto, (max-width: 577px) 100vw, 577px\" \/><\/a><\/div>\n<div><\/div>\n<div><\/div>\n<div>\n<p>&nbsp;<\/p>\n<p>Niedziela: Najpierw by\u0142o troszk\u0119 hazardu, czyli turniej bingo. Zaprasza\u0142 i turniej poprowadzi\u0142 Klub Seniora z Gaju.\u00a0P\u00f3\u017aniej odby\u0142y si\u0119 warsztaty plastyczne \u2013 malowanie na du\u017cym formacie, kt\u00f3rych efektem by\u0142a galeria prac na pawilonie.<br \/>\nA na koniec rekreacja ruchowa i wsp\u00f3lna, spontaniczna zabawa na scenie:))<\/p>\n<p>&nbsp;<\/p>\n<\/div>\n<div><\/div>\n<div><a href=\"http:\/\/www.tvk-gaj.pl\/~gajonline\/wp-content\/uploads\/2016\/05\/DSCN5022.jpg\"><img loading=\"lazy\" decoding=\"async\" class=\"size-large wp-image-6262 aligncenter\" src=\"http:\/\/www.tvk-gaj.pl\/~gajonline\/wp-content\/uploads\/2016\/05\/DSCN5022-1024x768.jpg\" alt=\"DSCN5022\" width=\"838\" height=\"629\" srcset=\"https:\/\/online.tvk-gaj.pl\/wp-content\/uploads\/2016\/05\/DSCN5022-1024x768.jpg 1024w, https:\/\/online.tvk-gaj.pl\/wp-content\/uploads\/2016\/05\/DSCN5022-300x225.jpg 300w, https:\/\/online.tvk-gaj.pl\/wp-content\/uploads\/2016\/05\/DSCN5022-768x576.jpg 768w, https:\/\/online.tvk-gaj.pl\/wp-content\/uploads\/2016\/05\/DSCN5022.jpg 1300w\" sizes=\"auto, (max-width: 838px) 100vw, 838px\" \/><\/a><\/div>\n<div><\/div>\n<div><\/div>\n<div><\/div>\n<p>&nbsp;<\/p>\n<div><\/div>\n<div><\/div>\n<div><a href=\"http:\/\/www.tvk-gaj.pl\/~gajonline\/wp-content\/uploads\/2016\/05\/WP_20160522_16_27_48_Pro.jpg\"><img loading=\"lazy\" decoding=\"async\" class=\"aligncenter size-large wp-image-6263\" src=\"http:\/\/www.tvk-gaj.pl\/~gajonline\/wp-content\/uploads\/2016\/05\/WP_20160522_16_27_48_Pro-1024x577.jpg\" alt=\"WP_20160522_16_27_48_Pro\" width=\"838\" height=\"472\" srcset=\"https:\/\/online.tvk-gaj.pl\/wp-content\/uploads\/2016\/05\/WP_20160522_16_27_48_Pro-1024x577.jpg 1024w, https:\/\/online.tvk-gaj.pl\/wp-content\/uploads\/2016\/05\/WP_20160522_16_27_48_Pro-300x169.jpg 300w, https:\/\/online.tvk-gaj.pl\/wp-content\/uploads\/2016\/05\/WP_20160522_16_27_48_Pro-768x433.jpg 768w\" sizes=\"auto, (max-width: 838px) 100vw, 838px\" \/><\/a><\/div>\n<div><\/div>\n<div><\/div>\n<div><\/div>\n<p>&nbsp;<\/p>\n<div><\/div>\n<div><\/div>\n<div><a href=\"http:\/\/www.tvk-gaj.pl\/~gajonline\/wp-content\/uploads\/2016\/05\/WP_20160522_17_54_42_Pro.jpg\"><img loading=\"lazy\" decoding=\"async\" class=\"aligncenter size-large wp-image-6264\" src=\"http:\/\/www.tvk-gaj.pl\/~gajonline\/wp-content\/uploads\/2016\/05\/WP_20160522_17_54_42_Pro-1024x577.jpg\" alt=\"WP_20160522_17_54_42_Pro\" width=\"838\" height=\"472\" srcset=\"https:\/\/online.tvk-gaj.pl\/wp-content\/uploads\/2016\/05\/WP_20160522_17_54_42_Pro-1024x577.jpg 1024w, https:\/\/online.tvk-gaj.pl\/wp-content\/uploads\/2016\/05\/WP_20160522_17_54_42_Pro-300x169.jpg 300w, https:\/\/online.tvk-gaj.pl\/wp-content\/uploads\/2016\/05\/WP_20160522_17_54_42_Pro-768x433.jpg 768w\" sizes=\"auto, (max-width: 838px) 100vw, 838px\" \/><\/a><\/div>\n<div><\/div>\n<div><\/div>\n<div><\/div>\n<p>&nbsp;<\/p>\n<div><\/div>\n<div><\/div>\n<p>&nbsp;<\/p>\n<div><\/div>\n<div><strong>GALERIA ZDJ\u0118\u0106 Z WEEKENDU 21-22.05.2016<\/strong><\/div>\n<div><\/div>\n<p>&nbsp;<\/p>\n<div><\/div>\n<div><img decoding=\"async\" class=\"ngg_displayed_gallery mceItem\" src=\"http:\/\/www.tvk-gaj.pl\/~gajonline\/index.php\/nextgen-attach_to_post\/preview\/id--6275\" data-mce-placeholder=\"1\" \/><\/div>\n<div><\/div>\n<div><\/div>\n<div><\/div>\n<div><\/div>\n<p>&nbsp;<\/p>\n<\/div>\n","protected":false},"excerpt":{"rendered":"<p>Zapraszamy do zapoznania si\u0119 z nasz\u0105 fotorelacj\u0105\u00a0z weekendu (21-22 maja) na scenie Europejskiej Stolicy Kultury Wroc\u0142aw 2016 na Gaju!\u00a0<\/p>\n","protected":false},"author":1,"featured_media":6254,"comment_status":"open","ping_status":"open","sticky":false,"template":"","format":"standard","meta":{"footnotes":""},"categories":[14,630],"tags":[632,642,112,166,128,664,135,294,649,650],"class_list":["post-6252","post","type-post","status-publish","format-standard","has-post-thumbnail","hentry","category-aktualnosci","category-esk-2016","tag-esk","tag-europejska-stolica-kultury-wroclaw-2016","tag-gaj","tag-osiedle-gaj","tag-park-sloneczny","tag-pawilon-kultury","tag-rada-osiedla-gaj","tag-relacja","tag-scena-esk","tag-zdjecia"],"_links":{"self":[{"href":"https:\/\/online.tvk-gaj.pl\/index.php?rest_route=\/wp\/v2\/posts\/6252","targetHints":{"allow":["GET"]}}],"collection":[{"href":"https:\/\/online.tvk-gaj.pl\/index.php?rest_route=\/wp\/v2\/posts"}],"about":[{"href":"https:\/\/online.tvk-gaj.pl\/index.php?rest_route=\/wp\/v2\/types\/post"}],"author":[{"embeddable":true,"href":"https:\/\/online.tvk-gaj.pl\/index.php?rest_route=\/wp\/v2\/users\/1"}],"replies":[{"embeddable":true,"href":"https:\/\/online.tvk-gaj.pl\/index.php?rest_route=%2Fwp%2Fv2%2Fcomments&post=6252"}],"version-history":[{"count":15,"href":"https:\/\/online.tvk-gaj.pl\/index.php?rest_route=\/wp\/v2\/posts\/6252\/revisions"}],"predecessor-version":[{"id":6282,"href":"https:\/\/online.tvk-gaj.pl\/index.php?rest_route=\/wp\/v2\/posts\/6252\/revisions\/6282"}],"wp:featuredmedia":[{"embeddable":true,"href":"https:\/\/online.tvk-gaj.pl\/index.php?rest_route=\/wp\/v2\/media\/6254"}],"wp:attachment":[{"href":"https:\/\/online.tvk-gaj.pl\/index.php?rest_route=%2Fwp%2Fv2%2Fmedia&parent=6252"}],"wp:term":[{"taxonomy":"category","embeddable":true,"href":"https:\/\/online.tvk-gaj.pl\/index.php?rest_route=%2Fwp%2Fv2%2Fcategories&post=6252"},{"taxonomy":"post_tag","embeddable":true,"href":"https:\/\/online.tvk-gaj.pl\/index.php?rest_route=%2Fwp%2Fv2%2Ftags&post=6252"}],"curies":[{"name":"wp","href":"https:\/\/api.w.org\/{rel}","templated":true}]}}