{"id":628,"date":"2013-02-22T12:24:42","date_gmt":"2013-02-22T11:24:42","guid":{"rendered":"http:\/\/www.gaj-osiedle.wroclaw.pl\/?p=628"},"modified":"2013-02-22T12:32:17","modified_gmt":"2013-02-22T11:32:17","slug":"parkride-na-gaju-w-planach-magistratu","status":"publish","type":"post","link":"https:\/\/online.tvk-gaj.pl\/?p=628","title":{"rendered":"Park&#038;Ride na Gaju w planach magistratu."},"content":{"rendered":"<p>Jak dowiadujemy si\u0119 z dzisiejszego wydania Gazety Wroc\u0142awskiej, miejscy urz\u0119dnicy planuj\u0105 wybudowa\u0107 na Gaju jeden z w\u0119z\u0142\u00f3w przesiadkowych park&amp;ride, kt\u00f3re ju\u017c pojawi\u0142y si\u0119 w kilku miejscach Wroc\u0142awia. Wi\u0119cej o planowanej inwestycji w artykule Gazety Wroc\u0142awskiej.<!--more--><\/p>\n<p>&nbsp;<\/p>\n<p>&nbsp;<\/p>\n<p><strong>Miejsca z tabliczk\u0105 &#8222;Parkuj i jed\u017a&#8221; powinny rozwi\u0105za\u0107 problem kork\u00f3w w mie\u015bcie. Tak s\u0105dz\u0105 we wroc\u0142awskim magistracie. Mieszka\u0144cy maj\u0105 zostawia\u0107 swoje samochody na rogatkach miasta i przesiada\u0107 si\u0119 do autobus\u00f3w, tramwaj\u00f3w lub poci\u0105g\u00f3w, by dojecha\u0107 do centrum. Tyle teorii, sprawdzili\u015bmy jak wygl\u0105da to w praktyce &#8211; fatalnie.<\/strong><\/p>\n<p>Wiceprezydent miasta Maciej Bluj w rozmowie z nami zapowiedzia\u0142, \u017ce to w\u0142a\u015bnie parkingi typu &#8222;Parkuj i jed\u017a&#8221; pomog\u0105 roz\u0142adowa\u0107 ruch w centrum. Z tygodnia na tydzie\u0144 rosn\u0105c\u0105 popularno\u015bci\u0105 cieszy si\u0119 podobno miejsce przy stacji stadion Wroc\u0142aw.<\/p>\n<p>Rzeczywisto\u015b\u0107 odstaje jednak od wyobra\u017ce\u0144 urz\u0119dnik\u00f3w. Sprawdzili\u015bmy, jak\u0105 popularno\u015bci\u0105 ciesz\u0105 si\u0119 te parkingi. Okaza\u0142o si\u0119, \u017ce niemal zerow\u0105.<\/p>\n<p>Na parkingu przy stadionie znajdziemy g\u00f3ra kilka samochod\u00f3w.<a name=\"czytaj_dalej\"><\/a>\u00a0&#8211; W\u0105tpi\u0119, by przyje\u017cd\u017ca\u0142y tu osoby spoza Wroc\u0142awia, bo codziennie widz\u0119 tu te same auta, stoj\u0105 tak\u017ce w nocy &#8211; m\u00f3wi mieszkaj\u0105cy w okolicy Pawe\u0142 Masiukiewicz.<\/p>\n<p>Tabliczk\u0119 &#8222;Parkuj i jed\u017a&#8221; znajdziemy tak\u017ce przy ul. \u015al\u0119\u017cnej, na wysoko\u015bci Wzg\u00f3rza Andersa. Tu jednak auta zostawiaj\u0105 g\u0142\u00f3wnie studenci pobliskiego Uniwersytetu Ekonomicznego, kt\u00f3rzy nie maj\u0105 ju\u017c miejsc w swoim kampusie. Po \u00f3smej rano ci\u0119\u017cko znale\u017a\u0107 wolne miejsce r\u00f3wnie\u017c na tym parkingu, ale to nie znaczy, \u017ce kto\u015b si\u0119 tu przesiada do tramwaju czy autobusu&#8230;<\/p>\n<p>Kolejne tego typu miejsce znajdziemy przy p\u0119tli tramwajowej przy ul. Grabiszy\u0144skiej: wczoraj te\u017c \u015bwieci\u0142o pustkami.<\/p>\n<p>Przy dworcu kolejowym na Psim Polu parkuj\u0105\u00a0mieszka\u0144cy osiedla\u00a0i pracownicy pobliskich firm. W czwartek przez dwie godziny tylko jedna osoba skorzysta\u0142a z parkingu, by przesi\u0105\u015b\u0107 si\u0119 do poci\u0105gu.<\/p>\n<p>&#8211; Na razie ten w\u0119ze\u0142 przesiadkowy jest bezu\u017cyteczny, bo nie doje\u017cd\u017caj\u0105 do niego autobusy &#8211; przekonuje Anna Karwi\u0144ska, mieszkanka Psiego Pola.<\/p>\n<p>Na miejskiej stronie www ostatni\u0105 informacj\u0119 dotycz\u0105c\u0105 &#8222;Parkuj i jed\u017a&#8221; zamieszczono ponad p\u00f3\u0142 roku temu, dla kibic\u00f3w na Euro 2012. Do dzi\u015b nie ma za\u015b informacji, gdzie znajdziemy wszystkie parkingi.<\/p>\n<p><strong>W\u0142adze miasta planuj\u0105 kolejne postoje tego typu. Mia\u0142yby powsta\u0107 na Gaju, O\u0142taszynie, Le\u015bnicy i Biskupinie. Powinny pojawi\u0107 si\u0119 w ci\u0105gu najbli\u017cszych kilku lat. Urz\u0119dnicy chc\u0105, by parkowanie w tych miejscach by\u0142o darmowe, a place ogrodzone i monitorowane. Na razie nie wiadomo jednak, kiedy mog\u0142oby to nast\u0105pi\u0107.\u00a0<\/strong><\/p>\n<p>&#8211; Du\u017co zale\u017cy od wyznaczenia dobrej lokalizacji i koszt\u00f3w inwestycji. Parking musi znajdowa\u0107 si\u0119 blisko p\u0119tli autobusowej i tramwajowej, by \u0142atwo by\u0142o z auta przesi\u0105\u015b\u0107 si\u0119 do komunikacji miejskiej. Szukamy takich miejsc &#8211; m\u00f3wi wiceprezydent Maciej Bluj. &#8211; Gdy powstan\u0105 parkingi, przeprowadzimy zakrojon\u0105 na du\u017c\u0105 skal\u0119 kampani\u0119 promuj\u0105c\u0105 korzystanie z nich.<\/p>\n<p><strong>Co z promocj\u0105 Park&amp;Ride?\u00a0<\/strong><\/p>\n<p>Wroc\u0142awianie nie znaj\u0105 idei miejsc &#8222;Parkuj i jed\u017a&#8221; &#8211; m\u00f3wi prof. Stanis\u0142aw Krawczyk. &#8211; Jednorazowa akcja z ulotkami i plakatami nie wystarczy, to musi by\u0107 ci\u0105g\u0142y proces &#8211; wyja\u015bnia pracownik Katedry Logistyki Uniwersytetu Ekonomicznego. &#8211; Przegapiono wielk\u0105 okazj\u0119 do promocji, jak\u0105 by\u0142y mistrzostwa Euro 2012. Parkuj\u0105cy musz\u0105 te\u017c mie\u0107 gwarancj\u0119, \u017ce jest to miejsce bezpieczne. Bez kamer i monitoringu prawie nikt nie zdecyduje si\u0119 zostawi\u0107 tam auta &#8211; m\u00f3wi Stanis\u0142aw Krawczyk.<\/p>\n<p>&nbsp;<\/p>\n<div class='et-box et-bio'>\n\t\t\t\t\t<div class='et-box-content'>\u0179r\u00f3d\u0142o: Gazeta Wroc\u0142awska Autor: Przemys\u0142aw Wronecki, Bartosz J\u00f3zefiak Data publikacji: 2013-02-22<\/div><\/div>\n<p>&nbsp;<\/p>\n<p>&nbsp;<\/p>\n","protected":false},"excerpt":{"rendered":"<p>Jak dowiadujemy si\u0119 z dzisiejszego wydania Gazety Wroc\u0142awskiej, miejscy urz\u0119dnicy planuj\u0105 wybudowa\u0107 na Gaju jeden z w\u0119z\u0142\u00f3w przesiadkowych park&amp;ride, kt\u00f3re ju\u017c pojawi\u0142y si\u0119 w kilku miejscach Wroc\u0142awia. Wi\u0119cej o planowanej inwestycji w artykule Gazety Wroc\u0142awskiej.<\/p>\n","protected":false},"author":1,"featured_media":629,"comment_status":"open","ping_status":"open","sticky":false,"template":"","format":"standard","meta":{"footnotes":""},"categories":[14,12],"tags":[42],"class_list":["post-628","post","type-post","status-publish","format-standard","has-post-thumbnail","hentry","category-aktualnosci","category-artykuly","tag-park-ride-gaj"],"_links":{"self":[{"href":"https:\/\/online.tvk-gaj.pl\/index.php?rest_route=\/wp\/v2\/posts\/628","targetHints":{"allow":["GET"]}}],"collection":[{"href":"https:\/\/online.tvk-gaj.pl\/index.php?rest_route=\/wp\/v2\/posts"}],"about":[{"href":"https:\/\/online.tvk-gaj.pl\/index.php?rest_route=\/wp\/v2\/types\/post"}],"author":[{"embeddable":true,"href":"https:\/\/online.tvk-gaj.pl\/index.php?rest_route=\/wp\/v2\/users\/1"}],"replies":[{"embeddable":true,"href":"https:\/\/online.tvk-gaj.pl\/index.php?rest_route=%2Fwp%2Fv2%2Fcomments&post=628"}],"version-history":[{"count":6,"href":"https:\/\/online.tvk-gaj.pl\/index.php?rest_route=\/wp\/v2\/posts\/628\/revisions"}],"predecessor-version":[{"id":633,"href":"https:\/\/online.tvk-gaj.pl\/index.php?rest_route=\/wp\/v2\/posts\/628\/revisions\/633"}],"wp:featuredmedia":[{"embeddable":true,"href":"https:\/\/online.tvk-gaj.pl\/index.php?rest_route=\/wp\/v2\/media\/629"}],"wp:attachment":[{"href":"https:\/\/online.tvk-gaj.pl\/index.php?rest_route=%2Fwp%2Fv2%2Fmedia&parent=628"}],"wp:term":[{"taxonomy":"category","embeddable":true,"href":"https:\/\/online.tvk-gaj.pl\/index.php?rest_route=%2Fwp%2Fv2%2Fcategories&post=628"},{"taxonomy":"post_tag","embeddable":true,"href":"https:\/\/online.tvk-gaj.pl\/index.php?rest_route=%2Fwp%2Fv2%2Ftags&post=628"}],"curies":[{"name":"wp","href":"https:\/\/api.w.org\/{rel}","templated":true}]}}