{"id":6375,"date":"2016-05-31T11:42:12","date_gmt":"2016-05-31T09:42:12","guid":{"rendered":"http:\/\/www.tvk-gaj.pl\/~gajonline\/?p=6375"},"modified":"2016-05-30T11:47:11","modified_gmt":"2016-05-30T09:47:11","slug":"plan-spotkan-klubu-seniora-na-czerwiec-2","status":"publish","type":"post","link":"https:\/\/online.tvk-gaj.pl\/?p=6375","title":{"rendered":"Plan spotka\u0144 Klubu Seniora na czerwiec"},"content":{"rendered":"<p>Serdecznie zapraszamy wszystkich senior\u00f3w osiedla do Klubu Seniora dzia\u0142aj\u0105cego przy Radzie Osiedla Gaj! Prezentujemy plan spotka\u0144 na czerwiec.<!--more--><span id=\"more-5144\"><\/span><\/p>\n<p>Zbli\u017caj\u0105ce si\u0119 lato w Klubie Seniora na Gaju rozpoczyna si\u0119 bogat\u0105 ofert\u0105\u00a0zaj\u0119\u0107 i wydarze\u0144. W programie na czerwiec przewidziano m.in. spacer z kijkami nordic walking, \u00a0warsztaty r\u0119kodzielnicze z tworzenia bi\u017cuterii, wyj\u015bcie na wystaw\u0119. Serdecznie zapraszamy wszystkich senior\u00f3w z terenu osiedla do wsp\u00f3lnego sp\u0119dzania czasu w Klubie Seniora na Gaju!<\/p>\n<p>&nbsp;<\/p>\n<p><a href=\"http:\/\/www.tvk-gaj.pl\/~gajonline\/wp-content\/uploads\/2016\/05\/plakat-I-HARMONOGRAM-NA-CZERWIEC.jpg\"><img loading=\"lazy\" decoding=\"async\" class=\"aligncenter size-large wp-image-6376\" src=\"http:\/\/www.tvk-gaj.pl\/~gajonline\/wp-content\/uploads\/2016\/05\/plakat-I-HARMONOGRAM-NA-CZERWIEC-724x1024.jpg\" alt=\"plakat I HARMONOGRAM NA CZERWIEC\" width=\"724\" height=\"1024\" srcset=\"https:\/\/online.tvk-gaj.pl\/wp-content\/uploads\/2016\/05\/plakat-I-HARMONOGRAM-NA-CZERWIEC-724x1024.jpg 724w, https:\/\/online.tvk-gaj.pl\/wp-content\/uploads\/2016\/05\/plakat-I-HARMONOGRAM-NA-CZERWIEC-212x300.jpg 212w, https:\/\/online.tvk-gaj.pl\/wp-content\/uploads\/2016\/05\/plakat-I-HARMONOGRAM-NA-CZERWIEC-768x1086.jpg 768w\" sizes=\"auto, (max-width: 724px) 100vw, 724px\" \/><\/a><\/p>\n<p>&nbsp;<\/p>\n<p>Spotkania odbywaj\u0105 si\u0119 w Szkole Podstawowej Nr 90 przy ul. Orzechowej 62 w sali nr 5 w ka\u017cdy czwartek od godziny 17:00 do godziny 19:00!<\/p>\n<p>&nbsp;<\/p>\n<p><strong>Cz\u0119\u015b\u0107 spotka\u0144 Klubu odb\u0119dzie si\u0119 w maju w Parku S\u0142onecznym na scenie Europejskiej Stolicy Kultury! To wyj\u0105tkowe wydarzenie, \u0142\u0105cz\u0105ce Klub i Osiedle z obchodami Wroc\u0142awia jako Europejskiej Stolicy Kultury 2016!\u00a0<\/strong><\/p>\n<p>&nbsp;<\/p>\n","protected":false},"excerpt":{"rendered":"<p>Serdecznie zapraszamy wszystkich senior\u00f3w osiedla do Klubu Seniora dzia\u0142aj\u0105cego przy Radzie Osiedla Gaj! Prezentujemy plan spotka\u0144 na czerwiec.<\/p>\n","protected":false},"author":1,"featured_media":3981,"comment_status":"open","ping_status":"open","sticky":false,"template":"","format":"standard","meta":{"footnotes":""},"categories":[14,441],"tags":[669,112,431,421,475,135],"class_list":["post-6375","post","type-post","status-publish","format-standard","has-post-thumbnail","hentry","category-aktualnosci","category-klub","tag-anna-galuszka","tag-gaj","tag-klub-seniora","tag-klub-seniora-na-gaju","tag-plan","tag-rada-osiedla-gaj"],"_links":{"self":[{"href":"https:\/\/online.tvk-gaj.pl\/index.php?rest_route=\/wp\/v2\/posts\/6375","targetHints":{"allow":["GET"]}}],"collection":[{"href":"https:\/\/online.tvk-gaj.pl\/index.php?rest_route=\/wp\/v2\/posts"}],"about":[{"href":"https:\/\/online.tvk-gaj.pl\/index.php?rest_route=\/wp\/v2\/types\/post"}],"author":[{"embeddable":true,"href":"https:\/\/online.tvk-gaj.pl\/index.php?rest_route=\/wp\/v2\/users\/1"}],"replies":[{"embeddable":true,"href":"https:\/\/online.tvk-gaj.pl\/index.php?rest_route=%2Fwp%2Fv2%2Fcomments&post=6375"}],"version-history":[{"count":2,"href":"https:\/\/online.tvk-gaj.pl\/index.php?rest_route=\/wp\/v2\/posts\/6375\/revisions"}],"predecessor-version":[{"id":6378,"href":"https:\/\/online.tvk-gaj.pl\/index.php?rest_route=\/wp\/v2\/posts\/6375\/revisions\/6378"}],"wp:featuredmedia":[{"embeddable":true,"href":"https:\/\/online.tvk-gaj.pl\/index.php?rest_route=\/wp\/v2\/media\/3981"}],"wp:attachment":[{"href":"https:\/\/online.tvk-gaj.pl\/index.php?rest_route=%2Fwp%2Fv2%2Fmedia&parent=6375"}],"wp:term":[{"taxonomy":"category","embeddable":true,"href":"https:\/\/online.tvk-gaj.pl\/index.php?rest_route=%2Fwp%2Fv2%2Fcategories&post=6375"},{"taxonomy":"post_tag","embeddable":true,"href":"https:\/\/online.tvk-gaj.pl\/index.php?rest_route=%2Fwp%2Fv2%2Ftags&post=6375"}],"curies":[{"name":"wp","href":"https:\/\/api.w.org\/{rel}","templated":true}]}}