{"id":6379,"date":"2016-05-30T12:08:21","date_gmt":"2016-05-30T10:08:21","guid":{"rendered":"http:\/\/www.tvk-gaj.pl\/~gajonline\/?p=6379"},"modified":"2016-05-30T12:08:21","modified_gmt":"2016-05-30T10:08:21","slug":"relacja-z-weekendu-esk-na-gaju-28-29-maja","status":"publish","type":"post","link":"https:\/\/online.tvk-gaj.pl\/?p=6379","title":{"rendered":"Relacja z weekendu ESK na Gaju 28-29 maja"},"content":{"rendered":"<p>Zapraszamy do cotygodniowej fotorelacji z weekendu na plenerowej scenie ESK na Gaju. Weekend 28-29 maja.<!--more--><\/p>\n<p>S\u0142owa klucze dla minionego weekendu to: gry i zabawy sportowe dla dzieci, muzyka odtwarzana przez osiedlowego DJ Andrzeja Nawrota, wyst\u0119p na \u017cywo zespo\u0142u Blue Jeans \u2013muzyka lat 60 i 70, wsp\u00f3lne malowanie kolorowanek i ich oficjalny pokaz na scenie ESK . Do tego doda\u0107 trzeba przepi\u0119kn\u0105, s\u0142oneczn\u0105 pogod\u0119 oraz du\u017co, du\u017co u\u015bmiechu i zabawy:)<\/p>\n<p>&nbsp;<\/p>\n<p><a href=\"http:\/\/www.tvk-gaj.pl\/~gajonline\/wp-content\/uploads\/2016\/05\/DSCN5095.jpg\"><img loading=\"lazy\" decoding=\"async\" class=\"aligncenter size-large wp-image-6382\" src=\"http:\/\/www.tvk-gaj.pl\/~gajonline\/wp-content\/uploads\/2016\/05\/DSCN5095-1024x768.jpg\" alt=\"DSCN5095\" width=\"838\" height=\"629\" srcset=\"https:\/\/online.tvk-gaj.pl\/wp-content\/uploads\/2016\/05\/DSCN5095-1024x768.jpg 1024w, https:\/\/online.tvk-gaj.pl\/wp-content\/uploads\/2016\/05\/DSCN5095-300x225.jpg 300w, https:\/\/online.tvk-gaj.pl\/wp-content\/uploads\/2016\/05\/DSCN5095-768x576.jpg 768w, https:\/\/online.tvk-gaj.pl\/wp-content\/uploads\/2016\/05\/DSCN5095.jpg 1300w\" sizes=\"auto, (max-width: 838px) 100vw, 838px\" \/><\/a><\/p>\n<p style=\"text-align: center;\"><em>Wsp\u00f3lne malowanie kolorowanek\u00a0<\/em><\/p>\n<p>&nbsp;<\/p>\n<p><a href=\"http:\/\/www.tvk-gaj.pl\/~gajonline\/wp-content\/uploads\/2016\/05\/DSCN5120.jpg\"><img loading=\"lazy\" decoding=\"async\" class=\"aligncenter size-large wp-image-6380\" src=\"http:\/\/www.tvk-gaj.pl\/~gajonline\/wp-content\/uploads\/2016\/05\/DSCN5120-1024x796.jpg\" alt=\"DSCN5120\" width=\"838\" height=\"651\" srcset=\"https:\/\/online.tvk-gaj.pl\/wp-content\/uploads\/2016\/05\/DSCN5120-1024x796.jpg 1024w, https:\/\/online.tvk-gaj.pl\/wp-content\/uploads\/2016\/05\/DSCN5120-300x233.jpg 300w, https:\/\/online.tvk-gaj.pl\/wp-content\/uploads\/2016\/05\/DSCN5120-768x597.jpg 768w, https:\/\/online.tvk-gaj.pl\/wp-content\/uploads\/2016\/05\/DSCN5120.jpg 1300w\" sizes=\"auto, (max-width: 838px) 100vw, 838px\" \/><\/a><\/p>\n<p style=\"text-align: center;\"><em>Wyst\u0119p zespo\u0142u Blue Jeans &#8211; muzyka lat 60 i 70<\/em><\/p>\n<p>&nbsp;<\/p>\n<p><a href=\"http:\/\/www.tvk-gaj.pl\/~gajonline\/wp-content\/uploads\/2016\/05\/DSCN5140.jpg\"><img loading=\"lazy\" decoding=\"async\" class=\"aligncenter size-large wp-image-6383\" src=\"http:\/\/www.tvk-gaj.pl\/~gajonline\/wp-content\/uploads\/2016\/05\/DSCN5140-1024x768.jpg\" alt=\"DSCN5140\" width=\"838\" height=\"629\" srcset=\"https:\/\/online.tvk-gaj.pl\/wp-content\/uploads\/2016\/05\/DSCN5140-1024x768.jpg 1024w, https:\/\/online.tvk-gaj.pl\/wp-content\/uploads\/2016\/05\/DSCN5140-300x225.jpg 300w, https:\/\/online.tvk-gaj.pl\/wp-content\/uploads\/2016\/05\/DSCN5140-768x576.jpg 768w, https:\/\/online.tvk-gaj.pl\/wp-content\/uploads\/2016\/05\/DSCN5140.jpg 1300w\" sizes=\"auto, (max-width: 838px) 100vw, 838px\" \/><\/a><\/p>\n<p style=\"text-align: center;\"><em>Integracja dzieci i rodzic\u00f3w;)<\/em><\/p>\n<p>&nbsp;<\/p>\n<p>&nbsp;<\/p>\n<p>&nbsp;<\/p>\n<p>Dzi\u0119kujemy za wsp\u00f3lnie sp\u0119dzony czas:)<\/p>\n<p>&nbsp;<\/p>\n<p><strong>FOTORELACJA Z WEEKENDU 28-29 maja<\/strong><\/p>\n<p><img decoding=\"async\" class=\"ngg_displayed_gallery mceItem\" src=\"http:\/\/www.tvk-gaj.pl\/~gajonline\/index.php\/nextgen-attach_to_post\/preview\/id--6381\" data-mce-placeholder=\"1\" \/><\/p>\n<p>&nbsp;<\/p>\n<p>&nbsp;<\/p>\n","protected":false},"excerpt":{"rendered":"<p>Zapraszamy do cotygodniowej fotorelacji z weekendu na plenerowej scenie ESK na Gaju. Weekend 28-29 maja.<\/p>\n","protected":false},"author":1,"featured_media":6380,"comment_status":"open","ping_status":"open","sticky":false,"template":"","format":"standard","meta":{"footnotes":""},"categories":[14,630],"tags":[400,632,638,642,112,653,672,671,166,128,664,271,135,294,670,649,650],"class_list":["post-6379","post","type-post","status-publish","format-standard","has-post-thumbnail","hentry","category-aktualnosci","category-esk-2016","tag-dzieci","tag-esk","tag-europejska-stolica-kultury","tag-europejska-stolica-kultury-wroclaw-2016","tag-gaj","tag-koncert","tag-kontener-kultury","tag-mlodziez","tag-osiedle-gaj","tag-park-sloneczny","tag-pawilon-kultury","tag-piknik","tag-rada-osiedla-gaj","tag-relacja","tag-reportaz","tag-scena-esk","tag-zdjecia"],"_links":{"self":[{"href":"https:\/\/online.tvk-gaj.pl\/index.php?rest_route=\/wp\/v2\/posts\/6379","targetHints":{"allow":["GET"]}}],"collection":[{"href":"https:\/\/online.tvk-gaj.pl\/index.php?rest_route=\/wp\/v2\/posts"}],"about":[{"href":"https:\/\/online.tvk-gaj.pl\/index.php?rest_route=\/wp\/v2\/types\/post"}],"author":[{"embeddable":true,"href":"https:\/\/online.tvk-gaj.pl\/index.php?rest_route=\/wp\/v2\/users\/1"}],"replies":[{"embeddable":true,"href":"https:\/\/online.tvk-gaj.pl\/index.php?rest_route=%2Fwp%2Fv2%2Fcomments&post=6379"}],"version-history":[{"count":2,"href":"https:\/\/online.tvk-gaj.pl\/index.php?rest_route=\/wp\/v2\/posts\/6379\/revisions"}],"predecessor-version":[{"id":6386,"href":"https:\/\/online.tvk-gaj.pl\/index.php?rest_route=\/wp\/v2\/posts\/6379\/revisions\/6386"}],"wp:featuredmedia":[{"embeddable":true,"href":"https:\/\/online.tvk-gaj.pl\/index.php?rest_route=\/wp\/v2\/media\/6380"}],"wp:attachment":[{"href":"https:\/\/online.tvk-gaj.pl\/index.php?rest_route=%2Fwp%2Fv2%2Fmedia&parent=6379"}],"wp:term":[{"taxonomy":"category","embeddable":true,"href":"https:\/\/online.tvk-gaj.pl\/index.php?rest_route=%2Fwp%2Fv2%2Fcategories&post=6379"},{"taxonomy":"post_tag","embeddable":true,"href":"https:\/\/online.tvk-gaj.pl\/index.php?rest_route=%2Fwp%2Fv2%2Ftags&post=6379"}],"curies":[{"name":"wp","href":"https:\/\/api.w.org\/{rel}","templated":true}]}}