{"id":6387,"date":"2016-05-30T12:50:11","date_gmt":"2016-05-30T10:50:11","guid":{"rendered":"http:\/\/www.tvk-gaj.pl\/~gajonline\/?p=6387"},"modified":"2016-05-30T12:50:50","modified_gmt":"2016-05-30T10:50:50","slug":"na-gaju-powstala-elektrownia-sloneczna","status":"publish","type":"post","link":"https:\/\/online.tvk-gaj.pl\/?p=6387","title":{"rendered":"Na Gaju powsta\u0142a elektrownia s\u0142oneczna!"},"content":{"rendered":"<p>Mamy ju\u017c pr\u0119\u017cnie dzia\u0142aj\u0105c\u0105 Rad\u0119 Osiedla, l\u0105dowisko dla \u015bmig\u0142owc\u00f3w, McDonalda z mo\u017cliwo\u015bci\u0105 tworzenia w\u0142asnych hamburger\u00f3w, to teraz czas na&#8230; w\u0142asn\u0105 elektrowni\u0119:) Na dachu bloku przy ul. \u015awieradowskiej powsta\u0142a sk\u0142adaj\u0105ca si\u0119 ze 153 paneli s\u0142onecznych, niezale\u017cna elektrownia s\u0142oneczna. Wi\u0119cej w artykule Gazety Wyborczej.\u00a0<!--more--><\/p>\n<p><strong><br \/>\nWe Wroc\u0142awiu powsta\u0142a pierwsza w mie\u015bcie elektrownia s\u0142oneczna na dachu bloku &#8211; przy ul. \u015awieradowskiej. Na pocz\u0105tek, pr\u0105d z paneli fotowoltaicznych o\u015bwietli korytarze, windy i maszynowni\u0119.<\/strong><\/p>\n<p>&nbsp;<\/p>\n<p><a href=\"http:\/\/www.tvk-gaj.pl\/~gajonline\/wp-content\/uploads\/2016\/05\/z20142944QWe-Wroclawiu-powstala-pierwsza-w-miescie-elektrown-1.jpg\"><img loading=\"lazy\" decoding=\"async\" class=\"aligncenter size-full wp-image-6389\" src=\"http:\/\/www.tvk-gaj.pl\/~gajonline\/wp-content\/uploads\/2016\/05\/z20142944QWe-Wroclawiu-powstala-pierwsza-w-miescie-elektrown-1.jpg\" alt=\"z20142944Q,We-Wroclawiu-powstala-pierwsza-w-miescie-elektrown (1)\" width=\"620\" height=\"349\" srcset=\"https:\/\/online.tvk-gaj.pl\/wp-content\/uploads\/2016\/05\/z20142944QWe-Wroclawiu-powstala-pierwsza-w-miescie-elektrown-1.jpg 620w, https:\/\/online.tvk-gaj.pl\/wp-content\/uploads\/2016\/05\/z20142944QWe-Wroclawiu-powstala-pierwsza-w-miescie-elektrown-1-300x169.jpg 300w\" sizes=\"auto, (max-width: 620px) 100vw, 620px\" \/><\/a><\/p>\n<p>&nbsp;<\/p>\n<p>Na dachu wie\u017cowca przy ul. \u015awieradowskiej 65, zarz\u0105dzanego przez sp\u00f3\u0142dzielni\u0119 mieszkaniow\u0105 Wroc\u0142aw-Po\u0142udnie, zosta\u0142o zamontowanych 153 paneli fotowoltaicznych. Inwestycja kosztowa\u0142a 240 tys. z\u0142otych, kt\u00f3re sp\u00f3\u0142dzielnia otrzyma\u0142a w ramach programu Prosument od Narodowego Funduszu Ochrony \u015arodowiska i Gospodarki Wodnej. Oko\u0142o 40 proc. z tej kwoty to bezzwrotna dotacja, a pozosta\u0142a cz\u0119\u015b\u0107 to niskooprocentowana po\u017cyczka sp\u0142acana przez dziewi\u0119\u0107 lat.<\/p>\n<p>&#8211; Planujemy, \u017ce inwestycja zwr\u00f3ci si\u0119 po oko\u0142o sze\u015bciu latach. Ju\u017c w nast\u0119pnym roku mieszka\u0144cy zap\u0142ac\u0105 ni\u017csze rachunki za energi\u0119 elektryczn\u0105 a po sp\u0142acie po\u017cyczki ta op\u0142ata mo\u017ce by\u0107 symboliczna &#8211; m\u00f3wi J\u00f3zef \u015anie\u017cek, prezes SM Wroc\u0142aw-Po\u0142udnie.<\/p>\n<p>&nbsp;<\/p>\n<p><a href=\"http:\/\/www.tvk-gaj.pl\/~gajonline\/wp-content\/uploads\/2016\/05\/z20142940QWe-Wroclawiu-powstala-pierwsza-w-miescie-elektrown.jpg\"><img loading=\"lazy\" decoding=\"async\" class=\"aligncenter size-full wp-image-6391\" src=\"http:\/\/www.tvk-gaj.pl\/~gajonline\/wp-content\/uploads\/2016\/05\/z20142940QWe-Wroclawiu-powstala-pierwsza-w-miescie-elektrown.jpg\" alt=\"z20142940Q,We-Wroclawiu-powstala-pierwsza-w-miescie-elektrown\" width=\"620\" height=\"413\" srcset=\"https:\/\/online.tvk-gaj.pl\/wp-content\/uploads\/2016\/05\/z20142940QWe-Wroclawiu-powstala-pierwsza-w-miescie-elektrown.jpg 620w, https:\/\/online.tvk-gaj.pl\/wp-content\/uploads\/2016\/05\/z20142940QWe-Wroclawiu-powstala-pierwsza-w-miescie-elektrown-300x200.jpg 300w, https:\/\/online.tvk-gaj.pl\/wp-content\/uploads\/2016\/05\/z20142940QWe-Wroclawiu-powstala-pierwsza-w-miescie-elektrown-321x214.jpg 321w, https:\/\/online.tvk-gaj.pl\/wp-content\/uploads\/2016\/05\/z20142940QWe-Wroclawiu-powstala-pierwsza-w-miescie-elektrown-140x94.jpg 140w\" sizes=\"auto, (max-width: 620px) 100vw, 620px\" \/><\/a><\/p>\n<p>&nbsp;<\/p>\n<p>Instalacja ma ca\u0142kowit\u0105 moc blisko 40 kW, a nadwy\u017cki energii sp\u00f3\u0142dzielcy b\u0119d\u0105 sprzedawa\u0107 do sieci. Pr\u0105d z elektrowni s\u0142onecznej o\u015bwietli cz\u0119\u015bci wsp\u00f3lne budynku m.in. korytarze, windy czy maszynowni\u0119.<\/p>\n<p>&#8211; Mamy nadziej\u0119, i\u017c projekt przyci\u0105gnie kolejne wsp\u00f3lnoty i Wroc\u0142aw stanie si\u0119 wzorem dla innych miast. To nie tylko oszcz\u0119dno\u015bci, ale te\u017c troska o \u015brodowisko. Dzi\u0119ki wykorzystaniu energii ze s\u0142o\u0144ca, do powietrza trafi mniej gazu cieplarnianego. W przypadku jednego budynku to ponad 30 ton CO2 mniej w skali roku &#8211; m\u00f3wi Robert Borkacki, g\u0142\u00f3wny specjalista ds. informacji i promocji WFO\u015aiGW we Wroc\u0142awiu.<\/p>\n<p>&nbsp;<\/p>\n<p><strong>Panele na 13 budynkach<\/strong><\/p>\n<p>&nbsp;<\/p>\n<p><a href=\"http:\/\/www.tvk-gaj.pl\/~gajonline\/wp-content\/uploads\/2016\/05\/z20142943QWe-Wroclawiu-powstala-pierwsza-w-miescie-elektrown.jpg\"><img loading=\"lazy\" decoding=\"async\" class=\"aligncenter size-full wp-image-6390\" src=\"http:\/\/www.tvk-gaj.pl\/~gajonline\/wp-content\/uploads\/2016\/05\/z20142943QWe-Wroclawiu-powstala-pierwsza-w-miescie-elektrown.jpg\" alt=\"z20142943Q,We-Wroclawiu-powstala-pierwsza-w-miescie-elektrown\" width=\"620\" height=\"413\" srcset=\"https:\/\/online.tvk-gaj.pl\/wp-content\/uploads\/2016\/05\/z20142943QWe-Wroclawiu-powstala-pierwsza-w-miescie-elektrown.jpg 620w, https:\/\/online.tvk-gaj.pl\/wp-content\/uploads\/2016\/05\/z20142943QWe-Wroclawiu-powstala-pierwsza-w-miescie-elektrown-300x200.jpg 300w, https:\/\/online.tvk-gaj.pl\/wp-content\/uploads\/2016\/05\/z20142943QWe-Wroclawiu-powstala-pierwsza-w-miescie-elektrown-321x214.jpg 321w, https:\/\/online.tvk-gaj.pl\/wp-content\/uploads\/2016\/05\/z20142943QWe-Wroclawiu-powstala-pierwsza-w-miescie-elektrown-140x94.jpg 140w\" sizes=\"auto, (max-width: 620px) 100vw, 620px\" \/><\/a><\/p>\n<p>&nbsp;<\/p>\n<p>Sp\u00f3\u0142dzielcy planuj\u0105 ju\u017c uruchomienie kolejnych instalacji na 13 budynkach we Wroc\u0142awiu: w dw\u00f3ch dodatkowych budynkach przy ul. \u015awieradowskiej, przy ul. Studziennej (dwa budynki), Swobodnej (dwa budynki), Nyskiej, \u015alicznej (trzy budynki), Zieli\u0144skiego (dwa budynki) i Orzechowej. To w sumie 1750 paneli s\u0142onecznych o \u0142\u0105cznej mocy 454 kW i ograniczenie emisji CO2 o 360 ton rocznie. Ca\u0142kowity koszt instalacji zosta\u0142 oszacowany na oko\u0142o 2,7 mln z\u0142otych, z czego dotacja od WFO\u015aiGW pokryje ponad milion z\u0142otych, a 1,6 mln zostanie przyznane na zasadach preferencyjnej po\u017cyczki. Przewidywany termin uruchomienia kolejnych s\u0142onecznych elektrowni to druga po\u0142owa 2016 roku.<\/p>\n<p>&#8211; Po zako\u0144czeniu inwestycji sp\u00f3\u0142dzielnia b\u0119dzie najwi\u0119kszym producentem zielonej energii i liderem w walce z zanieczyszczeniem powietrza we Wroc\u0142awiu &#8211; m\u00f3wi Miros\u0142aw Lach, przewodnicz\u0105cy Rady Nadzorczej SM Wroc\u0142aw Po\u0142udnie.<\/p>\n<p>Podobny program ruszy\u0142 tak\u017ce w Legnicy. Na pi\u0119ciu wie\u017cowcach zamontowano tam 158 paneli fotowoltaicznych. Dzi\u0119ki darmowej, s\u0142onecznej energii w budynkach s\u0105 o\u015bwietlane m.in. klatki schodowe i windy. Koszt ca\u0142ej inwestycji to oko\u0142o 350 tys. z\u0142otych. To r\u00f3wnie\u017c \u015brodki z WFO\u015aiGW we Wroc\u0142awiu. Nadwy\u017cki wyprodukowanego pr\u0105du b\u0119d\u0105 sprzedawane do sieci, a inwestycja ma si\u0119 zwr\u00f3ci\u0107 po oko\u0142o 7 latach.<\/p>\n<p>&nbsp;<\/p>\n<p>&nbsp;<\/p>\n<div class='et-box et-bio'>\n\t\t\t\t\t<div class='et-box-content'>Autor: Joanna Dzikowska \u0179r\u00f3d\u0142\u00f3: Gazeta Wyborcza Wroc\u0142aw Data publikacji: 30.05.2016<\/div><\/div>\n<p>&nbsp;<\/p>\n<p>&nbsp;<\/p>\n","protected":false},"excerpt":{"rendered":"<p>Mamy ju\u017c pr\u0119\u017cnie dzia\u0142aj\u0105c\u0105 Rad\u0119 Osiedla, l\u0105dowisko dla \u015bmig\u0142owc\u00f3w, McDonalda z mo\u017cliwo\u015bci\u0105 tworzenia w\u0142asnych hamburger\u00f3w, to teraz czas na&#8230; w\u0142asn\u0105 elektrowni\u0119:) Na dachu bloku przy ul. \u015awieradowskiej powsta\u0142a sk\u0142adaj\u0105ca si\u0119 ze 153 paneli s\u0142onecznych, niezale\u017cna elektrownia s\u0142oneczna. Wi\u0119cej w artykule Gazety Wyborczej.\u00a0<\/p>\n","protected":false},"author":1,"featured_media":6388,"comment_status":"open","ping_status":"open","sticky":false,"template":"","format":"standard","meta":{"footnotes":""},"categories":[14,12],"tags":[675,673,676,674,112,165],"class_list":["post-6387","post","type-post","status-publish","format-standard","has-post-thumbnail","hentry","category-aktualnosci","category-artykuly","tag-blok","tag-elektrownia","tag-elektrownia-na-dachu-bloku","tag-elektrownia-sloneczna","tag-gaj","tag-wroclaw"],"_links":{"self":[{"href":"https:\/\/online.tvk-gaj.pl\/index.php?rest_route=\/wp\/v2\/posts\/6387","targetHints":{"allow":["GET"]}}],"collection":[{"href":"https:\/\/online.tvk-gaj.pl\/index.php?rest_route=\/wp\/v2\/posts"}],"about":[{"href":"https:\/\/online.tvk-gaj.pl\/index.php?rest_route=\/wp\/v2\/types\/post"}],"author":[{"embeddable":true,"href":"https:\/\/online.tvk-gaj.pl\/index.php?rest_route=\/wp\/v2\/users\/1"}],"replies":[{"embeddable":true,"href":"https:\/\/online.tvk-gaj.pl\/index.php?rest_route=%2Fwp%2Fv2%2Fcomments&post=6387"}],"version-history":[{"count":3,"href":"https:\/\/online.tvk-gaj.pl\/index.php?rest_route=\/wp\/v2\/posts\/6387\/revisions"}],"predecessor-version":[{"id":6394,"href":"https:\/\/online.tvk-gaj.pl\/index.php?rest_route=\/wp\/v2\/posts\/6387\/revisions\/6394"}],"wp:featuredmedia":[{"embeddable":true,"href":"https:\/\/online.tvk-gaj.pl\/index.php?rest_route=\/wp\/v2\/media\/6388"}],"wp:attachment":[{"href":"https:\/\/online.tvk-gaj.pl\/index.php?rest_route=%2Fwp%2Fv2%2Fmedia&parent=6387"}],"wp:term":[{"taxonomy":"category","embeddable":true,"href":"https:\/\/online.tvk-gaj.pl\/index.php?rest_route=%2Fwp%2Fv2%2Fcategories&post=6387"},{"taxonomy":"post_tag","embeddable":true,"href":"https:\/\/online.tvk-gaj.pl\/index.php?rest_route=%2Fwp%2Fv2%2Ftags&post=6387"}],"curies":[{"name":"wp","href":"https:\/\/api.w.org\/{rel}","templated":true}]}}