{"id":6395,"date":"2016-05-31T20:07:52","date_gmt":"2016-05-31T18:07:52","guid":{"rendered":"http:\/\/www.tvk-gaj.pl\/~gajonline\/?p=6395"},"modified":"2016-05-31T20:08:47","modified_gmt":"2016-05-31T18:08:47","slug":"dzien-dziecka-w-ferio-gaj","status":"publish","type":"post","link":"https:\/\/online.tvk-gaj.pl\/?p=6395","title":{"rendered":"Dzie\u0144 dziecka w Ferio Gaj"},"content":{"rendered":"<p>[Akcja partnerska] Serdecznie zapraszamy wszystkie dzieci i rodzic\u00f3w na\u00a0Dzie\u0144 Dziecka w FERIO Gaj!<!--more--><\/p>\n<p>&nbsp;<\/p>\n<p><a href=\"http:\/\/www.tvk-gaj.pl\/~gajonline\/wp-content\/uploads\/2016\/05\/13322004_1151942518169941_2449271599273146450_n.jpg\"><img loading=\"lazy\" decoding=\"async\" class=\"aligncenter size-full wp-image-6396\" src=\"http:\/\/www.tvk-gaj.pl\/~gajonline\/wp-content\/uploads\/2016\/05\/13322004_1151942518169941_2449271599273146450_n.jpg\" alt=\"13322004_1151942518169941_2449271599273146450_n\" width=\"483\" height=\"690\" srcset=\"https:\/\/online.tvk-gaj.pl\/wp-content\/uploads\/2016\/05\/13322004_1151942518169941_2449271599273146450_n.jpg 483w, https:\/\/online.tvk-gaj.pl\/wp-content\/uploads\/2016\/05\/13322004_1151942518169941_2449271599273146450_n-210x300.jpg 210w\" sizes=\"auto, (max-width: 483px) 100vw, 483px\" \/><\/a><\/p>\n<p>&nbsp;<\/p>\n<p>Wielkie szale\u0144stwo z okazji Dnia Dziecka! Moc atrakcji i niezapomnianych wra\u017ce\u0144 czekaj\u0105 na wszystkie dzieci 1 czerwca w Kinderplanecie w FERIO Gaj.<\/p>\n<p>Tego dnia wst\u0119p na plac zabaw b\u0119dzie wolny. Dodatkowo na dzieci czekaj\u0105: malowanie buziak\u00f3w, balonowe animacje, konkursy plastyczne oraz upominki.<\/p>\n<p>\u017bycz\u0105c udanej zabawy, wszystkich serdecznie zapraszamy 1 czerwca, w godz. 11:00-19:00, do Kinderplanety w FERIO Gaj.<\/p>\n<p>&nbsp;<\/p>\n<p>&nbsp;<\/p>\n<div class='et-box et-info'>\n\t\t\t\t\t<div class='et-box-content'>Centrum handlowo \u2013 us\u0142ugowe FERIO Gaj ul. \u015awieradowska 51\/57, 50-559 Wroc\u0142aw, Godziny otwarcia supermarketu Piotr i Pawe\u0142 pon. \u2013 sb. 8:00-22:30, ndz. 10:00-19:00. Godziny otwarcia Centrum pon. &#8211; sb. 10:00-21:00, ndz. 10:00-19:00.<\/div><\/div>\n<p>&nbsp;<\/p>\n<p>&nbsp;<\/p>\n","protected":false},"excerpt":{"rendered":"<p>[Akcja partnerska] Serdecznie zapraszamy wszystkie dzieci i rodzic\u00f3w na\u00a0Dzie\u0144 Dziecka w FERIO Gaj!<\/p>\n","protected":false},"author":1,"featured_media":6397,"comment_status":"open","ping_status":"open","sticky":false,"template":"","format":"standard","meta":{"footnotes":""},"categories":[14],"tags":[212,400,448,131,678,677,166,657,331],"class_list":["post-6395","post","type-post","status-publish","format-standard","has-post-thumbnail","hentry","category-aktualnosci","tag-centrum-handlowe-ferio-gaj","tag-dzieci","tag-dzien-dziecka","tag-ferio-gaj","tag-gry","tag-konkursy","tag-osiedle-gaj","tag-promocja","tag-zabawa"],"_links":{"self":[{"href":"https:\/\/online.tvk-gaj.pl\/index.php?rest_route=\/wp\/v2\/posts\/6395","targetHints":{"allow":["GET"]}}],"collection":[{"href":"https:\/\/online.tvk-gaj.pl\/index.php?rest_route=\/wp\/v2\/posts"}],"about":[{"href":"https:\/\/online.tvk-gaj.pl\/index.php?rest_route=\/wp\/v2\/types\/post"}],"author":[{"embeddable":true,"href":"https:\/\/online.tvk-gaj.pl\/index.php?rest_route=\/wp\/v2\/users\/1"}],"replies":[{"embeddable":true,"href":"https:\/\/online.tvk-gaj.pl\/index.php?rest_route=%2Fwp%2Fv2%2Fcomments&post=6395"}],"version-history":[{"count":1,"href":"https:\/\/online.tvk-gaj.pl\/index.php?rest_route=\/wp\/v2\/posts\/6395\/revisions"}],"predecessor-version":[{"id":6398,"href":"https:\/\/online.tvk-gaj.pl\/index.php?rest_route=\/wp\/v2\/posts\/6395\/revisions\/6398"}],"wp:featuredmedia":[{"embeddable":true,"href":"https:\/\/online.tvk-gaj.pl\/index.php?rest_route=\/wp\/v2\/media\/6397"}],"wp:attachment":[{"href":"https:\/\/online.tvk-gaj.pl\/index.php?rest_route=%2Fwp%2Fv2%2Fmedia&parent=6395"}],"wp:term":[{"taxonomy":"category","embeddable":true,"href":"https:\/\/online.tvk-gaj.pl\/index.php?rest_route=%2Fwp%2Fv2%2Fcategories&post=6395"},{"taxonomy":"post_tag","embeddable":true,"href":"https:\/\/online.tvk-gaj.pl\/index.php?rest_route=%2Fwp%2Fv2%2Ftags&post=6395"}],"curies":[{"name":"wp","href":"https:\/\/api.w.org\/{rel}","templated":true}]}}