{"id":6399,"date":"2016-06-02T20:12:16","date_gmt":"2016-06-02T18:12:16","guid":{"rendered":"http:\/\/www.tvk-gaj.pl\/~gajonline\/?p=6399"},"modified":"2016-06-02T20:14:09","modified_gmt":"2016-06-02T18:14:09","slug":"wedrujace-ksiazki-nowy-projekt-plenerowej-sceny-esk","status":"publish","type":"post","link":"https:\/\/online.tvk-gaj.pl\/?p=6399","title":{"rendered":"&#8222;W\u0119druj\u0105ce ksi\u0105\u017cki&#8221; &#8211; nowy projekt plenerowej sceny ESK"},"content":{"rendered":"<p>Lubisz czyta\u0107? Szukasz ciekawych ksi\u0105\u017cek? Chcia\u0142by\u015b pozna\u0107 inne osoby, kt\u00f3re tak jak Ty czytaj\u0105? Wszystkich, kt\u00f3rzy cho\u0107 na jedno z tych pyta\u0144 odpowiedzieli twierdz\u0105co zach\u0119camy do zapoznania sie z nowym projektem Rady Osiedla Gaj i\u00a0Europejskiej Stolicy Kultury Wroc\u0142aw 2016 na Gaju! Ruszamy z plenerow\u0105 &#8222;bibliotek\u0105&#8221; promuj\u0105c\u0105 bookcrossing.\u00a0<!--more--><\/p>\n<p>&nbsp;<\/p>\n<p><a href=\"http:\/\/www.tvk-gaj.pl\/~gajonline\/wp-content\/uploads\/2016\/06\/13323538_1153432024687657_1846179876180933495_o.jpg\"><img loading=\"lazy\" decoding=\"async\" class=\"aligncenter size-large wp-image-6404\" src=\"http:\/\/www.tvk-gaj.pl\/~gajonline\/wp-content\/uploads\/2016\/06\/13323538_1153432024687657_1846179876180933495_o-1024x577.jpg\" alt=\"13323538_1153432024687657_1846179876180933495_o\" width=\"838\" height=\"472\" srcset=\"https:\/\/online.tvk-gaj.pl\/wp-content\/uploads\/2016\/06\/13323538_1153432024687657_1846179876180933495_o-1024x577.jpg 1024w, https:\/\/online.tvk-gaj.pl\/wp-content\/uploads\/2016\/06\/13323538_1153432024687657_1846179876180933495_o-300x169.jpg 300w, https:\/\/online.tvk-gaj.pl\/wp-content\/uploads\/2016\/06\/13323538_1153432024687657_1846179876180933495_o-768x433.jpg 768w, https:\/\/online.tvk-gaj.pl\/wp-content\/uploads\/2016\/06\/13323538_1153432024687657_1846179876180933495_o.jpg 1325w\" sizes=\"auto, (max-width: 838px) 100vw, 838px\" \/><\/a><\/p>\n<p>&nbsp;<\/p>\n<p>&nbsp;<\/p>\n<p><strong>W\u0119druj\u0105ce ksi\u0105\u017cki<\/strong><\/p>\n<p>Serdeczni zapraszamy do udzia\u0142u w projekcie Rady Osiedla Gaj i plenerowej sceny Europejskiej Stolicy Kultury Wroc\u0142aw 2016 &#8211; &#8222;W\u0119druj\u0105ce ksi\u0105\u017cki&#8221;.<\/p>\n<p>Zasady s\u0105 bardzo proste: wystarczy przynie\u015b\u0107 dowoln\u0105 ksi\u0105\u017ck\u0119 i<span class=\"text_exposed_show\"> wymieni\u0107 j\u0105 na jedn\u0105 z naszej kolekcji. Po przeczytaniu wypo\u017cyczonej ksi\u0105\u017cki zach\u0119camy do dalszego wymieniania ksi\u0105\u017cek na nowe. Akcja dzia\u0142a w oparciu o idee bookcrossingu, czyli\u00a0idei nieodp\u0142atnego przekazywania ksi\u0105\u017cek poprzez pozostawianie ich w miejscach publicznych, jak r\u00f3wnie\u017c w miejscach celowo utworzonych tzw. p\u00f3\u0142kach bookcrossingowych (stoliki, rega\u0142y, gabloty), po to, by znalazca m\u00f3g\u0142 je przeczyta\u0107 i przekaza\u0107 dalej. Tym miejscem b\u0119dzie scena kontenera kultury ESK w Parku S\u0142onecznym na Gaju!<\/span><\/p>\n<p><span class=\"text_exposed_show\">W ten spos\u00f3b mo\u017cna b\u0119dzie trafi\u0107 na ciekawe i nowe pozycje. Udzia\u0142 w akcji jest zupe\u0142nie darmowy!<\/span><\/p>\n<p>&nbsp;<\/p>\n<p>&nbsp;<\/p>\n<p><a href=\"http:\/\/www.tvk-gaj.pl\/~gajonline\/wp-content\/uploads\/2016\/04\/plakat_kazdy-weekend.jpg\"><img loading=\"lazy\" decoding=\"async\" class=\"aligncenter size-large wp-image-5651\" src=\"http:\/\/www.tvk-gaj.pl\/~gajonline\/wp-content\/uploads\/2016\/04\/plakat_kazdy-weekend-725x1024.jpg\" alt=\"plakat_kazdy weekend\" width=\"725\" height=\"1024\" srcset=\"https:\/\/online.tvk-gaj.pl\/wp-content\/uploads\/2016\/04\/plakat_kazdy-weekend-725x1024.jpg 725w, https:\/\/online.tvk-gaj.pl\/wp-content\/uploads\/2016\/04\/plakat_kazdy-weekend-212x300.jpg 212w, https:\/\/online.tvk-gaj.pl\/wp-content\/uploads\/2016\/04\/plakat_kazdy-weekend-768x1085.jpg 768w, https:\/\/online.tvk-gaj.pl\/wp-content\/uploads\/2016\/04\/plakat_kazdy-weekend.jpg 1062w\" sizes=\"auto, (max-width: 725px) 100vw, 725px\" \/><\/a><\/p>\n<p>&nbsp;<\/p>\n<p>&nbsp;<\/p>\n<p><strong>Zapraszamy w ka\u017cdy weekend od maja do pa\u017adziernika w godzinach 14-20!<\/strong><\/p>\n<p>&nbsp;<\/p>\n<p>&nbsp;<\/p>\n","protected":false},"excerpt":{"rendered":"<p>Lubisz czyta\u0107? Szukasz ciekawych ksi\u0105\u017cek? Chcia\u0142by\u015b pozna\u0107 inne osoby, kt\u00f3re tak jak Ty czytaj\u0105? Wszystkich, kt\u00f3rzy cho\u0107 na jedno z tych pyta\u0144 odpowiedzieli twierdz\u0105co zach\u0119camy do zapoznania sie z nowym projektem Rady Osiedla Gaj i\u00a0Europejskiej Stolicy Kultury Wroc\u0142aw 2016 na Gaju! Ruszamy z plenerow\u0105 &#8222;bibliotek\u0105&#8221; promuj\u0105c\u0105 bookcrossing.\u00a0<\/p>\n","protected":false},"author":1,"featured_media":6400,"comment_status":"open","ping_status":"open","sticky":false,"template":"","format":"standard","meta":{"footnotes":""},"categories":[14,630],"tags":[682,684,683,632,638,112,680,128,645,135,649,679,646,681],"class_list":["post-6399","post","type-post","status-publish","format-standard","has-post-thumbnail","hentry","category-aktualnosci","category-esk-2016","tag-akcja-wymiany-ksiazek","tag-biblioteka","tag-czytanie","tag-esk","tag-europejska-stolica-kultury","tag-gaj","tag-ksiazki","tag-park-sloneczny","tag-pawilon-esk","tag-rada-osiedla-gaj","tag-scena-esk","tag-wedrujace-ksiazki","tag-wroclaw-2016","tag-wypozyczalnia"],"_links":{"self":[{"href":"https:\/\/online.tvk-gaj.pl\/index.php?rest_route=\/wp\/v2\/posts\/6399","targetHints":{"allow":["GET"]}}],"collection":[{"href":"https:\/\/online.tvk-gaj.pl\/index.php?rest_route=\/wp\/v2\/posts"}],"about":[{"href":"https:\/\/online.tvk-gaj.pl\/index.php?rest_route=\/wp\/v2\/types\/post"}],"author":[{"embeddable":true,"href":"https:\/\/online.tvk-gaj.pl\/index.php?rest_route=\/wp\/v2\/users\/1"}],"replies":[{"embeddable":true,"href":"https:\/\/online.tvk-gaj.pl\/index.php?rest_route=%2Fwp%2Fv2%2Fcomments&post=6399"}],"version-history":[{"count":5,"href":"https:\/\/online.tvk-gaj.pl\/index.php?rest_route=\/wp\/v2\/posts\/6399\/revisions"}],"predecessor-version":[{"id":6405,"href":"https:\/\/online.tvk-gaj.pl\/index.php?rest_route=\/wp\/v2\/posts\/6399\/revisions\/6405"}],"wp:featuredmedia":[{"embeddable":true,"href":"https:\/\/online.tvk-gaj.pl\/index.php?rest_route=\/wp\/v2\/media\/6400"}],"wp:attachment":[{"href":"https:\/\/online.tvk-gaj.pl\/index.php?rest_route=%2Fwp%2Fv2%2Fmedia&parent=6399"}],"wp:term":[{"taxonomy":"category","embeddable":true,"href":"https:\/\/online.tvk-gaj.pl\/index.php?rest_route=%2Fwp%2Fv2%2Fcategories&post=6399"},{"taxonomy":"post_tag","embeddable":true,"href":"https:\/\/online.tvk-gaj.pl\/index.php?rest_route=%2Fwp%2Fv2%2Ftags&post=6399"}],"curies":[{"name":"wp","href":"https:\/\/api.w.org\/{rel}","templated":true}]}}