{"id":6408,"date":"2016-06-03T17:05:56","date_gmt":"2016-06-03T15:05:56","guid":{"rendered":"http:\/\/www.tvk-gaj.pl\/~gajonline\/?p=6408"},"modified":"2016-06-07T10:45:40","modified_gmt":"2016-06-07T08:45:40","slug":"koncert-my-myself-and-i-na-gaju","status":"publish","type":"post","link":"https:\/\/online.tvk-gaj.pl\/?p=6408","title":{"rendered":"Koncert My Myself And I na Gaju!"},"content":{"rendered":"<p>My Myself And I &#8211; wyj\u0105tkowy koncert ju\u017c jutro (sobota, 4 czerwca) o godzinie 19 na plenerowej scenie ESK w Parku S\u0142onecznym na Gaju! <!--more--><\/p>\n<p>&nbsp;<\/p>\n<p><strong>My Myself And I na Gaju!\u00a0<\/strong><\/p>\n<p>&nbsp;<\/p>\n<p><a href=\"http:\/\/www.tvk-gaj.pl\/~gajonline\/wp-content\/uploads\/2016\/06\/10904053_844282685617590_7599926232086923396_o.jpg\"><img loading=\"lazy\" decoding=\"async\" class=\"aligncenter size-large wp-image-6409\" src=\"http:\/\/www.tvk-gaj.pl\/~gajonline\/wp-content\/uploads\/2016\/06\/10904053_844282685617590_7599926232086923396_o-1024x601.jpg\" alt=\"10904053_844282685617590_7599926232086923396_o\" width=\"838\" height=\"492\" srcset=\"https:\/\/online.tvk-gaj.pl\/wp-content\/uploads\/2016\/06\/10904053_844282685617590_7599926232086923396_o-1024x601.jpg 1024w, https:\/\/online.tvk-gaj.pl\/wp-content\/uploads\/2016\/06\/10904053_844282685617590_7599926232086923396_o-300x176.jpg 300w, https:\/\/online.tvk-gaj.pl\/wp-content\/uploads\/2016\/06\/10904053_844282685617590_7599926232086923396_o-768x450.jpg 768w, https:\/\/online.tvk-gaj.pl\/wp-content\/uploads\/2016\/06\/10904053_844282685617590_7599926232086923396_o.jpg 2046w\" sizes=\"auto, (max-width: 838px) 100vw, 838px\" \/><\/a><\/p>\n<p>&nbsp;<\/p>\n<p><strong>My Myself And I &#8211; wyj\u0105tkowy koncert<\/strong> ju\u017c jutro (sobota, 4 czerwca) o godzinie 19 na plenerowej scenie ESK w Parku S\u0142onecznym na Gaju!<\/p>\n<p>Serdecznie zapraszamy wszystkich mi\u0142o\u015bnik\u00f3w dobrego brzmienia na plenerowy koncert znanej i cenionej, wroc\u0142awskiej formacji My Myself And I! Zesp\u00f3l zagra na \u017cywo na scenie Europejskiej Stolicy Kultury Wroc\u0142aw 2016 w Parku S\u0142onecznym na Gaju (pomi\u0119dzy ulicami Orzechow\u0105, Armii Krajowej, a Krynick\u0105).<\/p>\n<p>Wst\u0119p bezp\u0142atny! Serdecznie zapraszamy:)<\/p>\n<p>Wi\u0119cej o zespole na stronie: <a href=\"https:\/\/web.facebook.com\/l.php?u=http%3A%2F%2Fmemyselfandi.pl%2F&amp;h=FAQGxTVi0AQHlWbKDT1qqkixfwDbSb6-hWLBmGEhSs2LNjw&amp;enc=AZPIndIVhTjMwF3s4dVzvUkXAIll65mPrIzEKOhfvznKXcwSzu1C87MMNIykgqBYLQf-_Sc1846q3rCQWQy7emupZR2OUzno0XmEueadGkzIJH_fQBhkBupLQcGdE8de-qzIm_IkSLFtg8fQjiFLWTWeI_u8nsgJUOraUEKu-Z5YgzzM9ArVf0NbNnCOV4_Om42mkBamNr21CqPymw_VlZoZ&amp;s=1\" target=\"_blank\" rel=\"nofollow\">http:\/\/memyselfandi.pl\/<\/a><\/p>\n<p>&nbsp;<\/p>\n<p><iframe loading=\"lazy\" width=\"838\" height=\"629\" src=\"https:\/\/www.youtube.com\/embed\/1pXRB59r49o?feature=oembed\" frameborder=\"0\" allowfullscreen><\/iframe><\/p>\n<p><em>Kojarzycie ten utw\u00f3r? Wi\u0119kszo\u015b\u0107 os\u00f3b kojarzy go zapewne z klip\u00f3w promocyjnych &#8222;Dotknij Tajemnicy&#8221; promuj\u0105cych Dolny \u015al\u0105sk. Utw\u00f3r skomponowany przez Me Myself And I do \u015bcie\u017cki d\u017awi\u0119kowej pierwszej cz\u0119\u015bci gry Wied\u017amin.<\/em><\/p>\n<p>&nbsp;<\/p>\n<p><strong>Plenerowa scena Europejskiej Stolicy Kultury Wroc\u0142aw 2016 &#8211; Park S\u0142oneczny na Gaju!<\/strong><\/p>\n<p>&nbsp;<\/p>\n<p><a href=\"http:\/\/www.tvk-gaj.pl\/~gajonline\/wp-content\/uploads\/2016\/04\/plakat_kazdy-weekend.jpg\"><img loading=\"lazy\" decoding=\"async\" class=\"aligncenter size-large wp-image-5651\" src=\"http:\/\/www.tvk-gaj.pl\/~gajonline\/wp-content\/uploads\/2016\/04\/plakat_kazdy-weekend-725x1024.jpg\" alt=\"plakat_kazdy weekend\" width=\"725\" height=\"1024\" srcset=\"https:\/\/online.tvk-gaj.pl\/wp-content\/uploads\/2016\/04\/plakat_kazdy-weekend-725x1024.jpg 725w, https:\/\/online.tvk-gaj.pl\/wp-content\/uploads\/2016\/04\/plakat_kazdy-weekend-212x300.jpg 212w, https:\/\/online.tvk-gaj.pl\/wp-content\/uploads\/2016\/04\/plakat_kazdy-weekend-768x1085.jpg 768w, https:\/\/online.tvk-gaj.pl\/wp-content\/uploads\/2016\/04\/plakat_kazdy-weekend.jpg 1062w\" sizes=\"auto, (max-width: 725px) 100vw, 725px\" \/><\/a><\/p>\n<p>&nbsp;<\/p>\n<p>&nbsp;<\/p>\n<p>&nbsp;<\/p>\n","protected":false},"excerpt":{"rendered":"<p>My Myself And I &#8211; wyj\u0105tkowy koncert ju\u017c jutro (sobota, 4 czerwca) o godzinie 19 na plenerowej scenie ESK w Parku S\u0142onecznym na Gaju!<\/p>\n","protected":false},"author":1,"featured_media":6409,"comment_status":"open","ping_status":"open","sticky":false,"template":"","format":"standard","meta":{"footnotes":""},"categories":[14,630],"tags":[632,685,638,642,112,653,672,686,166,128,645,135,634,652],"class_list":["post-6408","post","type-post","status-publish","format-standard","has-post-thumbnail","hentry","category-aktualnosci","category-esk-2016","tag-esk","tag-esk-na-gaju","tag-europejska-stolica-kultury","tag-europejska-stolica-kultury-wroclaw-2016","tag-gaj","tag-koncert","tag-kontener-kultury","tag-my-myself-and-i","tag-osiedle-gaj","tag-park-sloneczny","tag-pawilon-esk","tag-rada-osiedla-gaj","tag-scena","tag-zespol"],"_links":{"self":[{"href":"https:\/\/online.tvk-gaj.pl\/index.php?rest_route=\/wp\/v2\/posts\/6408","targetHints":{"allow":["GET"]}}],"collection":[{"href":"https:\/\/online.tvk-gaj.pl\/index.php?rest_route=\/wp\/v2\/posts"}],"about":[{"href":"https:\/\/online.tvk-gaj.pl\/index.php?rest_route=\/wp\/v2\/types\/post"}],"author":[{"embeddable":true,"href":"https:\/\/online.tvk-gaj.pl\/index.php?rest_route=\/wp\/v2\/users\/1"}],"replies":[{"embeddable":true,"href":"https:\/\/online.tvk-gaj.pl\/index.php?rest_route=%2Fwp%2Fv2%2Fcomments&post=6408"}],"version-history":[{"count":2,"href":"https:\/\/online.tvk-gaj.pl\/index.php?rest_route=\/wp\/v2\/posts\/6408\/revisions"}],"predecessor-version":[{"id":6411,"href":"https:\/\/online.tvk-gaj.pl\/index.php?rest_route=\/wp\/v2\/posts\/6408\/revisions\/6411"}],"wp:featuredmedia":[{"embeddable":true,"href":"https:\/\/online.tvk-gaj.pl\/index.php?rest_route=\/wp\/v2\/media\/6409"}],"wp:attachment":[{"href":"https:\/\/online.tvk-gaj.pl\/index.php?rest_route=%2Fwp%2Fv2%2Fmedia&parent=6408"}],"wp:term":[{"taxonomy":"category","embeddable":true,"href":"https:\/\/online.tvk-gaj.pl\/index.php?rest_route=%2Fwp%2Fv2%2Fcategories&post=6408"},{"taxonomy":"post_tag","embeddable":true,"href":"https:\/\/online.tvk-gaj.pl\/index.php?rest_route=%2Fwp%2Fv2%2Ftags&post=6408"}],"curies":[{"name":"wp","href":"https:\/\/api.w.org\/{rel}","templated":true}]}}