{"id":642,"date":"2013-02-27T13:07:13","date_gmt":"2013-02-27T12:07:13","guid":{"rendered":"http:\/\/www.gaj-osiedle.wroclaw.pl\/?p=642"},"modified":"2014-05-16T23:24:42","modified_gmt":"2014-05-16T21:24:42","slug":"od-czwartku-28-lutego-parking-przy-ask-na-ul-borowskiej-platny","status":"publish","type":"post","link":"https:\/\/online.tvk-gaj.pl\/?p=642","title":{"rendered":"Parking przy ASK na ul. Borowskiej ma by\u0107 p\u0142atny"},"content":{"rendered":"<p>Parking przy Akademickim Szpitalu Klinicznym na ul. Borowskiej ma sta\u0107 si\u0119 p\u0142atny. Decyzja ta bulwersuje pacjent\u00f3w, pracownik\u00f3w, student\u00f3w oraz okolicznych mieszka\u0144c\u00f3w.\u00a0[AKTUALIZACJA]<!--more--><\/p>\n<p>Parking czeka na \u00a0odbi\u00f3r techniczny urz\u0105dze\u0144 parkingu.\u00a0Przetarg na budow\u0119, wyposa\u017cenie i utrzymanie parkingu przy ASK wygra\u0142a wroc\u0142awska firma Eko-Invest. Je\u017celi odbi\u00f3r si\u0119 uda to od jutra parking stanie si\u0119 p\u0142atny.<\/p>\n<p>Pacjenci oraz ich rodziny, kt\u00f3rzy nie b\u0119d\u0105 chcieli p\u0142aci\u0107 za parking b\u0119d\u0105 mogli \u00a0podjecha\u0107 tylko na 15 minut na jedno z trzech wyznaczonych miejsc przy wej\u015bciu do szpitala.<\/p>\n<p>Parking posiada blisko 500 miejsc, z czego dla pracownik\u00f3w przeznaczono 250 miejsc abonamentowych. \u00a0Jest te\u017c pula 63 miejsc s\u0142u\u017cbowych, przeznaczonych m.in. dla kierownik\u00f3w klinik.<\/p>\n<p>Rzecznik ASK informuje jednak, \u017ce w planach jest powi\u0119kszenie parkingu o kolejne 350 miejsc. Dodaje:<\/p>\n<div class='et-learn-more et-open clearfix'>\n\t\t\t\t\t<h3 class='heading-more open'>Jolanta Grzebieluch, rzeczniczka prasowa Uniwersytetu Medycznego<span class='et_learnmore_arrow'><span><\/span><\/span><\/h3>\n\t\t\t\t\t<div class='learn-more-content'>Decyzj\u0119 o warunkach przetargu oba podmioty &#8211; nasza Uczelnia oraz ASK &#8211; opracowywa\u0142y wsp\u00f3lnie. Do rektora UM wp\u0142yn\u0119\u0142y w sprawie parkingu listy od pracownik\u00f3w trzech klinik i jeden anonim. We wtorek kanclerz uczelni spotka\u0142 si\u0119 z przedstawicielami klinik dzia\u0142aj\u0105cych przy ul. Borowskiej, by odpowiedzie\u0107 na ich pytania i rozwia\u0107 w\u0105tpliwo\u015bci. Chcemy zapewni\u0107, \u017ce b\u0119dziemy na bie\u017c\u0105co obserwowa\u0107 funkcjonowanie parkingu i w miar\u0119 mo\u017cliwo\u015bci postaramy dostosowywa\u0107 si\u0119 do potrzeb wynikaj\u0105cych z eksploatacji i realnych mo\u017cliwo\u015bci, kt\u00f3re mamy.<\/div>\n\t\t\t\t<\/div>\n<p>&nbsp;<\/p>\n<p>Sytuacja jest trudna nie tylko dla pacjent\u00f3w oraz pracownik\u00f3w szpitala, ale tak\u017ce dla mieszka\u0144c\u00f3w okolicznych ulic. Z naturalnych przyczyn boj\u0105 si\u0119 oni, \u017ce osoby, kt\u00f3re nie b\u0119d\u0105 chcia\u0142y p\u0142aci\u0107 za parking przy ASK wybior\u0105 ich ulice na miejsce pozostawiania swoich pojazd\u00f3w. Szczeg\u00f3lnie zaniepokojeni s\u0105 mieszka\u0144cy ulic Puszczykowskiej i D\u0142ugopolskiej, kt\u00f3re znajduj\u0105 si\u0119 w najbli\u017cszym s\u0105siedztwie.<\/p>\n<p>&nbsp;<\/p>\n","protected":false},"excerpt":{"rendered":"<p>Parking przy Akademickim Szpitalu Klinicznym na ul. Borowskiej ma sta\u0107 si\u0119 p\u0142atny. Decyzja ta bulwersuje pacjent\u00f3w, pracownik\u00f3w, student\u00f3w oraz okolicznych mieszka\u0144c\u00f3w.\u00a0[AKTUALIZACJA]<\/p>\n","protected":false},"author":1,"featured_media":641,"comment_status":"open","ping_status":"open","sticky":false,"template":"","format":"standard","meta":{"footnotes":""},"categories":[14,12],"tags":[43],"class_list":["post-642","post","type-post","status-publish","format-standard","has-post-thumbnail","hentry","category-aktualnosci","category-artykuly","tag-parking-ask-borowska"],"_links":{"self":[{"href":"https:\/\/online.tvk-gaj.pl\/index.php?rest_route=\/wp\/v2\/posts\/642","targetHints":{"allow":["GET"]}}],"collection":[{"href":"https:\/\/online.tvk-gaj.pl\/index.php?rest_route=\/wp\/v2\/posts"}],"about":[{"href":"https:\/\/online.tvk-gaj.pl\/index.php?rest_route=\/wp\/v2\/types\/post"}],"author":[{"embeddable":true,"href":"https:\/\/online.tvk-gaj.pl\/index.php?rest_route=\/wp\/v2\/users\/1"}],"replies":[{"embeddable":true,"href":"https:\/\/online.tvk-gaj.pl\/index.php?rest_route=%2Fwp%2Fv2%2Fcomments&post=642"}],"version-history":[{"count":12,"href":"https:\/\/online.tvk-gaj.pl\/index.php?rest_route=\/wp\/v2\/posts\/642\/revisions"}],"predecessor-version":[{"id":2307,"href":"https:\/\/online.tvk-gaj.pl\/index.php?rest_route=\/wp\/v2\/posts\/642\/revisions\/2307"}],"wp:featuredmedia":[{"embeddable":true,"href":"https:\/\/online.tvk-gaj.pl\/index.php?rest_route=\/wp\/v2\/media\/641"}],"wp:attachment":[{"href":"https:\/\/online.tvk-gaj.pl\/index.php?rest_route=%2Fwp%2Fv2%2Fmedia&parent=642"}],"wp:term":[{"taxonomy":"category","embeddable":true,"href":"https:\/\/online.tvk-gaj.pl\/index.php?rest_route=%2Fwp%2Fv2%2Fcategories&post=642"},{"taxonomy":"post_tag","embeddable":true,"href":"https:\/\/online.tvk-gaj.pl\/index.php?rest_route=%2Fwp%2Fv2%2Ftags&post=642"}],"curies":[{"name":"wp","href":"https:\/\/api.w.org\/{rel}","templated":true}]}}