{"id":6512,"date":"2016-06-06T22:03:07","date_gmt":"2016-06-06T20:03:07","guid":{"rendered":"http:\/\/www.tvk-gaj.pl\/~gajonline\/?p=6512"},"modified":"2016-06-06T22:03:53","modified_gmt":"2016-06-06T20:03:53","slug":"relacja-z-weekendu-esk-na-gaju-4-5-czerwca","status":"publish","type":"post","link":"https:\/\/online.tvk-gaj.pl\/?p=6512","title":{"rendered":"Relacja z weekendu ESK na Gaju 4-5 czerwca"},"content":{"rendered":"<p>Zapraszamy do naszej\u00a0fotorelacji z pi\u0119knego, czerwcowego weekendu na plenerowej scenie ESK na Gaju. Weekend 4-5 czerwiec.<!--more--><\/p>\n<p>Czerwiec na plenerowej scenie Europejskiej Stolicy Kultury Wroc\u0142aw 2016 na Gaju rozpocz\u0105\u0142 si\u0119 od dobrej zabawy, koncertu muzycznego oraz nowej inicjatywy Rady Osiedla Gaj &#8211; projektu bookcrossingu na Gaju.<\/p>\n<p>&nbsp;<\/p>\n<p><a href=\"http:\/\/www.tvk-gaj.pl\/~gajonline\/wp-content\/uploads\/2016\/06\/DSCN5263.jpg\"><img loading=\"lazy\" decoding=\"async\" class=\"aligncenter size-full wp-image-6618\" src=\"http:\/\/www.tvk-gaj.pl\/~gajonline\/wp-content\/uploads\/2016\/06\/DSCN5263.jpg\" alt=\"DSCN5263\" width=\"1000\" height=\"750\" srcset=\"https:\/\/online.tvk-gaj.pl\/wp-content\/uploads\/2016\/06\/DSCN5263.jpg 1000w, https:\/\/online.tvk-gaj.pl\/wp-content\/uploads\/2016\/06\/DSCN5263-300x225.jpg 300w, https:\/\/online.tvk-gaj.pl\/wp-content\/uploads\/2016\/06\/DSCN5263-768x576.jpg 768w\" sizes=\"auto, (max-width: 1000px) 100vw, 1000px\" \/><\/a><\/p>\n<p style=\"text-align: center;\"><em>Na naszej plenerowej scenie wyst\u0105pi\u0142 w sobot\u0119 zesp\u00f3\u0142 My Myself And I\u00a0<\/em><\/p>\n<p><a href=\"http:\/\/www.tvk-gaj.pl\/~gajonline\/wp-content\/uploads\/2016\/06\/DSCN5268.jpg\"><img loading=\"lazy\" decoding=\"async\" class=\"aligncenter size-full wp-image-6626\" src=\"http:\/\/www.tvk-gaj.pl\/~gajonline\/wp-content\/uploads\/2016\/06\/DSCN5268.jpg\" alt=\"DSCN5268\" width=\"1000\" height=\"750\" srcset=\"https:\/\/online.tvk-gaj.pl\/wp-content\/uploads\/2016\/06\/DSCN5268.jpg 1000w, https:\/\/online.tvk-gaj.pl\/wp-content\/uploads\/2016\/06\/DSCN5268-300x225.jpg 300w, https:\/\/online.tvk-gaj.pl\/wp-content\/uploads\/2016\/06\/DSCN5268-768x576.jpg 768w\" sizes=\"auto, (max-width: 1000px) 100vw, 1000px\" \/><\/a><\/p>\n<p style=\"text-align: center;\"><em>Wyst\u0119p zespo\u0142u przyci\u0105gn\u0105\u0142 niema\u0142\u0105 publiczno\u015b\u0107, kt\u00f3ra odwdzi\u0119czy\u0142a si\u0119 g\u0142o\u015bnymi oklaskami!\u00a0<\/em><\/p>\n<p><a href=\"http:\/\/www.tvk-gaj.pl\/~gajonline\/wp-content\/uploads\/2016\/06\/DSCN5255.jpg\"><img loading=\"lazy\" decoding=\"async\" class=\"aligncenter size-full wp-image-6627\" src=\"http:\/\/www.tvk-gaj.pl\/~gajonline\/wp-content\/uploads\/2016\/06\/DSCN5255.jpg\" alt=\"DSCN5255\" width=\"1000\" height=\"750\" srcset=\"https:\/\/online.tvk-gaj.pl\/wp-content\/uploads\/2016\/06\/DSCN5255.jpg 1000w, https:\/\/online.tvk-gaj.pl\/wp-content\/uploads\/2016\/06\/DSCN5255-300x225.jpg 300w, https:\/\/online.tvk-gaj.pl\/wp-content\/uploads\/2016\/06\/DSCN5255-768x576.jpg 768w\" sizes=\"auto, (max-width: 1000px) 100vw, 1000px\" \/><\/a><\/p>\n<p style=\"text-align: center;\"><em>Plenerowa scena ESK to tak\u017ce prawdziwy sztab:)<\/em><\/p>\n<p><a href=\"http:\/\/www.tvk-gaj.pl\/~gajonline\/wp-content\/uploads\/2016\/06\/DSCN5250.jpg\"><img loading=\"lazy\" decoding=\"async\" class=\"aligncenter size-full wp-image-6628\" src=\"http:\/\/www.tvk-gaj.pl\/~gajonline\/wp-content\/uploads\/2016\/06\/DSCN5250.jpg\" alt=\"DSCN5250\" width=\"1000\" height=\"750\" srcset=\"https:\/\/online.tvk-gaj.pl\/wp-content\/uploads\/2016\/06\/DSCN5250.jpg 1000w, https:\/\/online.tvk-gaj.pl\/wp-content\/uploads\/2016\/06\/DSCN5250-300x225.jpg 300w, https:\/\/online.tvk-gaj.pl\/wp-content\/uploads\/2016\/06\/DSCN5250-768x576.jpg 768w\" sizes=\"auto, (max-width: 1000px) 100vw, 1000px\" \/><\/a><\/p>\n<p style=\"text-align: center;\"><em>Jak zawsze najwi\u0119cej frajdy mia\u0142y dzieci &#8211; tutaj ucz\u0105ce si\u0119 gry na instrumencie pod okiem prawdziwej profesjonalistki;)\u00a0<\/em><\/p>\n<p><a href=\"http:\/\/www.tvk-gaj.pl\/~gajonline\/wp-content\/uploads\/2016\/06\/DSCN5254.jpg\"><img loading=\"lazy\" decoding=\"async\" class=\"aligncenter size-full wp-image-6625\" src=\"http:\/\/www.tvk-gaj.pl\/~gajonline\/wp-content\/uploads\/2016\/06\/DSCN5254.jpg\" alt=\"DSCN5254\" width=\"1000\" height=\"685\" srcset=\"https:\/\/online.tvk-gaj.pl\/wp-content\/uploads\/2016\/06\/DSCN5254.jpg 1000w, https:\/\/online.tvk-gaj.pl\/wp-content\/uploads\/2016\/06\/DSCN5254-300x206.jpg 300w, https:\/\/online.tvk-gaj.pl\/wp-content\/uploads\/2016\/06\/DSCN5254-768x526.jpg 768w\" sizes=\"auto, (max-width: 1000px) 100vw, 1000px\" \/><\/a><\/p>\n<p style=\"text-align: center;\"><em>Gry, konkursy i zabawy dla najm\u0142odszych<\/em><\/p>\n<p><a href=\"http:\/\/www.tvk-gaj.pl\/~gajonline\/wp-content\/uploads\/2016\/06\/DSCN5210.jpg\"><img loading=\"lazy\" decoding=\"async\" class=\"aligncenter size-full wp-image-6629\" src=\"http:\/\/www.tvk-gaj.pl\/~gajonline\/wp-content\/uploads\/2016\/06\/DSCN5210.jpg\" alt=\"DSCN5210\" width=\"1000\" height=\"750\" srcset=\"https:\/\/online.tvk-gaj.pl\/wp-content\/uploads\/2016\/06\/DSCN5210.jpg 1000w, https:\/\/online.tvk-gaj.pl\/wp-content\/uploads\/2016\/06\/DSCN5210-300x225.jpg 300w, https:\/\/online.tvk-gaj.pl\/wp-content\/uploads\/2016\/06\/DSCN5210-768x576.jpg 768w\" sizes=\"auto, (max-width: 1000px) 100vw, 1000px\" \/><\/a><\/p>\n<p style=\"text-align: center;\"><em>Gry, konkursy i zabawy dla najm\u0142odszych<\/em><\/p>\n<p><a href=\"http:\/\/www.tvk-gaj.pl\/~gajonline\/wp-content\/uploads\/2016\/06\/DSCN5224.jpg\"><img loading=\"lazy\" decoding=\"async\" class=\"aligncenter size-full wp-image-6630\" src=\"http:\/\/www.tvk-gaj.pl\/~gajonline\/wp-content\/uploads\/2016\/06\/DSCN5224.jpg\" alt=\"DSCN5224\" width=\"750\" height=\"1000\" srcset=\"https:\/\/online.tvk-gaj.pl\/wp-content\/uploads\/2016\/06\/DSCN5224.jpg 750w, https:\/\/online.tvk-gaj.pl\/wp-content\/uploads\/2016\/06\/DSCN5224-225x300.jpg 225w\" sizes=\"auto, (max-width: 750px) 100vw, 750px\" \/><\/a><\/p>\n<p style=\"text-align: center;\"><em>Nasz nowy projekt &#8211; weekendowy punkt bookcrossingu &#8211; czyli darmowej wymiany ksi\u0105\u017cek<\/em><\/p>\n<p style=\"text-align: center;\"><a href=\"http:\/\/www.tvk-gaj.pl\/~gajonline\/wp-content\/uploads\/2016\/06\/wcrs7-1.jpg\"><img loading=\"lazy\" decoding=\"async\" class=\"aligncenter size-large wp-image-6633\" src=\"http:\/\/www.tvk-gaj.pl\/~gajonline\/wp-content\/uploads\/2016\/06\/wcrs7-1-577x1024.jpg\" alt=\"wcrs7\" width=\"577\" height=\"1024\" srcset=\"https:\/\/online.tvk-gaj.pl\/wp-content\/uploads\/2016\/06\/wcrs7-1-577x1024.jpg 577w, https:\/\/online.tvk-gaj.pl\/wp-content\/uploads\/2016\/06\/wcrs7-1-169x300.jpg 169w, https:\/\/online.tvk-gaj.pl\/wp-content\/uploads\/2016\/06\/wcrs7-1-768x1362.jpg 768w, https:\/\/online.tvk-gaj.pl\/wp-content\/uploads\/2016\/06\/wcrs7-1.jpg 1840w\" sizes=\"auto, (max-width: 577px) 100vw, 577px\" \/><\/a><\/p>\n<p style=\"text-align: center;\"><em>Nasz nowy projekt &#8211; weekendowy punkt bookcrossingu &#8211; czyli darmowej wymiany ksi\u0105\u017cek<\/em><\/p>\n<p>&nbsp;<\/p>\n<p>Dzi\u0119kujemy za wsp\u00f3lnie sp\u0119dzony czas:)<\/p>\n<p>&nbsp;<\/p>\n<p><strong>FOTORELACJA Z WEEKENDU 4-5 czerwiec<\/strong><\/p>\n<p><img decoding=\"async\" class=\"ngg_displayed_gallery mceItem\" src=\"http:\/\/www.tvk-gaj.pl\/~gajonline\/index.php\/nextgen-attach_to_post\/preview\/id--6624\" data-mce-placeholder=\"1\" \/><\/p>\n<p>&nbsp;<\/p>\n<p>&nbsp;<\/p>\n","protected":false},"excerpt":{"rendered":"<p>Zapraszamy do naszej\u00a0fotorelacji z pi\u0119knego, czerwcowego weekendu na plenerowej scenie ESK na Gaju. Weekend 4-5 czerwiec.<\/p>\n","protected":false},"author":1,"featured_media":6618,"comment_status":"open","ping_status":"open","sticky":false,"template":"","format":"standard","meta":{"footnotes":""},"categories":[14,630],"tags":[632,688,687,638,112,653,647,689,166,128,640,135,634],"class_list":["post-6512","post","type-post","status-publish","format-standard","has-post-thumbnail","hentry","category-aktualnosci","category-esk-2016","tag-esk","tag-esk-2016-na-gaju","tag-esk-gaj","tag-europejska-stolica-kultury","tag-gaj","tag-koncert","tag-kultura","tag-me-myself-and-i","tag-osiedle-gaj","tag-park-sloneczny","tag-pawilon","tag-rada-osiedla-gaj","tag-scena"],"_links":{"self":[{"href":"https:\/\/online.tvk-gaj.pl\/index.php?rest_route=\/wp\/v2\/posts\/6512","targetHints":{"allow":["GET"]}}],"collection":[{"href":"https:\/\/online.tvk-gaj.pl\/index.php?rest_route=\/wp\/v2\/posts"}],"about":[{"href":"https:\/\/online.tvk-gaj.pl\/index.php?rest_route=\/wp\/v2\/types\/post"}],"author":[{"embeddable":true,"href":"https:\/\/online.tvk-gaj.pl\/index.php?rest_route=\/wp\/v2\/users\/1"}],"replies":[{"embeddable":true,"href":"https:\/\/online.tvk-gaj.pl\/index.php?rest_route=%2Fwp%2Fv2%2Fcomments&post=6512"}],"version-history":[{"count":3,"href":"https:\/\/online.tvk-gaj.pl\/index.php?rest_route=\/wp\/v2\/posts\/6512\/revisions"}],"predecessor-version":[{"id":6635,"href":"https:\/\/online.tvk-gaj.pl\/index.php?rest_route=\/wp\/v2\/posts\/6512\/revisions\/6635"}],"wp:featuredmedia":[{"embeddable":true,"href":"https:\/\/online.tvk-gaj.pl\/index.php?rest_route=\/wp\/v2\/media\/6618"}],"wp:attachment":[{"href":"https:\/\/online.tvk-gaj.pl\/index.php?rest_route=%2Fwp%2Fv2%2Fmedia&parent=6512"}],"wp:term":[{"taxonomy":"category","embeddable":true,"href":"https:\/\/online.tvk-gaj.pl\/index.php?rest_route=%2Fwp%2Fv2%2Fcategories&post=6512"},{"taxonomy":"post_tag","embeddable":true,"href":"https:\/\/online.tvk-gaj.pl\/index.php?rest_route=%2Fwp%2Fv2%2Ftags&post=6512"}],"curies":[{"name":"wp","href":"https:\/\/api.w.org\/{rel}","templated":true}]}}