{"id":658,"date":"2013-02-27T14:16:12","date_gmt":"2013-02-27T13:16:12","guid":{"rendered":"http:\/\/www.gaj-osiedle.wroclaw.pl\/?p=658"},"modified":"2013-02-27T14:25:54","modified_gmt":"2013-02-27T13:25:54","slug":"parking-przy-ask-na-ul-borowskiej-wciaz-darmowy-aktualizacja","status":"publish","type":"post","link":"https:\/\/online.tvk-gaj.pl\/?p=658","title":{"rendered":"Parking przy ASK na ul. Borowskiej wci\u0105\u017c darmowy"},"content":{"rendered":"<p><a href=\"http:\/\/www.tvk-gaj.pl\/~gajonline\/wp-content\/uploads\/2012\/10\/news_guy.gif\"><img loading=\"lazy\" decoding=\"async\" class=\"size-full wp-image-168 alignleft\" alt=\"news_guy\" src=\"http:\/\/www.tvk-gaj.pl\/~gajonline\/wp-content\/uploads\/2012\/10\/news_guy.gif\" width=\"48\" height=\"46\" \/><\/a><\/p>\n<p>Parking przy Akademickim Szpitalu Klinicznym nie przeszed\u0142 dzisiejszych odbior\u00f3w technicznych. W zwi\u0105zku z tym przez najbli\u017cszy czas nadal nie b\u0119dzie trzeba p\u0142aci\u0107 za parkowanie przy szpitalu. Wed\u0142ug informacji zdobytych przez Gazet\u0119 Wroc\u0142awsk\u0105 urz\u0105dzenia zwi\u0105zane z obs\u0142ug\u0105 parkingu nie przesz\u0142y pomy\u015blnie pr\u00f3b technicznych.\u00a0<!--more--><\/p>\n<p>Ponowna pr\u00f3ba odbioru technicznego zaplanowana jest na po\u0142ow\u0119 marca. Do tego czasu parking pozostanie darmowy.<\/p>\n<p>Wi\u0119cej o sprawie pisali\u015bmy w <a title=\"Parking przy ASK na ul. Borowskiej p\u0142atny\" href=\"http:\/\/www.tvk-gaj.pl\/~gajonline\/?p=642\">tym<\/a> artykule.<\/p>\n<p>&nbsp;<\/p>\n<p>&nbsp;<\/p>\n","protected":false},"excerpt":{"rendered":"<p>Parking przy Akademickim Szpitalu Klinicznym nie przeszed\u0142 dzisiejszych odbior\u00f3w technicznych. W zwi\u0105zku z tym przez najbli\u017cszy czas nadal nie b\u0119dzie trzeba p\u0142aci\u0107 za parkowanie przy szpitalu. Wed\u0142ug informacji zdobytych przez Gazet\u0119 Wroc\u0142awsk\u0105 urz\u0105dzenia zwi\u0105zane z obs\u0142ug\u0105 parkingu nie przesz\u0142y pomy\u015blnie pr\u00f3b technicznych.\u00a0<\/p>\n","protected":false},"author":1,"featured_media":0,"comment_status":"open","ping_status":"open","sticky":false,"template":"","format":"standard","meta":{"footnotes":""},"categories":[14],"tags":[43],"class_list":["post-658","post","type-post","status-publish","format-standard","hentry","category-aktualnosci","tag-parking-ask-borowska"],"_links":{"self":[{"href":"https:\/\/online.tvk-gaj.pl\/index.php?rest_route=\/wp\/v2\/posts\/658","targetHints":{"allow":["GET"]}}],"collection":[{"href":"https:\/\/online.tvk-gaj.pl\/index.php?rest_route=\/wp\/v2\/posts"}],"about":[{"href":"https:\/\/online.tvk-gaj.pl\/index.php?rest_route=\/wp\/v2\/types\/post"}],"author":[{"embeddable":true,"href":"https:\/\/online.tvk-gaj.pl\/index.php?rest_route=\/wp\/v2\/users\/1"}],"replies":[{"embeddable":true,"href":"https:\/\/online.tvk-gaj.pl\/index.php?rest_route=%2Fwp%2Fv2%2Fcomments&post=658"}],"version-history":[{"count":6,"href":"https:\/\/online.tvk-gaj.pl\/index.php?rest_route=\/wp\/v2\/posts\/658\/revisions"}],"predecessor-version":[{"id":665,"href":"https:\/\/online.tvk-gaj.pl\/index.php?rest_route=\/wp\/v2\/posts\/658\/revisions\/665"}],"wp:attachment":[{"href":"https:\/\/online.tvk-gaj.pl\/index.php?rest_route=%2Fwp%2Fv2%2Fmedia&parent=658"}],"wp:term":[{"taxonomy":"category","embeddable":true,"href":"https:\/\/online.tvk-gaj.pl\/index.php?rest_route=%2Fwp%2Fv2%2Fcategories&post=658"},{"taxonomy":"post_tag","embeddable":true,"href":"https:\/\/online.tvk-gaj.pl\/index.php?rest_route=%2Fwp%2Fv2%2Ftags&post=658"}],"curies":[{"name":"wp","href":"https:\/\/api.w.org\/{rel}","templated":true}]}}