{"id":6636,"date":"2016-06-14T10:47:25","date_gmt":"2016-06-14T08:47:25","guid":{"rendered":"http:\/\/www.tvk-gaj.pl\/~gajonline\/?p=6636"},"modified":"2016-06-20T17:15:06","modified_gmt":"2016-06-20T15:15:06","slug":"powitanie-lata-na-gaju-zapraszamy-na-festyn-osiedla-gaj","status":"publish","type":"post","link":"https:\/\/online.tvk-gaj.pl\/?p=6636","title":{"rendered":"&#8222;Powitanie lata na Gaju&#8221; &#8211; Zapraszamy na festyn Osiedla Gaj"},"content":{"rendered":"<p>Ju\u017c w 18 czerwca (sobota) w Parku S\u0142onecznym na Gaju odb\u0119dzie si\u0119 festyn osiedlowy. Has\u0142em tegorocznej imprezy b\u0119dzie &#8222;Witamy lato na Gaju&#8221;. <!--more--><\/p>\n<p><strong><br \/>\nW programie przewidziano wiele atrakcji, m.in.:<\/strong><br \/>\n-koncert zespo\u0142u Strange Moments<br \/>\n-oprawa DJska<br \/>\n-profesjonalni animatorzy gier i zabaw dla dzieci (gry, konkursy i zabawy dla najm\u0142odszych!)<br \/>\n-grill bar<br \/>\n-gry i zabawy dla dzieci organizowane przez Miejski O\u015brodek Pomocy Spo\u0142ecznej<br \/>\n-ciuchcia je\u017cd\u017c\u0105ca po osiedlu<br \/>\n-malowanie twarzy dla dzieci<br \/>\n-pokaz wozu bojowego Stra\u017cy Po\u017carnej<br \/>\n-aparat otworkowy, na kt\u00f3ry zaprasza O\u015brodek Postaw Tw\u00f3rczych,<br \/>\n-promocja World Games 2017<br \/>\n-pokazy walki Taekwon-do<br \/>\n-stoiska lokalnych przedsi\u0119biorc\u00f3w<br \/>\n-i wiele, wiele innych&#8230;<\/p>\n<p><strong>Bezp\u0142atne atrakcje dla dzieci:<\/strong><br \/>\n-4-stanowiskowa trampolina do skakania,<br \/>\n-Du\u017ca zje\u017cd\u017calnia,<br \/>\n-Dmuchany tor przeszk\u00f3d,<br \/>\n-Zamek z pi\u0142eczkami,<\/p>\n<p><a href=\"http:\/\/www.tvk-gaj.pl\/~gajonline\/wp-content\/uploads\/2016\/06\/2016_PLAKAT_festyn-na-Gaju.jpg\"><img loading=\"lazy\" decoding=\"async\" class=\"aligncenter size-large wp-image-6637\" src=\"http:\/\/www.tvk-gaj.pl\/~gajonline\/wp-content\/uploads\/2016\/06\/2016_PLAKAT_festyn-na-Gaju-724x1024.jpg\" alt=\"2016_PLAKAT_festyn na Gaju\" width=\"724\" height=\"1024\" srcset=\"https:\/\/online.tvk-gaj.pl\/wp-content\/uploads\/2016\/06\/2016_PLAKAT_festyn-na-Gaju-724x1024.jpg 724w, https:\/\/online.tvk-gaj.pl\/wp-content\/uploads\/2016\/06\/2016_PLAKAT_festyn-na-Gaju-212x300.jpg 212w, https:\/\/online.tvk-gaj.pl\/wp-content\/uploads\/2016\/06\/2016_PLAKAT_festyn-na-Gaju-768x1086.jpg 768w, https:\/\/online.tvk-gaj.pl\/wp-content\/uploads\/2016\/06\/2016_PLAKAT_festyn-na-Gaju.jpg 1572w\" sizes=\"auto, (max-width: 724px) 100vw, 724px\" \/><\/a><\/p>\n<p>&nbsp;<\/p>\n<p>&nbsp;<\/p>\n<p><strong>Zapraszamy! Park S\u0142oneczny na Gaju, sobota (18 czerwca), start godz.13!<\/strong><\/p>\n<p>&nbsp;<\/p>\n","protected":false},"excerpt":{"rendered":"<p>Ju\u017c w 18 czerwca (sobota) w Parku S\u0142onecznym na Gaju odb\u0119dzie si\u0119 festyn osiedlowy. Has\u0142em tegorocznej imprezy b\u0119dzie &#8222;Witamy lato na Gaju&#8221;.<\/p>\n","protected":false},"author":1,"featured_media":6637,"comment_status":"open","ping_status":"open","sticky":false,"template":"","format":"standard","meta":{"footnotes":""},"categories":[14,630],"tags":[400,270,283,112,678,285,281,653,128,271,88,135,331,690,652],"class_list":["post-6636","post","type-post","status-publish","format-standard","has-post-thumbnail","hentry","category-aktualnosci","category-esk-2016","tag-dzieci","tag-festyn","tag-festyn-osiedlowy","tag-gaj","tag-gry","tag-impreza","tag-impreza-na-gaju","tag-koncert","tag-park-sloneczny","tag-piknik","tag-piknik-osiedlowy","tag-rada-osiedla-gaj","tag-zabawa","tag-zabawa-na-gaju","tag-zespol"],"_links":{"self":[{"href":"https:\/\/online.tvk-gaj.pl\/index.php?rest_route=\/wp\/v2\/posts\/6636","targetHints":{"allow":["GET"]}}],"collection":[{"href":"https:\/\/online.tvk-gaj.pl\/index.php?rest_route=\/wp\/v2\/posts"}],"about":[{"href":"https:\/\/online.tvk-gaj.pl\/index.php?rest_route=\/wp\/v2\/types\/post"}],"author":[{"embeddable":true,"href":"https:\/\/online.tvk-gaj.pl\/index.php?rest_route=\/wp\/v2\/users\/1"}],"replies":[{"embeddable":true,"href":"https:\/\/online.tvk-gaj.pl\/index.php?rest_route=%2Fwp%2Fv2%2Fcomments&post=6636"}],"version-history":[{"count":6,"href":"https:\/\/online.tvk-gaj.pl\/index.php?rest_route=\/wp\/v2\/posts\/6636\/revisions"}],"predecessor-version":[{"id":6640,"href":"https:\/\/online.tvk-gaj.pl\/index.php?rest_route=\/wp\/v2\/posts\/6636\/revisions\/6640"}],"wp:featuredmedia":[{"embeddable":true,"href":"https:\/\/online.tvk-gaj.pl\/index.php?rest_route=\/wp\/v2\/media\/6637"}],"wp:attachment":[{"href":"https:\/\/online.tvk-gaj.pl\/index.php?rest_route=%2Fwp%2Fv2%2Fmedia&parent=6636"}],"wp:term":[{"taxonomy":"category","embeddable":true,"href":"https:\/\/online.tvk-gaj.pl\/index.php?rest_route=%2Fwp%2Fv2%2Fcategories&post=6636"},{"taxonomy":"post_tag","embeddable":true,"href":"https:\/\/online.tvk-gaj.pl\/index.php?rest_route=%2Fwp%2Fv2%2Ftags&post=6636"}],"curies":[{"name":"wp","href":"https:\/\/api.w.org\/{rel}","templated":true}]}}