{"id":667,"date":"2013-03-03T10:52:24","date_gmt":"2013-03-03T09:52:24","guid":{"rendered":"http:\/\/www.gaj-osiedle.wroclaw.pl\/?p=667"},"modified":"2013-03-03T10:54:20","modified_gmt":"2013-03-03T09:54:20","slug":"spotkanie-mops-w-radzie-osiedla-2","status":"publish","type":"post","link":"https:\/\/online.tvk-gaj.pl\/?p=667","title":{"rendered":"Spotkanie MOPS w Radzie Osiedla"},"content":{"rendered":"<p>Zapraszamy na kolejne z cyklu comiesi\u0119cznych spotka\u0144 Miejskiego O\u015brodka Pomocy Spo\u0142ecznej we Wroc\u0142awiu \u00a0 z mieszka\u0144cami Gaju. Tym razem w \u015brod\u0119, 6 marca \u00a0 \u00a0 \u00a0o godz. 16:30 w siedzibie Rady Osiedla Gaj przy ul. Krynickiej 80 odb\u0119dzie si\u0119 spotkanie z psychologiem MOPS po\u015bwi\u0119cone wspieraniu i zacie\u015bnianiu wi\u0119zi rodzinnych.\u00a0Zapraszamy na spotkanie.<\/p>\n","protected":false},"excerpt":{"rendered":"<p>Zapraszamy na kolejne z cyklu comiesi\u0119cznych spotka\u0144 Miejskiego O\u015brodka Pomocy Spo\u0142ecznej we Wroc\u0142awiu \u00a0 z mieszka\u0144cami Gaju. Tym razem w \u015brod\u0119, 6 marca \u00a0 \u00a0 \u00a0o godz. 16:30 w siedzibie Rady Osiedla Gaj przy ul. Krynickiej 80 odb\u0119dzie si\u0119 spotkanie z psychologiem MOPS po\u015bwi\u0119cone wspieraniu i zacie\u015bnianiu wi\u0119zi rodzinnych.\u00a0Zapraszamy na spotkanie.<\/p>\n","protected":false},"author":1,"featured_media":491,"comment_status":"open","ping_status":"open","sticky":false,"template":"","format":"standard","meta":{"footnotes":""},"categories":[14],"tags":[44],"class_list":["post-667","post","type-post","status-publish","format-standard","has-post-thumbnail","hentry","category-aktualnosci","tag-mops-rada-osiedla"],"_links":{"self":[{"href":"https:\/\/online.tvk-gaj.pl\/index.php?rest_route=\/wp\/v2\/posts\/667","targetHints":{"allow":["GET"]}}],"collection":[{"href":"https:\/\/online.tvk-gaj.pl\/index.php?rest_route=\/wp\/v2\/posts"}],"about":[{"href":"https:\/\/online.tvk-gaj.pl\/index.php?rest_route=\/wp\/v2\/types\/post"}],"author":[{"embeddable":true,"href":"https:\/\/online.tvk-gaj.pl\/index.php?rest_route=\/wp\/v2\/users\/1"}],"replies":[{"embeddable":true,"href":"https:\/\/online.tvk-gaj.pl\/index.php?rest_route=%2Fwp%2Fv2%2Fcomments&post=667"}],"version-history":[{"count":4,"href":"https:\/\/online.tvk-gaj.pl\/index.php?rest_route=\/wp\/v2\/posts\/667\/revisions"}],"predecessor-version":[{"id":670,"href":"https:\/\/online.tvk-gaj.pl\/index.php?rest_route=\/wp\/v2\/posts\/667\/revisions\/670"}],"wp:featuredmedia":[{"embeddable":true,"href":"https:\/\/online.tvk-gaj.pl\/index.php?rest_route=\/wp\/v2\/media\/491"}],"wp:attachment":[{"href":"https:\/\/online.tvk-gaj.pl\/index.php?rest_route=%2Fwp%2Fv2%2Fmedia&parent=667"}],"wp:term":[{"taxonomy":"category","embeddable":true,"href":"https:\/\/online.tvk-gaj.pl\/index.php?rest_route=%2Fwp%2Fv2%2Fcategories&post=667"},{"taxonomy":"post_tag","embeddable":true,"href":"https:\/\/online.tvk-gaj.pl\/index.php?rest_route=%2Fwp%2Fv2%2Ftags&post=667"}],"curies":[{"name":"wp","href":"https:\/\/api.w.org\/{rel}","templated":true}]}}