{"id":6937,"date":"2016-06-20T18:25:07","date_gmt":"2016-06-20T16:25:07","guid":{"rendered":"http:\/\/www.tvk-gaj.pl\/~gajonline\/?p=6937"},"modified":"2016-08-01T14:53:18","modified_gmt":"2016-08-01T12:53:18","slug":"relacja-i-obszerna-galeria-zdjec-z-festynu-witamy-lato-na-gaju","status":"publish","type":"post","link":"https:\/\/online.tvk-gaj.pl\/?p=6937","title":{"rendered":"Relacja i obszerna galeria zdj\u0119\u0107 z Festynu &#8222;Witamy lato na Gaju&#8221;"},"content":{"rendered":"<p>Festyn &#8222;Witamy lato na Gaju&#8221; ju\u017c na nami. Cho\u0107 wszystko co dobre szybko si\u0119 ko\u0144czy to pozosta\u0142o nam mn\u00f3stwo pi\u0119knych wspomnie\u0144 i historii do opowiedzenia! Przez ca\u0142\u0105 sobot\u0119, 18 czerwca, bawili\u015bmy si\u0119 wsp\u00f3lnie w Parku S\u0142onecznym przy plenerowej scenie Europejskiej Stolicy Kultury Wroc\u0142aw 2016 na Gaj. \u00a0Zapraszamy do naszej relacji z zabawy oraz obszernej galerii zdj\u0119\u0107!\u00a0<!--more--><\/p>\n<p>&nbsp;<\/p>\n<p><strong>Festyn osiedlowy &#8222;Witamy lato na Gaju&#8221; &#8211; 18 czerwca 2016r. &#8211; nasza relacja i obszerna galeria zdj\u0119\u0107<\/strong><\/p>\n<p>&nbsp;<\/p>\n<p><a href=\"http:\/\/www.tvk-gaj.pl\/~gajonline\/wp-content\/uploads\/2016\/06\/2016_PLAKAT_festyn-na-Gaju.jpg\"><img loading=\"lazy\" decoding=\"async\" class=\"aligncenter size-large wp-image-6637\" src=\"http:\/\/www.tvk-gaj.pl\/~gajonline\/wp-content\/uploads\/2016\/06\/2016_PLAKAT_festyn-na-Gaju-724x1024.jpg\" alt=\"2016_PLAKAT_festyn na Gaju\" width=\"724\" height=\"1024\" srcset=\"https:\/\/online.tvk-gaj.pl\/wp-content\/uploads\/2016\/06\/2016_PLAKAT_festyn-na-Gaju-724x1024.jpg 724w, https:\/\/online.tvk-gaj.pl\/wp-content\/uploads\/2016\/06\/2016_PLAKAT_festyn-na-Gaju-212x300.jpg 212w, https:\/\/online.tvk-gaj.pl\/wp-content\/uploads\/2016\/06\/2016_PLAKAT_festyn-na-Gaju-768x1086.jpg 768w, https:\/\/online.tvk-gaj.pl\/wp-content\/uploads\/2016\/06\/2016_PLAKAT_festyn-na-Gaju.jpg 1572w\" sizes=\"auto, (max-width: 724px) 100vw, 724px\" \/><\/a><\/p>\n<p>&nbsp;<\/p>\n<p><strong>W sobot\u0119, 18 czerwca w Parku S\u0142onecznym na Gaju bawili\u015bmy si\u0119 wsp\u00f3lnie na festynie osiedlowym &#8222;witaj\u0105cym lato na Gaju&#8221;.\u00a0<\/strong><\/p>\n<p>Program tegorocznej imprezy by\u0142 naprawd\u0119 bogaty i obfituj\u0105cy w przyjemno\u015bci zar\u00f3wno dla dzieci, jak i rodzic\u00f3w.<\/p>\n<p>Przy plenerowej scenie Europejskiej Stolicy Kultury Wroc\u0142aw 2016 zorganizowano prawdziwe festynowe atrakcje. By\u0142a wi\u0119c oprawa DJska, muzyka na \u017cywo, grill z pysznymi kie\u0142baskami, stoisko z wat\u0105 cukrow\u0105 oraz le\u017caki do le\u017cakowania. Ka\u017cdy mieszkaniec osiedla m\u00f3g\u0142 wi\u0119c wypocz\u0105\u0107 przy kie\u0142basce z grilla i muzyce, a tak\u017ce za\u017cy\u0107 k\u0105pieli s\u0142onecznej na le\u017caku&#8230;i k\u0105pieli wodnej podczas popo\u0142udniowej burzy, kt\u00f3ra przesz\u0142a nad festynowym miasteczkiem. Mimo trwaj\u0105cej p\u00f3\u0142 godziny letniej burzy, festynowa zabawa trwa\u0142a dalej!<\/p>\n<p>&nbsp;<\/p>\n<p><a href=\"http:\/\/www.tvk-gaj.pl\/~gajonline\/wp-content\/uploads\/2016\/06\/2016-06-18-15.48.21.jpg\"><img loading=\"lazy\" decoding=\"async\" class=\"aligncenter size-large wp-image-7107\" src=\"http:\/\/www.tvk-gaj.pl\/~gajonline\/wp-content\/uploads\/2016\/06\/2016-06-18-15.48.21-1024x768.jpg\" alt=\"2016-06-18 15.48.21\" width=\"838\" height=\"629\" srcset=\"https:\/\/online.tvk-gaj.pl\/wp-content\/uploads\/2016\/06\/2016-06-18-15.48.21-1024x768.jpg 1024w, https:\/\/online.tvk-gaj.pl\/wp-content\/uploads\/2016\/06\/2016-06-18-15.48.21-300x225.jpg 300w, https:\/\/online.tvk-gaj.pl\/wp-content\/uploads\/2016\/06\/2016-06-18-15.48.21-768x576.jpg 768w, https:\/\/online.tvk-gaj.pl\/wp-content\/uploads\/2016\/06\/2016-06-18-15.48.21.jpg 1632w\" sizes=\"auto, (max-width: 838px) 100vw, 838px\" \/><\/a><\/p>\n<p><a href=\"http:\/\/www.tvk-gaj.pl\/~gajonline\/wp-content\/uploads\/2016\/06\/2016-06-18-15.37.08.jpg\"><img loading=\"lazy\" decoding=\"async\" class=\"aligncenter wp-image-7122\" src=\"http:\/\/www.tvk-gaj.pl\/~gajonline\/wp-content\/uploads\/2016\/06\/2016-06-18-15.37.08.jpg\" alt=\"2016-06-18-15.37.08\" width=\"838\" height=\"629\" srcset=\"https:\/\/online.tvk-gaj.pl\/wp-content\/uploads\/2016\/06\/2016-06-18-15.37.08.jpg 800w, https:\/\/online.tvk-gaj.pl\/wp-content\/uploads\/2016\/06\/2016-06-18-15.37.08-300x225.jpg 300w, https:\/\/online.tvk-gaj.pl\/wp-content\/uploads\/2016\/06\/2016-06-18-15.37.08-768x576.jpg 768w\" sizes=\"auto, (max-width: 838px) 100vw, 838px\" \/><\/a><\/p>\n<p><a href=\"http:\/\/www.tvk-gaj.pl\/~gajonline\/wp-content\/uploads\/2016\/06\/2016-06-18-15.46.11.jpg\"><img loading=\"lazy\" decoding=\"async\" class=\"aligncenter size-large wp-image-7103\" src=\"http:\/\/www.tvk-gaj.pl\/~gajonline\/wp-content\/uploads\/2016\/06\/2016-06-18-15.46.11-1024x768.jpg\" alt=\"2016-06-18 15.46.11\" width=\"838\" height=\"629\" srcset=\"https:\/\/online.tvk-gaj.pl\/wp-content\/uploads\/2016\/06\/2016-06-18-15.46.11-1024x768.jpg 1024w, https:\/\/online.tvk-gaj.pl\/wp-content\/uploads\/2016\/06\/2016-06-18-15.46.11-300x225.jpg 300w, https:\/\/online.tvk-gaj.pl\/wp-content\/uploads\/2016\/06\/2016-06-18-15.46.11-768x576.jpg 768w, https:\/\/online.tvk-gaj.pl\/wp-content\/uploads\/2016\/06\/2016-06-18-15.46.11.jpg 1632w\" sizes=\"auto, (max-width: 838px) 100vw, 838px\" \/><\/a><\/p>\n<p><a href=\"http:\/\/www.tvk-gaj.pl\/~gajonline\/wp-content\/uploads\/2016\/06\/2016-06-18-15.45.35-1.jpg\"><img loading=\"lazy\" decoding=\"async\" class=\"aligncenter wp-image-7136\" src=\"http:\/\/www.tvk-gaj.pl\/~gajonline\/wp-content\/uploads\/2016\/06\/2016-06-18-15.45.35-1.jpg\" alt=\"2016-06-18-15.45.35\" width=\"838\" height=\"629\" srcset=\"https:\/\/online.tvk-gaj.pl\/wp-content\/uploads\/2016\/06\/2016-06-18-15.45.35-1.jpg 800w, https:\/\/online.tvk-gaj.pl\/wp-content\/uploads\/2016\/06\/2016-06-18-15.45.35-1-300x225.jpg 300w, https:\/\/online.tvk-gaj.pl\/wp-content\/uploads\/2016\/06\/2016-06-18-15.45.35-1-768x576.jpg 768w\" sizes=\"auto, (max-width: 838px) 100vw, 838px\" \/><\/a><\/p>\n<p>&nbsp;<\/p>\n<p>Przez ca\u0142y dzie\u0144 dla dzieci dost\u0119pne by\u0142y (zupe\u0142nie za darmo) &#8211; trampoliny do skakania, dmuchany zamek do zje\u017cd\u017cania, basen z pi\u0142eczkami oraz stoiska z malowaniem twarzy oraz balonami.<\/p>\n<p>&nbsp;<\/p>\n<p><a href=\"http:\/\/www.tvk-gaj.pl\/~gajonline\/wp-content\/uploads\/2016\/06\/2016-06-18-15.38.09-1.jpg\"><img loading=\"lazy\" decoding=\"async\" class=\"aligncenter size-large wp-image-7116\" src=\"http:\/\/www.tvk-gaj.pl\/~gajonline\/wp-content\/uploads\/2016\/06\/2016-06-18-15.38.09-1-1024x768.jpg\" alt=\"2016-06-18 15.38.09\" width=\"838\" height=\"629\" srcset=\"https:\/\/online.tvk-gaj.pl\/wp-content\/uploads\/2016\/06\/2016-06-18-15.38.09-1-1024x768.jpg 1024w, https:\/\/online.tvk-gaj.pl\/wp-content\/uploads\/2016\/06\/2016-06-18-15.38.09-1-300x225.jpg 300w, https:\/\/online.tvk-gaj.pl\/wp-content\/uploads\/2016\/06\/2016-06-18-15.38.09-1-768x576.jpg 768w, https:\/\/online.tvk-gaj.pl\/wp-content\/uploads\/2016\/06\/2016-06-18-15.38.09-1.jpg 1632w\" sizes=\"auto, (max-width: 838px) 100vw, 838px\" \/><\/a><\/p>\n<p><a href=\"http:\/\/www.tvk-gaj.pl\/~gajonline\/wp-content\/uploads\/2016\/06\/2016-06-18-15.38.04.jpg\"><img loading=\"lazy\" decoding=\"async\" class=\"aligncenter wp-image-7120\" src=\"http:\/\/www.tvk-gaj.pl\/~gajonline\/wp-content\/uploads\/2016\/06\/2016-06-18-15.38.04.jpg\" alt=\"2016-06-18-15.38.04\" width=\"838\" height=\"629\" srcset=\"https:\/\/online.tvk-gaj.pl\/wp-content\/uploads\/2016\/06\/2016-06-18-15.38.04.jpg 800w, https:\/\/online.tvk-gaj.pl\/wp-content\/uploads\/2016\/06\/2016-06-18-15.38.04-300x225.jpg 300w, https:\/\/online.tvk-gaj.pl\/wp-content\/uploads\/2016\/06\/2016-06-18-15.38.04-768x576.jpg 768w\" sizes=\"auto, (max-width: 838px) 100vw, 838px\" \/><\/a><\/p>\n<p><a href=\"http:\/\/www.tvk-gaj.pl\/~gajonline\/wp-content\/uploads\/2016\/06\/DSCN5478.jpg\"><img loading=\"lazy\" decoding=\"async\" class=\"aligncenter wp-image-7130\" src=\"http:\/\/www.tvk-gaj.pl\/~gajonline\/wp-content\/uploads\/2016\/06\/DSCN5478.jpg\" alt=\"DSCN5478\" width=\"838\" height=\"629\" srcset=\"https:\/\/online.tvk-gaj.pl\/wp-content\/uploads\/2016\/06\/DSCN5478.jpg 800w, https:\/\/online.tvk-gaj.pl\/wp-content\/uploads\/2016\/06\/DSCN5478-300x225.jpg 300w, https:\/\/online.tvk-gaj.pl\/wp-content\/uploads\/2016\/06\/DSCN5478-768x576.jpg 768w\" sizes=\"auto, (max-width: 838px) 100vw, 838px\" \/><\/a><\/p>\n<p>&nbsp;<\/p>\n<p>Ponadto ca\u0142y czas po osiedlu je\u017adzi\u0142a specjalna ciuchcia, kt\u00f3ra co p\u00f3\u0142 godziny zabiera\u0142a ch\u0119tnych w wycieczk\u0119 po osiedlu.<\/p>\n<p>&nbsp;<\/p>\n<p><a href=\"http:\/\/www.tvk-gaj.pl\/~gajonline\/wp-content\/uploads\/2016\/06\/DSCN5438.jpg\"><img loading=\"lazy\" decoding=\"async\" class=\"aligncenter size-large wp-image-7110\" src=\"http:\/\/www.tvk-gaj.pl\/~gajonline\/wp-content\/uploads\/2016\/06\/DSCN5438-1024x795.jpg\" alt=\"DSCN5438\" width=\"838\" height=\"651\" srcset=\"https:\/\/online.tvk-gaj.pl\/wp-content\/uploads\/2016\/06\/DSCN5438-1024x795.jpg 1024w, https:\/\/online.tvk-gaj.pl\/wp-content\/uploads\/2016\/06\/DSCN5438-300x233.jpg 300w, https:\/\/online.tvk-gaj.pl\/wp-content\/uploads\/2016\/06\/DSCN5438-768x596.jpg 768w, https:\/\/online.tvk-gaj.pl\/wp-content\/uploads\/2016\/06\/DSCN5438.jpg 1157w\" sizes=\"auto, (max-width: 838px) 100vw, 838px\" \/><\/a><\/p>\n<p><a href=\"http:\/\/www.tvk-gaj.pl\/~gajonline\/wp-content\/uploads\/2016\/06\/DSCN5450.jpg\"><img loading=\"lazy\" decoding=\"async\" class=\"aligncenter size-large wp-image-7111\" src=\"http:\/\/www.tvk-gaj.pl\/~gajonline\/wp-content\/uploads\/2016\/06\/DSCN5450-1024x768.jpg\" alt=\"DSCN5450\" width=\"838\" height=\"629\" srcset=\"https:\/\/online.tvk-gaj.pl\/wp-content\/uploads\/2016\/06\/DSCN5450-1024x768.jpg 1024w, https:\/\/online.tvk-gaj.pl\/wp-content\/uploads\/2016\/06\/DSCN5450-300x225.jpg 300w, https:\/\/online.tvk-gaj.pl\/wp-content\/uploads\/2016\/06\/DSCN5450-768x576.jpg 768w, https:\/\/online.tvk-gaj.pl\/wp-content\/uploads\/2016\/06\/DSCN5450.jpg 1300w\" sizes=\"auto, (max-width: 838px) 100vw, 838px\" \/><\/a><\/p>\n<p>&nbsp;<\/p>\n<p>Za aktywizacj\u0119 dzieci odpowiadali nasi profesjonalni animatorzy zabaw, kt\u00f3rzy naprawd\u0119 stawali na g\u0142owie, \u017ceby bawi\u0107 i anga\u017cowa\u0107 we wsp\u00f3lne gry i zabawy dzieci.<\/p>\n<p>&nbsp;<\/p>\n<p><a href=\"http:\/\/www.tvk-gaj.pl\/~gajonline\/wp-content\/uploads\/2016\/06\/2016-06-18-15.59.46.jpg\"><img loading=\"lazy\" decoding=\"async\" class=\"aligncenter wp-image-7123\" src=\"http:\/\/www.tvk-gaj.pl\/~gajonline\/wp-content\/uploads\/2016\/06\/2016-06-18-15.59.46.jpg\" alt=\"2016-06-18-15.59.46\" width=\"838\" height=\"629\" srcset=\"https:\/\/online.tvk-gaj.pl\/wp-content\/uploads\/2016\/06\/2016-06-18-15.59.46.jpg 800w, https:\/\/online.tvk-gaj.pl\/wp-content\/uploads\/2016\/06\/2016-06-18-15.59.46-300x225.jpg 300w, https:\/\/online.tvk-gaj.pl\/wp-content\/uploads\/2016\/06\/2016-06-18-15.59.46-768x576.jpg 768w\" sizes=\"auto, (max-width: 838px) 100vw, 838px\" \/><\/a><\/p>\n<p><a href=\"http:\/\/www.tvk-gaj.pl\/~gajonline\/wp-content\/uploads\/2016\/06\/DSCN5475.jpg\"><img loading=\"lazy\" decoding=\"async\" class=\"aligncenter size-large wp-image-7112\" src=\"http:\/\/www.tvk-gaj.pl\/~gajonline\/wp-content\/uploads\/2016\/06\/DSCN5475-1024x768.jpg\" alt=\"DSCN5475\" width=\"838\" height=\"629\" srcset=\"https:\/\/online.tvk-gaj.pl\/wp-content\/uploads\/2016\/06\/DSCN5475-1024x768.jpg 1024w, https:\/\/online.tvk-gaj.pl\/wp-content\/uploads\/2016\/06\/DSCN5475-300x225.jpg 300w, https:\/\/online.tvk-gaj.pl\/wp-content\/uploads\/2016\/06\/DSCN5475-768x576.jpg 768w, https:\/\/online.tvk-gaj.pl\/wp-content\/uploads\/2016\/06\/DSCN5475.jpg 1300w\" sizes=\"auto, (max-width: 838px) 100vw, 838px\" \/><\/a><\/p>\n<p>&nbsp;<\/p>\n<p>Na festynie pojawi\u0142y si\u0119 r\u00f3wnie\u017c liczne atrakcje zorganizowane przez lokalnych przedsi\u0119biorc\u00f3w, plac\u00f3wki, s\u0142u\u017cby i organizacje.<br \/>\nBy\u0142a wi\u0119c Stra\u017c Po\u017carna ze swoim bojowym wozem stra\u017cackim. Ka\u017cdy m\u00f3g\u0142 si\u0119 przekona\u0107 jak g\u0142o\u015bne ma syreny alarmowe oraz jak to jest trzyma\u0107 w r\u0119ku stra\u017cacki w\u0105\u017c z wod\u0105.<\/p>\n<p>&nbsp;<\/p>\n<p><a href=\"http:\/\/www.tvk-gaj.pl\/~gajonline\/wp-content\/uploads\/2016\/06\/2016-06-18-16.34.26.jpg\"><img loading=\"lazy\" decoding=\"async\" class=\"aligncenter wp-image-7126\" src=\"http:\/\/www.tvk-gaj.pl\/~gajonline\/wp-content\/uploads\/2016\/06\/2016-06-18-16.34.26.jpg\" alt=\"2016-06-18-16.34.26\" width=\"838\" height=\"629\" srcset=\"https:\/\/online.tvk-gaj.pl\/wp-content\/uploads\/2016\/06\/2016-06-18-16.34.26.jpg 800w, https:\/\/online.tvk-gaj.pl\/wp-content\/uploads\/2016\/06\/2016-06-18-16.34.26-300x225.jpg 300w, https:\/\/online.tvk-gaj.pl\/wp-content\/uploads\/2016\/06\/2016-06-18-16.34.26-768x576.jpg 768w\" sizes=\"auto, (max-width: 838px) 100vw, 838px\" \/><\/a><\/p>\n<p><a href=\"http:\/\/www.tvk-gaj.pl\/~gajonline\/wp-content\/uploads\/2016\/06\/2016-06-18-16.36.36.jpg\"><img loading=\"lazy\" decoding=\"async\" class=\"aligncenter size-large wp-image-7113\" src=\"http:\/\/www.tvk-gaj.pl\/~gajonline\/wp-content\/uploads\/2016\/06\/2016-06-18-16.36.36-1024x768.jpg\" alt=\"2016-06-18 16.36.36\" width=\"838\" height=\"629\" srcset=\"https:\/\/online.tvk-gaj.pl\/wp-content\/uploads\/2016\/06\/2016-06-18-16.36.36-1024x768.jpg 1024w, https:\/\/online.tvk-gaj.pl\/wp-content\/uploads\/2016\/06\/2016-06-18-16.36.36-300x225.jpg 300w, https:\/\/online.tvk-gaj.pl\/wp-content\/uploads\/2016\/06\/2016-06-18-16.36.36-768x576.jpg 768w, https:\/\/online.tvk-gaj.pl\/wp-content\/uploads\/2016\/06\/2016-06-18-16.36.36.jpg 1632w\" sizes=\"auto, (max-width: 838px) 100vw, 838px\" \/><\/a><\/p>\n<p>&nbsp;<\/p>\n<p>O\u015brodek Postaw Tw\u00f3rczych z ul. Dzia\u0142kowej zbudowa\u0142 specjaln\u0105 konstrukcj\u0119, dzi\u0119ki kt\u00f3rej mo\u017cna by\u0142o zobaczy\u0107 na czym polega aparat otworkowy, a tak\u017ce&#8230;sprawdzi\u0107 go w praktyce i wykona\u0107 unikatowe zdj\u0119cia &#8211; pami\u0105tki z festynu.<\/p>\n<p>&nbsp;<\/p>\n<p>&nbsp;<\/p>\n<p><a href=\"http:\/\/www.tvk-gaj.pl\/~gajonline\/wp-content\/uploads\/2016\/06\/2016-06-18-16.42.16.jpg\"><img loading=\"lazy\" decoding=\"async\" class=\"aligncenter size-large wp-image-7114\" src=\"http:\/\/www.tvk-gaj.pl\/~gajonline\/wp-content\/uploads\/2016\/06\/2016-06-18-16.42.16-1024x768.jpg\" alt=\"2016-06-18 16.42.16\" width=\"838\" height=\"629\" srcset=\"https:\/\/online.tvk-gaj.pl\/wp-content\/uploads\/2016\/06\/2016-06-18-16.42.16-1024x768.jpg 1024w, https:\/\/online.tvk-gaj.pl\/wp-content\/uploads\/2016\/06\/2016-06-18-16.42.16-300x225.jpg 300w, https:\/\/online.tvk-gaj.pl\/wp-content\/uploads\/2016\/06\/2016-06-18-16.42.16-768x576.jpg 768w, https:\/\/online.tvk-gaj.pl\/wp-content\/uploads\/2016\/06\/2016-06-18-16.42.16.jpg 1632w\" sizes=\"auto, (max-width: 838px) 100vw, 838px\" \/><\/a><\/p>\n<p><a href=\"http:\/\/www.tvk-gaj.pl\/~gajonline\/wp-content\/uploads\/2016\/06\/2016-06-18-16.42.32.jpg\"><img loading=\"lazy\" decoding=\"async\" class=\"aligncenter size-large wp-image-7115\" src=\"http:\/\/www.tvk-gaj.pl\/~gajonline\/wp-content\/uploads\/2016\/06\/2016-06-18-16.42.32-1024x768.jpg\" alt=\"2016-06-18 16.42.32\" width=\"838\" height=\"629\" srcset=\"https:\/\/online.tvk-gaj.pl\/wp-content\/uploads\/2016\/06\/2016-06-18-16.42.32-1024x768.jpg 1024w, https:\/\/online.tvk-gaj.pl\/wp-content\/uploads\/2016\/06\/2016-06-18-16.42.32-300x225.jpg 300w, https:\/\/online.tvk-gaj.pl\/wp-content\/uploads\/2016\/06\/2016-06-18-16.42.32-768x576.jpg 768w, https:\/\/online.tvk-gaj.pl\/wp-content\/uploads\/2016\/06\/2016-06-18-16.42.32.jpg 1632w\" sizes=\"auto, (max-width: 838px) 100vw, 838px\" \/><\/a><\/p>\n<p>&nbsp;<\/p>\n<p>Miejski O\u015brodek Pomocy Spo\u0142ecznej nie tylko przeprowadzi\u0142 znany i lubiany konkurs &#8222;Ko\u0142o fortuny&#8221;, ale r\u00f3wnie\u017c tworzy\u0142 niesamowite zabawki z&#8230;dmuchanych balon\u00f3w.<\/p>\n<p>&nbsp;<\/p>\n<p><a href=\"http:\/\/www.tvk-gaj.pl\/~gajonline\/wp-content\/uploads\/2016\/06\/2016-06-18-15.37.19.jpg\"><img loading=\"lazy\" decoding=\"async\" class=\"aligncenter size-large wp-image-7109\" src=\"http:\/\/www.tvk-gaj.pl\/~gajonline\/wp-content\/uploads\/2016\/06\/2016-06-18-15.37.19-1024x768.jpg\" alt=\"2016-06-18 15.37.19\" width=\"838\" height=\"629\" srcset=\"https:\/\/online.tvk-gaj.pl\/wp-content\/uploads\/2016\/06\/2016-06-18-15.37.19-1024x768.jpg 1024w, https:\/\/online.tvk-gaj.pl\/wp-content\/uploads\/2016\/06\/2016-06-18-15.37.19-300x225.jpg 300w, https:\/\/online.tvk-gaj.pl\/wp-content\/uploads\/2016\/06\/2016-06-18-15.37.19-768x576.jpg 768w, https:\/\/online.tvk-gaj.pl\/wp-content\/uploads\/2016\/06\/2016-06-18-15.37.19.jpg 1632w\" sizes=\"auto, (max-width: 838px) 100vw, 838px\" \/><\/a><\/p>\n<p><a href=\"http:\/\/www.tvk-gaj.pl\/~gajonline\/wp-content\/uploads\/2016\/06\/2016-06-18-15.36.30.jpg\"><img loading=\"lazy\" decoding=\"async\" class=\"aligncenter wp-image-7121\" src=\"http:\/\/www.tvk-gaj.pl\/~gajonline\/wp-content\/uploads\/2016\/06\/2016-06-18-15.36.30.jpg\" alt=\"2016-06-18-15.36.30\" width=\"838\" height=\"629\" srcset=\"https:\/\/online.tvk-gaj.pl\/wp-content\/uploads\/2016\/06\/2016-06-18-15.36.30.jpg 800w, https:\/\/online.tvk-gaj.pl\/wp-content\/uploads\/2016\/06\/2016-06-18-15.36.30-300x225.jpg 300w, https:\/\/online.tvk-gaj.pl\/wp-content\/uploads\/2016\/06\/2016-06-18-15.36.30-768x576.jpg 768w\" sizes=\"auto, (max-width: 838px) 100vw, 838px\" \/><\/a><\/p>\n<p><a href=\"http:\/\/www.tvk-gaj.pl\/~gajonline\/wp-content\/uploads\/2016\/06\/2016-06-18-16.26.46.jpg\"><img loading=\"lazy\" decoding=\"async\" class=\"aligncenter wp-image-7139\" src=\"http:\/\/www.tvk-gaj.pl\/~gajonline\/wp-content\/uploads\/2016\/06\/2016-06-18-16.26.46.jpg\" alt=\"2016-06-18-16.26.46\" width=\"838\" height=\"629\" srcset=\"https:\/\/online.tvk-gaj.pl\/wp-content\/uploads\/2016\/06\/2016-06-18-16.26.46.jpg 800w, https:\/\/online.tvk-gaj.pl\/wp-content\/uploads\/2016\/06\/2016-06-18-16.26.46-300x225.jpg 300w, https:\/\/online.tvk-gaj.pl\/wp-content\/uploads\/2016\/06\/2016-06-18-16.26.46-768x576.jpg 768w\" sizes=\"auto, (max-width: 838px) 100vw, 838px\" \/><\/a><\/p>\n<p>&nbsp;<\/p>\n<p>Centrum Handlowe Ferio Gaj przygotowa\u0142o z kolei fantastyczny konkurs, w kt\u00f3rym\u00a0\u00a0spotka\u0142o si\u0119 5 rodzin, kt\u00f3re pokaza\u0142y niesamowity humor, dystans do siebie i godn\u0105 podziwu\u00a0wsp\u00f3\u0142prac\u0119 w warunkach skrajnie niesprzyjaj\u0105cych (cz\u0119\u015b\u0107 konkursu odby\u0142o si\u0119 podczas&#8230;szalej\u0105cej ok godziny 17 burzy!).<\/p>\n<p><a href=\"http:\/\/www.tvk-gaj.pl\/~gajonline\/wp-content\/uploads\/2016\/06\/DSCN5514.jpg\"><img loading=\"lazy\" decoding=\"async\" class=\"aligncenter wp-image-7137\" src=\"http:\/\/www.tvk-gaj.pl\/~gajonline\/wp-content\/uploads\/2016\/06\/DSCN5514.jpg\" alt=\"DSCN5514\" width=\"838\" height=\"629\" srcset=\"https:\/\/online.tvk-gaj.pl\/wp-content\/uploads\/2016\/06\/DSCN5514.jpg 800w, https:\/\/online.tvk-gaj.pl\/wp-content\/uploads\/2016\/06\/DSCN5514-300x225.jpg 300w, https:\/\/online.tvk-gaj.pl\/wp-content\/uploads\/2016\/06\/DSCN5514-768x576.jpg 768w\" sizes=\"auto, (max-width: 838px) 100vw, 838px\" \/><\/a><\/p>\n<p><a href=\"http:\/\/www.tvk-gaj.pl\/~gajonline\/wp-content\/uploads\/2016\/06\/DSCN5518.jpg\"><img loading=\"lazy\" decoding=\"async\" class=\"aligncenter wp-image-7128\" src=\"http:\/\/www.tvk-gaj.pl\/~gajonline\/wp-content\/uploads\/2016\/06\/DSCN5518.jpg\" alt=\"DSCN5518\" width=\"838\" height=\"629\" srcset=\"https:\/\/online.tvk-gaj.pl\/wp-content\/uploads\/2016\/06\/DSCN5518.jpg 800w, https:\/\/online.tvk-gaj.pl\/wp-content\/uploads\/2016\/06\/DSCN5518-300x225.jpg 300w, https:\/\/online.tvk-gaj.pl\/wp-content\/uploads\/2016\/06\/DSCN5518-768x576.jpg 768w\" sizes=\"auto, (max-width: 838px) 100vw, 838px\" \/><\/a><\/p>\n<p><a href=\"http:\/\/www.tvk-gaj.pl\/~gajonline\/wp-content\/uploads\/2016\/06\/DSCN5477.jpg\"><img loading=\"lazy\" decoding=\"async\" class=\"aligncenter wp-image-7129\" src=\"http:\/\/www.tvk-gaj.pl\/~gajonline\/wp-content\/uploads\/2016\/06\/DSCN5477.jpg\" alt=\"DSCN5477\" width=\"838\" height=\"629\" srcset=\"https:\/\/online.tvk-gaj.pl\/wp-content\/uploads\/2016\/06\/DSCN5477.jpg 800w, https:\/\/online.tvk-gaj.pl\/wp-content\/uploads\/2016\/06\/DSCN5477-300x225.jpg 300w, https:\/\/online.tvk-gaj.pl\/wp-content\/uploads\/2016\/06\/DSCN5477-768x576.jpg 768w\" sizes=\"auto, (max-width: 838px) 100vw, 838px\" \/><\/a><\/p>\n<p><a href=\"http:\/\/www.tvk-gaj.pl\/~gajonline\/wp-content\/uploads\/2016\/06\/DSCN5515.jpg\"><img loading=\"lazy\" decoding=\"async\" class=\"aligncenter size-large wp-image-7118\" src=\"http:\/\/www.tvk-gaj.pl\/~gajonline\/wp-content\/uploads\/2016\/06\/DSCN5515-1024x768.jpg\" alt=\"DSCN5515\" width=\"838\" height=\"629\" srcset=\"https:\/\/online.tvk-gaj.pl\/wp-content\/uploads\/2016\/06\/DSCN5515-1024x768.jpg 1024w, https:\/\/online.tvk-gaj.pl\/wp-content\/uploads\/2016\/06\/DSCN5515-300x225.jpg 300w, https:\/\/online.tvk-gaj.pl\/wp-content\/uploads\/2016\/06\/DSCN5515-768x576.jpg 768w, https:\/\/online.tvk-gaj.pl\/wp-content\/uploads\/2016\/06\/DSCN5515.jpg 1300w\" sizes=\"auto, (max-width: 838px) 100vw, 838px\" \/><\/a><\/p>\n<p>&nbsp;<\/p>\n<p>Sklep &#8222;Aga&#8221; przygotowa\u0142 loteri\u0119, w kt\u00f3rej zwyci\u0119skie g\u0142osy wygrywa\u0142y atrakcyjne nagrody rzeczowe.<\/p>\n<p>&nbsp;<\/p>\n<p><a href=\"http:\/\/www.tvk-gaj.pl\/~gajonline\/wp-content\/uploads\/2016\/06\/2016-06-18-15.48.36.jpg\"><img loading=\"lazy\" decoding=\"async\" class=\"aligncenter size-large wp-image-7105\" src=\"http:\/\/www.tvk-gaj.pl\/~gajonline\/wp-content\/uploads\/2016\/06\/2016-06-18-15.48.36-1024x768.jpg\" alt=\"2016-06-18 15.48.36\" width=\"838\" height=\"629\" srcset=\"https:\/\/online.tvk-gaj.pl\/wp-content\/uploads\/2016\/06\/2016-06-18-15.48.36-1024x768.jpg 1024w, https:\/\/online.tvk-gaj.pl\/wp-content\/uploads\/2016\/06\/2016-06-18-15.48.36-300x225.jpg 300w, https:\/\/online.tvk-gaj.pl\/wp-content\/uploads\/2016\/06\/2016-06-18-15.48.36-768x576.jpg 768w, https:\/\/online.tvk-gaj.pl\/wp-content\/uploads\/2016\/06\/2016-06-18-15.48.36.jpg 1632w\" sizes=\"auto, (max-width: 838px) 100vw, 838px\" \/><\/a><\/p>\n<p>&nbsp;<\/p>\n<p>Uczestnicy festnu\u00a0mogli r\u00f3wnie\u017c zapozna\u0107 si\u0119 z punktami naszych partner\u00f3w &#8211; z barwnymi stoiskami pojawili si\u0119 m.in.: Wojskowa Komenda Uzupe\u0142nie\u0144, Towarzystwo Upi\u0119kszania Miasta Wroc\u0142awia, Przedszkole Bim Bam Bom&#8230;<\/p>\n<p><a href=\"http:\/\/www.tvk-gaj.pl\/~gajonline\/wp-content\/uploads\/2016\/06\/DSCN5483.jpg\"><img loading=\"lazy\" decoding=\"async\" class=\"aligncenter wp-image-7138\" src=\"http:\/\/www.tvk-gaj.pl\/~gajonline\/wp-content\/uploads\/2016\/06\/DSCN5483.jpg\" alt=\"DSCN5483\" width=\"838\" height=\"629\" srcset=\"https:\/\/online.tvk-gaj.pl\/wp-content\/uploads\/2016\/06\/DSCN5483.jpg 800w, https:\/\/online.tvk-gaj.pl\/wp-content\/uploads\/2016\/06\/DSCN5483-300x225.jpg 300w, https:\/\/online.tvk-gaj.pl\/wp-content\/uploads\/2016\/06\/DSCN5483-768x576.jpg 768w\" sizes=\"auto, (max-width: 838px) 100vw, 838px\" \/><\/a><\/p>\n<p><a href=\"http:\/\/www.tvk-gaj.pl\/~gajonline\/wp-content\/uploads\/2016\/06\/2016-06-18-15.50.24.jpg\"><img loading=\"lazy\" decoding=\"async\" class=\"aligncenter wp-image-7124\" src=\"http:\/\/www.tvk-gaj.pl\/~gajonline\/wp-content\/uploads\/2016\/06\/2016-06-18-15.50.24.jpg\" alt=\"2016-06-18-15.50.24\" width=\"838\" height=\"629\" srcset=\"https:\/\/online.tvk-gaj.pl\/wp-content\/uploads\/2016\/06\/2016-06-18-15.50.24.jpg 800w, https:\/\/online.tvk-gaj.pl\/wp-content\/uploads\/2016\/06\/2016-06-18-15.50.24-300x225.jpg 300w, https:\/\/online.tvk-gaj.pl\/wp-content\/uploads\/2016\/06\/2016-06-18-15.50.24-768x576.jpg 768w\" sizes=\"auto, (max-width: 838px) 100vw, 838px\" \/><\/a><\/p>\n<p><a href=\"http:\/\/www.tvk-gaj.pl\/~gajonline\/wp-content\/uploads\/2016\/06\/2016-06-18-15.50.29.jpg\"><img loading=\"lazy\" decoding=\"async\" class=\"aligncenter wp-image-7144\" src=\"http:\/\/www.tvk-gaj.pl\/~gajonline\/wp-content\/uploads\/2016\/06\/2016-06-18-15.50.29.jpg\" alt=\"2016-06-18-15.50.29\" width=\"838\" height=\"629\" srcset=\"https:\/\/online.tvk-gaj.pl\/wp-content\/uploads\/2016\/06\/2016-06-18-15.50.29.jpg 800w, https:\/\/online.tvk-gaj.pl\/wp-content\/uploads\/2016\/06\/2016-06-18-15.50.29-300x225.jpg 300w, https:\/\/online.tvk-gaj.pl\/wp-content\/uploads\/2016\/06\/2016-06-18-15.50.29-768x576.jpg 768w\" sizes=\"auto, (max-width: 838px) 100vw, 838px\" \/><\/a><\/p>\n<p><a href=\"http:\/\/www.tvk-gaj.pl\/~gajonline\/wp-content\/uploads\/2016\/06\/2016-06-18-15.52.17.jpg\"><img loading=\"lazy\" decoding=\"async\" class=\"aligncenter wp-image-7125\" src=\"http:\/\/www.tvk-gaj.pl\/~gajonline\/wp-content\/uploads\/2016\/06\/2016-06-18-15.52.17.jpg\" alt=\"2016-06-18-15.52.17\" width=\"838\" height=\"629\" srcset=\"https:\/\/online.tvk-gaj.pl\/wp-content\/uploads\/2016\/06\/2016-06-18-15.52.17.jpg 800w, https:\/\/online.tvk-gaj.pl\/wp-content\/uploads\/2016\/06\/2016-06-18-15.52.17-300x225.jpg 300w, https:\/\/online.tvk-gaj.pl\/wp-content\/uploads\/2016\/06\/2016-06-18-15.52.17-768x576.jpg 768w\" sizes=\"auto, (max-width: 838px) 100vw, 838px\" \/><\/a><\/p>\n<p><a href=\"http:\/\/www.tvk-gaj.pl\/~gajonline\/wp-content\/uploads\/2016\/06\/DSCN5426.jpg\"><img loading=\"lazy\" decoding=\"async\" class=\"aligncenter wp-image-7127\" src=\"http:\/\/www.tvk-gaj.pl\/~gajonline\/wp-content\/uploads\/2016\/06\/DSCN5426.jpg\" alt=\"DSCN5426\" width=\"838\" height=\"629\" srcset=\"https:\/\/online.tvk-gaj.pl\/wp-content\/uploads\/2016\/06\/DSCN5426.jpg 800w, https:\/\/online.tvk-gaj.pl\/wp-content\/uploads\/2016\/06\/DSCN5426-300x225.jpg 300w, https:\/\/online.tvk-gaj.pl\/wp-content\/uploads\/2016\/06\/DSCN5426-768x576.jpg 768w\" sizes=\"auto, (max-width: 838px) 100vw, 838px\" \/><\/a><\/p>\n<p>&nbsp;<\/p>\n<p>Ca\u0142y czas funkcjonowa\u0142 te\u017c osiedlowy punkt wymiany ksi\u0105\u017cek &#8211; bookcrossing ESK 2016 na Gaju.<\/p>\n<p>&nbsp;<\/p>\n<p><a href=\"http:\/\/www.tvk-gaj.pl\/~gajonline\/wp-content\/uploads\/2016\/06\/2016-06-18-15.34.18.jpg\"><img loading=\"lazy\" decoding=\"async\" class=\"aligncenter wp-image-7140\" src=\"http:\/\/www.tvk-gaj.pl\/~gajonline\/wp-content\/uploads\/2016\/06\/2016-06-18-15.34.18.jpg\" alt=\"2016-06-18-15.34.18\" width=\"838\" height=\"629\" srcset=\"https:\/\/online.tvk-gaj.pl\/wp-content\/uploads\/2016\/06\/2016-06-18-15.34.18.jpg 800w, https:\/\/online.tvk-gaj.pl\/wp-content\/uploads\/2016\/06\/2016-06-18-15.34.18-300x225.jpg 300w, https:\/\/online.tvk-gaj.pl\/wp-content\/uploads\/2016\/06\/2016-06-18-15.34.18-768x576.jpg 768w\" sizes=\"auto, (max-width: 838px) 100vw, 838px\" \/><\/a><\/p>\n<p>&nbsp;<\/p>\n<p>Wieczorem, na zako\u0144czenie Festynu na scenie wyst\u0105pi\u0142 zesp\u00f3\u0142 &#8222;Strange Moments&#8221;, kt\u00f3ry melodyjnymi utworami i ciekawym wokalem umili\u0142 nam sobotni wiecz\u00f3r.<\/p>\n<p>&nbsp;<\/p>\n<p><a href=\"http:\/\/www.tvk-gaj.pl\/~gajonline\/wp-content\/uploads\/2016\/06\/DSCN5541.jpg\"><img loading=\"lazy\" decoding=\"async\" class=\"aligncenter wp-image-7106 size-large\" src=\"http:\/\/www.tvk-gaj.pl\/~gajonline\/wp-content\/uploads\/2016\/06\/DSCN5541-1024x818.jpg\" alt=\"DSCN5541\" width=\"838\" height=\"669\" srcset=\"https:\/\/online.tvk-gaj.pl\/wp-content\/uploads\/2016\/06\/DSCN5541-1024x818.jpg 1024w, https:\/\/online.tvk-gaj.pl\/wp-content\/uploads\/2016\/06\/DSCN5541-300x240.jpg 300w, https:\/\/online.tvk-gaj.pl\/wp-content\/uploads\/2016\/06\/DSCN5541-768x614.jpg 768w, https:\/\/online.tvk-gaj.pl\/wp-content\/uploads\/2016\/06\/DSCN5541.jpg 1300w\" sizes=\"auto, (max-width: 838px) 100vw, 838px\" \/><\/a><\/p>\n<p><a href=\"http:\/\/www.tvk-gaj.pl\/~gajonline\/wp-content\/uploads\/2016\/06\/DSCN5532.jpg\"><img loading=\"lazy\" decoding=\"async\" class=\"aligncenter wp-image-7142\" src=\"http:\/\/www.tvk-gaj.pl\/~gajonline\/wp-content\/uploads\/2016\/06\/DSCN5532.jpg\" alt=\"DSCN5532\" width=\"838\" height=\"629\" srcset=\"https:\/\/online.tvk-gaj.pl\/wp-content\/uploads\/2016\/06\/DSCN5532.jpg 800w, https:\/\/online.tvk-gaj.pl\/wp-content\/uploads\/2016\/06\/DSCN5532-300x225.jpg 300w, https:\/\/online.tvk-gaj.pl\/wp-content\/uploads\/2016\/06\/DSCN5532-768x576.jpg 768w\" sizes=\"auto, (max-width: 838px) 100vw, 838px\" \/><\/a><\/p>\n<p><a href=\"http:\/\/www.tvk-gaj.pl\/~gajonline\/wp-content\/uploads\/2016\/06\/DSCN5533.jpg\"><img loading=\"lazy\" decoding=\"async\" class=\"aligncenter size-large wp-image-7108\" src=\"http:\/\/www.tvk-gaj.pl\/~gajonline\/wp-content\/uploads\/2016\/06\/DSCN5533-1024x656.jpg\" alt=\"DSCN5533\" width=\"838\" height=\"537\" srcset=\"https:\/\/online.tvk-gaj.pl\/wp-content\/uploads\/2016\/06\/DSCN5533-1024x656.jpg 1024w, https:\/\/online.tvk-gaj.pl\/wp-content\/uploads\/2016\/06\/DSCN5533-300x192.jpg 300w, https:\/\/online.tvk-gaj.pl\/wp-content\/uploads\/2016\/06\/DSCN5533-768x492.jpg 768w, https:\/\/online.tvk-gaj.pl\/wp-content\/uploads\/2016\/06\/DSCN5533.jpg 1300w\" sizes=\"auto, (max-width: 838px) 100vw, 838px\" \/><\/a><\/p>\n<p>&nbsp;<\/p>\n<p>Nad naszym bezpiecze\u0144stwem czuwa\u0142 Stra\u017cnik Osiedlowy (Stra\u017c Miejska)<\/p>\n<p>&nbsp;<\/p>\n<p><a href=\"http:\/\/www.tvk-gaj.pl\/~gajonline\/wp-content\/uploads\/2016\/06\/DSCN5458.jpg\"><img loading=\"lazy\" decoding=\"async\" class=\"aligncenter size-full wp-image-7143\" src=\"http:\/\/www.tvk-gaj.pl\/~gajonline\/wp-content\/uploads\/2016\/06\/DSCN5458.jpg\" alt=\"DSCN5458\" width=\"450\" height=\"600\" srcset=\"https:\/\/online.tvk-gaj.pl\/wp-content\/uploads\/2016\/06\/DSCN5458.jpg 450w, https:\/\/online.tvk-gaj.pl\/wp-content\/uploads\/2016\/06\/DSCN5458-225x300.jpg 225w\" sizes=\"auto, (max-width: 450px) 100vw, 450px\" \/><br \/>\n<\/a><\/p>\n<p>&nbsp;<\/p>\n<p><strong>Festynowa sobota min\u0119\u0142a zdecydowanie za szybko! Dzi\u0119kujemy Wam za cudowny czas sp\u0119dzony wsp\u00f3lnie!\u00a0<\/strong><\/p>\n<p>Cho\u0107 festyn osiedla skierowany by\u0142 do Was- mieszka\u0144c\u00f3w i go\u015bci Gaju, to tak\u017ce my &#8211; Radni Osiedla Gaj &#8211; doskonale bawili\u015bmy si\u0119 podczas wsp\u00f3lnych gier, zabaw, chwil relaksu.<br \/>\nC\u00f3\u017c, lato na Gaju uwa\u017camy za oficjalnie rozpocz\u0119te!:-)<\/p>\n<p>&nbsp;<\/p>\n<p><strong>Serdecznie dzi\u0119kujemy naszym naszym partnerom:<\/strong><br \/>\n&#8211; Centrum Handlowemu &#8222;Ferio Gaj&#8221; z ul. \u015awieradowskiej za sponsoring i atrakcyjne nagrody w konkursie rodzinnym,<br \/>\n&#8211; Centrum Handlowemu &#8222;Gaj&#8221; z ul. \u015awieradowskiej za sponsoring,<br \/>\n&#8211; Sklepowi AGA z ul. Orzechowej za obecno\u015b\u0107 i zorganizowanie loterii z atrakcyjnymi nagrodami,<br \/>\n&#8211; Miejskiemu O\u015brodkowi Pomocy Spo\u0142ecznej za przeprowadzenie Rodzinnych Potyczek i animowanie czasu dla dzieci,<br \/>\n&#8211; O\u015brodkowi Postaw Tw\u00f3rczych prz ul. Dzia\u0142kowej za zaprezentowanie idei aparatu otworkowego,<br \/>\n&#8211; Przedszkolu Bim Bam Bom z Krynickiej za malowanie twarzy dzieciom<br \/>\n&#8211;\u00a0Sklepowi &#8222;Rabat&#8221; z ul. Orzechowej 108 za nagrody rzeczowe<\/p>\n<p>&nbsp;<\/p>\n<p>&nbsp;<\/p>\n<div><strong>GALERIA ZDJ\u0118\u0106 Z FESTYNU &#8222;WITAMY LATO NA GAJU&#8221; &#8211; 18 CZERWIEC 2016<\/strong><\/div>\n<div><\/div>\n<div><\/div>\n<div><img decoding=\"async\" class=\"ngg_displayed_gallery mceItem\" src=\"http:\/\/www.tvk-gaj.pl\/~gajonline\/index.php\/nextgen-attach_to_post\/preview\/id--7096\" data-mce-placeholder=\"1\" \/><\/div>\n<div><\/div>\n<div><\/div>\n<div><\/div>\n<div><\/div>\n<div><\/div>\n<div><\/div>\n","protected":false},"excerpt":{"rendered":"<p>Festyn &#8222;Witamy lato na Gaju&#8221; ju\u017c na nami. Cho\u0107 wszystko co dobre szybko si\u0119 ko\u0144czy to pozosta\u0142o nam mn\u00f3stwo pi\u0119knych wspomnie\u0144 i historii do opowiedzenia! Przez ca\u0142\u0105 sobot\u0119, 18 czerwca, bawili\u015bmy si\u0119 wsp\u00f3lnie w Parku S\u0142onecznym przy plenerowej scenie Europejskiej Stolicy Kultury Wroc\u0142aw 2016 na Gaj. \u00a0Zapraszamy do naszej relacji z zabawy oraz obszernej galerii [&hellip;]<\/p>\n","protected":false},"author":1,"featured_media":7094,"comment_status":"open","ping_status":"open","sticky":false,"template":"","format":"standard","meta":{"footnotes":""},"categories":[14,630],"tags":[577,400,632,685,642,131,270,282,279,293,112,651,699,698,128,271,135,294,576,697,700,331,650],"class_list":["post-6937","post","type-post","status-publish","format-standard","has-post-thumbnail","hentry","category-aktualnosci","category-esk-2016","tag-centrum-handlowe-gaj","tag-dzieci","tag-esk","tag-esk-na-gaju","tag-europejska-stolica-kultury-wroclaw-2016","tag-ferio-gaj","tag-festyn","tag-festyn-na-gaju","tag-festyn-osiedla-gaj","tag-fotorelacja","tag-gaj","tag-galeria","tag-opt-gaj","tag-osrodek-postaw-tworczych-dzialkowa","tag-park-sloneczny","tag-piknik","tag-rada-osiedla-gaj","tag-relacja","tag-sklep-aga","tag-sklep-rabat","tag-straz-pozarna","tag-zabawa","tag-zdjecia"],"_links":{"self":[{"href":"https:\/\/online.tvk-gaj.pl\/index.php?rest_route=\/wp\/v2\/posts\/6937","targetHints":{"allow":["GET"]}}],"collection":[{"href":"https:\/\/online.tvk-gaj.pl\/index.php?rest_route=\/wp\/v2\/posts"}],"about":[{"href":"https:\/\/online.tvk-gaj.pl\/index.php?rest_route=\/wp\/v2\/types\/post"}],"author":[{"embeddable":true,"href":"https:\/\/online.tvk-gaj.pl\/index.php?rest_route=\/wp\/v2\/users\/1"}],"replies":[{"embeddable":true,"href":"https:\/\/online.tvk-gaj.pl\/index.php?rest_route=%2Fwp%2Fv2%2Fcomments&post=6937"}],"version-history":[{"count":14,"href":"https:\/\/online.tvk-gaj.pl\/index.php?rest_route=\/wp\/v2\/posts\/6937\/revisions"}],"predecessor-version":[{"id":7145,"href":"https:\/\/online.tvk-gaj.pl\/index.php?rest_route=\/wp\/v2\/posts\/6937\/revisions\/7145"}],"wp:featuredmedia":[{"embeddable":true,"href":"https:\/\/online.tvk-gaj.pl\/index.php?rest_route=\/wp\/v2\/media\/7094"}],"wp:attachment":[{"href":"https:\/\/online.tvk-gaj.pl\/index.php?rest_route=%2Fwp%2Fv2%2Fmedia&parent=6937"}],"wp:term":[{"taxonomy":"category","embeddable":true,"href":"https:\/\/online.tvk-gaj.pl\/index.php?rest_route=%2Fwp%2Fv2%2Fcategories&post=6937"},{"taxonomy":"post_tag","embeddable":true,"href":"https:\/\/online.tvk-gaj.pl\/index.php?rest_route=%2Fwp%2Fv2%2Ftags&post=6937"}],"curies":[{"name":"wp","href":"https:\/\/api.w.org\/{rel}","templated":true}]}}