{"id":7146,"date":"2016-06-22T09:09:07","date_gmt":"2016-06-22T07:09:07","guid":{"rendered":"http:\/\/www.tvk-gaj.pl\/~gajonline\/?p=7146"},"modified":"2016-08-30T09:40:11","modified_gmt":"2016-08-30T07:40:11","slug":"wakacyjne-zmiany-w-komunikacji-miejskiej-w-lecie-gaj-bez-tramwajow","status":"publish","type":"post","link":"https:\/\/online.tvk-gaj.pl\/?p=7146","title":{"rendered":"Wakacyjne zmiany w komunikacji miejskiej. W lecie Gaj bez tramwaj\u00f3w"},"content":{"rendered":"<p>Od 25 czerwca obowi\u0105zuje nowy rozk\u0142ad jazdy komunikacji miejskiej we Wroc\u0142awiu. Jedn\u0105 z najwa\u017cniejszych zmian dla mieszka\u0144c\u00f3w Gaju\u00a0b\u0119dzie przeprowadzana w wakacje przebudowa ulic Joanit\u00f3w\u00a0i Dyrekcyjnej, kt\u00f3rej efektem b\u0119dzie wstrzymanie kursowania tramwaj\u00f3w na Gaj w miesi\u0105cach czerwiec-wrzesie\u0144. Ponadto w zwi\u0105zku z okresem letnim zmianie ulega cz\u0119stotliwo\u015b\u0107 kursowania autobus\u00f3w. Zapraszamy do zapoznania si\u0119 z wakacyjnymi zmianami w funkcjonowaniu komunikacji miejskiej.<!--more--><\/p>\n<p>&nbsp;<\/p>\n<p><strong>Wakacyjne zmiany w komunikacji miejskiej.\u00a0Od 25 czerwca (sobota) zaczyna funkcjonowa\u0107 wakacyjny rozk\u0142ady jazdy MPK we Wroc\u0142awiu. Wed\u0142ug nowego rozk\u0142adu tramwaje i autobusy kursowa\u0142y b\u0119d\u0105 rzadziej, a niekt\u00f3re po\u0142\u0105czenia autobusowe zostan\u0105 zawieszone. Tego samego dnia, 25 czerwca, rozpoczyna si\u0119 r\u00f3wnie\u017c przebudowa ulic przy budowie nowego dworca PKS. Zamkni\u0119ta\u00a0dla ruchu drogowego zostanie ulica Dyrekcyjna na odcinku od \u015al\u0119\u017cnej do Joannit\u00f3w (w tyn\u00a0skrzy\u017cowanie z ul. Borowsk\u0105). Na czas remontu zawieszone zostan\u0105 wszystkie po\u0142\u0105czenia tramwajowe dla po\u0142udnia Wroc\u0142awia. Tramwaje nie dojad\u0105 na p\u0119tle: Tarnogaj, Park Po\u0142udniowy i kra\u0144cowy przystanek na ul. \u015awieradowskiej na Gaju .<\/strong><\/p>\n<p>&nbsp;<\/p>\n<p>&nbsp;<\/p>\n<p><a href=\"http:\/\/www.tvk-gaj.pl\/~gajonline\/wp-content\/uploads\/2014\/02\/5231621.jpg\"><img loading=\"lazy\" decoding=\"async\" class=\"aligncenter size-full wp-image-2150\" src=\"http:\/\/www.tvk-gaj.pl\/~gajonline\/wp-content\/uploads\/2014\/02\/5231621.jpg\" alt=\"OLYMPUS DIGITAL CAMERA\" width=\"960\" height=\"720\" srcset=\"https:\/\/online.tvk-gaj.pl\/wp-content\/uploads\/2014\/02\/5231621.jpg 960w, https:\/\/online.tvk-gaj.pl\/wp-content\/uploads\/2014\/02\/5231621-300x225.jpg 300w\" sizes=\"auto, (max-width: 960px) 100vw, 960px\" \/><\/a><\/p>\n<p>&nbsp;<\/p>\n<p><strong>Remont ulic Dyrekcyjnej, Joanit\u00f3w i\u00a0Borowskiej<\/strong><\/p>\n<p>Remont ulic zwi\u0105zany jest z budow\u0105 dojazd\u00f3w do powstaj\u0105cej przy ul. Borowskiej nowej galerii handlowej i dworca PKS. Za przebudow\u0119 dr\u00f3g odpowiada prywatna firma Unibail-Rodamco &#8211; inwestor galerii handlowo-us\u0142ugowej Wroclavia (powstaj\u0105cej w miejscu by\u0142ego dworca PKS).<br \/>\nWzd\u0142u\u017c ul. Dyrekcyjnej maj\u0105 powsta\u0107 chodniki, \u015bcie\u017cki\u00a0rowerowe, o\u015bwietlenie, a tak\u017ce wej\u015bcia i wjazdy do nowo powstaj\u0105cej galerii (dworca).<\/p>\n<p><span style=\"text-decoration: underline;\">ZDiUM w oficjalnym komunikacie prasowym podaje:<\/span><\/p>\n<blockquote><p>Z\u00a0dniem 25 czerwca wy\u0142\u0105czone z ruchu ko\u0142owego zostan\u0105 ulica Dyrekcyjna i Joannit\u00f3w, utrudnienia wyst\u0105pi\u0105 r\u00f3wnie\u017c w obr\u0119bie skrzy\u017cowania Dyrekcyjnej i Borowskiej.<br \/>\nPrzebudowa skrzy\u017cowania oznacza\u0107 b\u0119dzie wstrzymanie komunikacji tramwajowej do ko\u0144ca sierpnia.<br \/>\nWspomniane powy\u017cej zmiany s\u0105 zwi\u0105zane z przebudow\u0105 uk\u0142adu drogowego wok\u00f3\u0142 powstaj\u0105cego obiektu na terenie dworca PKS.<br \/>\nInwestorem rob\u00f3t jest podmiot prywatny: Unibail &#8211; Rodamco.<\/p>\n<p>Ulica Dyrekcyjna b\u0119dzie zamkni\u0119ta na odcinku od skrzy\u017cowania z ulic\u0105 \u015al\u0119\u017cn\u0105 do skrzy\u017cowania z ulic\u0105 Gajow\u0105.<br \/>\nNa skrzy\u017cowaniu ulic Borowskiej i Dyrekcyjnej utrzymana zostanie relacja po osi Borowskiej od skrzy\u017cowania z ul. Glinian\u0105 w kierunku ulicy Suchej.<br \/>\nObjazd dla pojazd\u00f3w na kierunku od ulicy Hubskiej wyznaczony zosta\u0142 ulicami: Such\u0105, i \u015al\u0119\u017cn\u0105, natomiast od ulicy \u015al\u0119\u017cnej ulicami: Glinian\u0105, \u00a0\u0141\u00f3dzk\u0105 oraz Gajow\u0105.<br \/>\nNa trasie objazdu przewidziano cz\u0119\u015bciow\u0105 eliminacj\u0119 parkowania oraz zmiany pierwsze\u0144stwa na skrzy\u017cowaniach \u0141\u00f3dzka &#8211; Gliniana, \u0141\u00f3dzka \u2013 Gajowa, Gajowa &#8211; Dawida oraz Gajowa &#8211; Dyrekcyjna.<br \/>\nZamkni\u0119ta dla ruchu zostaje ulica Joannit\u00f3w na odcinku od Suchej do Dyrekcyjnej.<br \/>\nPrzebudowa ulic Dyrekcyjnej i Suchej potrwa do ko\u0144ca roku 2016.<\/p><\/blockquote>\n<p><a href=\"http:\/\/www.tvk-gaj.pl\/~gajonline\/wp-content\/uploads\/2016\/06\/komunikatmpk062016.jpg\"><img loading=\"lazy\" decoding=\"async\" class=\"aligncenter size-full wp-image-7150\" src=\"http:\/\/www.tvk-gaj.pl\/~gajonline\/wp-content\/uploads\/2016\/06\/komunikatmpk062016.jpg\" alt=\"komunikatmpk062016\" width=\"783\" height=\"867\" srcset=\"https:\/\/online.tvk-gaj.pl\/wp-content\/uploads\/2016\/06\/komunikatmpk062016.jpg 783w, https:\/\/online.tvk-gaj.pl\/wp-content\/uploads\/2016\/06\/komunikatmpk062016-271x300.jpg 271w, https:\/\/online.tvk-gaj.pl\/wp-content\/uploads\/2016\/06\/komunikatmpk062016-768x850.jpg 768w\" sizes=\"auto, (max-width: 783px) 100vw, 783px\" \/><\/a><\/p>\n<p>&nbsp;<\/p>\n<p><strong>MAPY ZMIAN W ORGANIZACJI RUCHU KO\u0141OWEGO\u00a0I MPK\u00a0<\/strong><\/p>\n<p>&nbsp;<\/p>\n<p><a href=\"http:\/\/www.tvk-gaj.pl\/~gajonline\/wp-content\/uploads\/2016\/06\/Mapa_zmiany-w-organizacji-ruchu.jpg\"><img loading=\"lazy\" decoding=\"async\" class=\"aligncenter size-large wp-image-7152\" src=\"http:\/\/www.tvk-gaj.pl\/~gajonline\/wp-content\/uploads\/2016\/06\/Mapa_zmiany-w-organizacji-ruchu-1024x576.jpg\" alt=\"Mapy do prezentacji.indd\" width=\"838\" height=\"471\" srcset=\"https:\/\/online.tvk-gaj.pl\/wp-content\/uploads\/2016\/06\/Mapa_zmiany-w-organizacji-ruchu-1024x576.jpg 1024w, https:\/\/online.tvk-gaj.pl\/wp-content\/uploads\/2016\/06\/Mapa_zmiany-w-organizacji-ruchu-300x169.jpg 300w, https:\/\/online.tvk-gaj.pl\/wp-content\/uploads\/2016\/06\/Mapa_zmiany-w-organizacji-ruchu-768x432.jpg 768w\" sizes=\"auto, (max-width: 838px) 100vw, 838px\" \/><\/a><\/p>\n<p><a href=\"http:\/\/www.tvk-gaj.pl\/~gajonline\/wp-content\/uploads\/2016\/06\/Mapa_zmiany-w-organizacji-ruchu-ko\u0142owego.jpg\"><img loading=\"lazy\" decoding=\"async\" class=\"aligncenter size-large wp-image-7153\" src=\"http:\/\/www.tvk-gaj.pl\/~gajonline\/wp-content\/uploads\/2016\/06\/Mapa_zmiany-w-organizacji-ruchu-ko\u0142owego-1024x576.jpg\" alt=\"Mapy do prezentacji.indd\" width=\"838\" height=\"471\" srcset=\"https:\/\/online.tvk-gaj.pl\/wp-content\/uploads\/2016\/06\/Mapa_zmiany-w-organizacji-ruchu-ko\u0142owego-1024x576.jpg 1024w, https:\/\/online.tvk-gaj.pl\/wp-content\/uploads\/2016\/06\/Mapa_zmiany-w-organizacji-ruchu-ko\u0142owego-300x169.jpg 300w, https:\/\/online.tvk-gaj.pl\/wp-content\/uploads\/2016\/06\/Mapa_zmiany-w-organizacji-ruchu-ko\u0142owego-768x432.jpg 768w\" sizes=\"auto, (max-width: 838px) 100vw, 838px\" \/><\/a><\/p>\n<p><a href=\"http:\/\/www.tvk-gaj.pl\/~gajonline\/wp-content\/uploads\/2016\/06\/Mapa_zmiany-w-organizacji-ruchu-MPK.jpg\"><img loading=\"lazy\" decoding=\"async\" class=\"aligncenter size-large wp-image-7154\" src=\"http:\/\/www.tvk-gaj.pl\/~gajonline\/wp-content\/uploads\/2016\/06\/Mapa_zmiany-w-organizacji-ruchu-MPK-1024x576.jpg\" alt=\"Mapy do prezentacji.indd\" width=\"838\" height=\"471\" srcset=\"https:\/\/online.tvk-gaj.pl\/wp-content\/uploads\/2016\/06\/Mapa_zmiany-w-organizacji-ruchu-MPK-1024x576.jpg 1024w, https:\/\/online.tvk-gaj.pl\/wp-content\/uploads\/2016\/06\/Mapa_zmiany-w-organizacji-ruchu-MPK-300x169.jpg 300w, https:\/\/online.tvk-gaj.pl\/wp-content\/uploads\/2016\/06\/Mapa_zmiany-w-organizacji-ruchu-MPK-768x432.jpg 768w\" sizes=\"auto, (max-width: 838px) 100vw, 838px\" \/><\/a><\/p>\n<p>&nbsp;<\/p>\n<p>&nbsp;<\/p>\n<p><strong>Wakacyjny rozk\u0142ad jazdy MPK we Wroc\u0142awiu<\/strong><\/p>\n<p>&nbsp;<\/p>\n<p><a href=\"http:\/\/www.tvk-gaj.pl\/~gajonline\/wp-content\/uploads\/2016\/06\/zmianympk.png\"><img loading=\"lazy\" decoding=\"async\" class=\"aligncenter size-full wp-image-7160\" src=\"http:\/\/www.tvk-gaj.pl\/~gajonline\/wp-content\/uploads\/2016\/06\/zmianympk.png\" alt=\"zmianympk\" width=\"623\" height=\"347\" srcset=\"https:\/\/online.tvk-gaj.pl\/wp-content\/uploads\/2016\/06\/zmianympk.png 623w, https:\/\/online.tvk-gaj.pl\/wp-content\/uploads\/2016\/06\/zmianympk-300x167.png 300w\" sizes=\"auto, (max-width: 623px) 100vw, 623px\" \/><\/a><\/p>\n<p>&nbsp;<\/p>\n<p>Od 25 czerwca (sobota) pojazdy MPK zaczynaj\u0105 kursowa\u0107 wed\u0142ug wakacyjnego rozk\u0142adu jazdy.\u00a0Tramwaje b\u0119d\u0105 kursowa\u0142y rzadziej, za\u015b\u00a0niekt\u00f3re z kurs\u00f3w autobus\u00f3w zostan\u0105 zawieszone.<\/p>\n<p>Wed\u0142ug oficjalnego komunikatu MPK Wroc\u0142aw<\/p>\n<blockquote><p>Tramwaje. Wszystkie linie tramwajowe w dni robocze b\u0119d\u0105 kursowa\u0142y z cz\u0119stotliwo\u015bci\u0105:<br \/>\nw godz. 5-6 co 20 minut, tj. bez zmian.<br \/>\nw godz. 6-9 co 15 minut w godz. 9-14 co 15 minut, tj. bez zmian.<br \/>\nw godz. 14-18 co 15 minut w godz. 18-23 co 20 minut.<\/p>\n<p>&nbsp;<\/p>\n<p>Autobusy. Autobusy\u00a0linii A, C, D, K, N, 110, 114, 115, 116, 122, 127, 128, 130, 131, 134, 136, 141, 145, 146, 149, 900L, 900P, 901, 910 i 923 b\u0119d\u0105 kursowa\u0142y wg specjalnych wakacyjnych rozk\u0142ad\u00f3w jazdy.<\/p><\/blockquote>\n<p>&nbsp;<\/p>\n<p><strong>Co jest wa\u017cne dla mieszka\u0144c\u00f3w Gaju?<\/strong><\/p>\n<p><span style=\"color: #ff6600;\">Najwa\u017cniejsza informacj\u0105 jest to, \u017ce linie tramwajowe 31 i 32 b\u0119d\u0105 przez wakacje je\u017adzi\u0107 z Kozanowa i spod stadionu miejskiego tylko do w\u0119z\u0142a Dworzec Autobusowy (ul. Borowska, okolice skrzy\u017cowania z Such\u0105). Tam dwukierunkowe skody po nak\u0142adce na\u0142o\u017conej na tory przejad\u0105 na tor prowadz\u0105cy w przeciwnym kierunku i wr\u00f3c\u0105. <\/span><\/p>\n<p><span style=\"color: #ff6600;\">MPK uruchamia na ten czas autobusy tymczasowe linii 708 i 732. Lini\u0105 708 pojedziemy spod dworca autobusowego PKS ul. Borowsk\u0105, \u015awieradowsk\u0105 na Gaj i Tarnogaj. Autobusem 732 pojedziemy za\u015b ul. Glinian\u0105, Hubsk\u0105 i Bardzk\u0105 do p\u0119tli\u00a0na Gaju przy \u015awieradowskiej.<\/span><\/p>\n<p>MPK dodaje, \u017ce pasa\u017cerowie, kt\u00f3rzy wykupili bilety okresowe na tramwaje 31 i 32 nie musz\u0105 kupowa\u0107 dodatkowych bilet\u00f3w na autobusy zast\u0119pcze!<\/p>\n<p><span style=\"color: #ff6600;\">Warto te\u017c pami\u0119ta\u0107, \u017ce autobusy\u00a0linii K, 136, 145, 146, 149, 900L, 900P, 901, 910 i 923 b\u0119d\u0105 kursowa\u0142y wg specjalnych wakacyjnych rozk\u0142ad\u00f3w jazdy.<\/span><\/p>\n<p>&nbsp;<\/p>\n<p>&nbsp;<\/p>\n","protected":false},"excerpt":{"rendered":"<p>Od 25 czerwca obowi\u0105zuje nowy rozk\u0142ad jazdy komunikacji miejskiej we Wroc\u0142awiu. Jedn\u0105 z najwa\u017cniejszych zmian dla mieszka\u0144c\u00f3w Gaju\u00a0b\u0119dzie przeprowadzana w wakacje przebudowa ulic Joanit\u00f3w\u00a0i Dyrekcyjnej, kt\u00f3rej efektem b\u0119dzie wstrzymanie kursowania tramwaj\u00f3w na Gaj w miesi\u0105cach czerwiec-wrzesie\u0144. Ponadto w zwi\u0105zku z okresem letnim zmianie ulega cz\u0119stotliwo\u015b\u0107 kursowania autobus\u00f3w. Zapraszamy do zapoznania si\u0119 z wakacyjnymi zmianami w [&hellip;]<\/p>\n","protected":false},"author":1,"featured_media":2150,"comment_status":"open","ping_status":"open","sticky":false,"template":"","format":"standard","meta":{"footnotes":""},"categories":[14],"tags":[704,706,415,113,708,112,587,123,707,705,230,156,413,166,515,702,709,117,703,199,710,417,701],"class_list":["post-7146","post","type-post","status-publish","format-standard","has-post-thumbnail","hentry","category-aktualnosci","tag-autobus-na-gaj","tag-autobus-zastepczy","tag-autobusy","tag-borowska","tag-dyrekcyjna","tag-gaj","tag-grafik","tag-komunikacja-miejska","tag-komunikat","tag-linia-31","tag-linia-32","tag-mpk","tag-mpk-wroclaw","tag-osiedle-gaj","tag-remont","tag-rozklad-jazdy","tag-sucha","tag-swieradowska","tag-tramwaj-na-gaj","tag-tramwaje","tag-utrudnienia-w-ruchu","tag-zmiana-rozkladu-jazdy","tag-zmiany"],"_links":{"self":[{"href":"https:\/\/online.tvk-gaj.pl\/index.php?rest_route=\/wp\/v2\/posts\/7146","targetHints":{"allow":["GET"]}}],"collection":[{"href":"https:\/\/online.tvk-gaj.pl\/index.php?rest_route=\/wp\/v2\/posts"}],"about":[{"href":"https:\/\/online.tvk-gaj.pl\/index.php?rest_route=\/wp\/v2\/types\/post"}],"author":[{"embeddable":true,"href":"https:\/\/online.tvk-gaj.pl\/index.php?rest_route=\/wp\/v2\/users\/1"}],"replies":[{"embeddable":true,"href":"https:\/\/online.tvk-gaj.pl\/index.php?rest_route=%2Fwp%2Fv2%2Fcomments&post=7146"}],"version-history":[{"count":9,"href":"https:\/\/online.tvk-gaj.pl\/index.php?rest_route=\/wp\/v2\/posts\/7146\/revisions"}],"predecessor-version":[{"id":7161,"href":"https:\/\/online.tvk-gaj.pl\/index.php?rest_route=\/wp\/v2\/posts\/7146\/revisions\/7161"}],"wp:featuredmedia":[{"embeddable":true,"href":"https:\/\/online.tvk-gaj.pl\/index.php?rest_route=\/wp\/v2\/media\/2150"}],"wp:attachment":[{"href":"https:\/\/online.tvk-gaj.pl\/index.php?rest_route=%2Fwp%2Fv2%2Fmedia&parent=7146"}],"wp:term":[{"taxonomy":"category","embeddable":true,"href":"https:\/\/online.tvk-gaj.pl\/index.php?rest_route=%2Fwp%2Fv2%2Fcategories&post=7146"},{"taxonomy":"post_tag","embeddable":true,"href":"https:\/\/online.tvk-gaj.pl\/index.php?rest_route=%2Fwp%2Fv2%2Ftags&post=7146"}],"curies":[{"name":"wp","href":"https:\/\/api.w.org\/{rel}","templated":true}]}}