{"id":7163,"date":"2016-06-24T10:31:18","date_gmt":"2016-06-24T08:31:18","guid":{"rendered":"http:\/\/www.tvk-gaj.pl\/~gajonline\/?p=7163"},"modified":"2016-06-24T14:58:51","modified_gmt":"2016-06-24T12:58:51","slug":"kibicujmy-razem-strefa-kibica-na-plenerowej-scenie-esk","status":"publish","type":"post","link":"https:\/\/online.tvk-gaj.pl\/?p=7163","title":{"rendered":"Polska-Szwajcaria: kibicujmy razem! Strefa kibica na plenerowej scenie ESK!"},"content":{"rendered":"<p>Przed nami kolejny weekend na plenerowej scenie Europejskiej Stolicy Kultury Wroc\u0142aw 2016! W programie m.in. wsp\u00f3lne ogl\u0105danie meczu Polska-Szwajcaria:-)<!--more--><\/p>\n<p>&nbsp;<\/p>\n<p><strong>Strefa kibica w Parku S\u0142onecznym na Gaju<\/strong><\/p>\n<p>W sobot\u0119 (25 czerwca) zapraszamy do wsp\u00f3lnego kibicowania bia\u0142o-czerwonym w naszej plenerowej strefie kibica!\u00a0<span style=\"line-height: 1.5;\">Z uwagi na warunki s\u0142oneczne w Parku S\u0142onecznym widoczno\u015b\u0107 obrazu na ekranie projektora mo\u017ce by\u0107 umiarkowana, ale mimo to liczymy na Was i na wspania\u0142e, sportowe emocje.<\/span><\/p>\n<p>&nbsp;<\/p>\n<p><strong>Warsztaty r\u0119kodzielnicze dla dzieci i m\u0142odzie\u017cy<\/strong><br \/>\nPo sportowych emocjach w sobot\u0119 zach\u0119camy do niedzielnego (26 czerwca) wypoczynku przy sztuce. W godzinach 15:00-17:00 odb\u0119d\u0105 si\u0119 warsztaty dla dzieci po\u015bwi\u0119cone lepieniu garnk\u00f3w z gliny.<\/p>\n<p>&nbsp;<\/p>\n<p>&nbsp;<\/p>\n<p><a href=\"http:\/\/www.tvk-gaj.pl\/~gajonline\/wp-content\/uploads\/2016\/06\/DSCN5415-1-2-1.jpg\"><img loading=\"lazy\" decoding=\"async\" class=\"aligncenter size-large wp-image-7164\" src=\"http:\/\/www.tvk-gaj.pl\/~gajonline\/wp-content\/uploads\/2016\/06\/DSCN5415-1-2-1-1024x768.jpg\" alt=\"DSCN5415-1-2\" width=\"838\" height=\"629\" srcset=\"https:\/\/online.tvk-gaj.pl\/wp-content\/uploads\/2016\/06\/DSCN5415-1-2-1-1024x768.jpg 1024w, https:\/\/online.tvk-gaj.pl\/wp-content\/uploads\/2016\/06\/DSCN5415-1-2-1-300x225.jpg 300w, https:\/\/online.tvk-gaj.pl\/wp-content\/uploads\/2016\/06\/DSCN5415-1-2-1-768x576.jpg 768w, https:\/\/online.tvk-gaj.pl\/wp-content\/uploads\/2016\/06\/DSCN5415-1-2-1.jpg 1300w\" sizes=\"auto, (max-width: 838px) 100vw, 838px\" \/><\/a><\/p>\n<p>&nbsp;<\/p>\n<p>&nbsp;<\/p>\n<p><strong>Zapraszamy do Parku S\u0142onecznego na Gaju:)<\/strong><\/p>\n<p>&nbsp;<\/p>\n<p>&nbsp;<\/p>\n","protected":false},"excerpt":{"rendered":"<p>Przed nami kolejny weekend na plenerowej scenie Europejskiej Stolicy Kultury Wroc\u0142aw 2016! W programie m.in. wsp\u00f3lne ogl\u0105danie meczu Polska-Szwajcaria:-)<\/p>\n","protected":false},"author":1,"featured_media":7164,"comment_status":"open","ping_status":"open","sticky":false,"template":"","format":"standard","meta":{"footnotes":""},"categories":[14,630],"tags":[632,685,696,642,112,711,714,166,716,712,135,695,713,715],"class_list":["post-7163","post","type-post","status-publish","format-standard","has-post-thumbnail","hentry","category-aktualnosci","category-esk-2016","tag-esk","tag-esk-na-gaju","tag-euro-2016","tag-europejska-stolica-kultury-wroclaw-2016","tag-gaj","tag-kibicowanie","tag-mecz","tag-osiedle-gaj","tag-park-esk","tag-polska","tag-rada-osiedla-gaj","tag-strefa-kibica","tag-szwajcaria","tag-transmisja"],"_links":{"self":[{"href":"https:\/\/online.tvk-gaj.pl\/index.php?rest_route=\/wp\/v2\/posts\/7163","targetHints":{"allow":["GET"]}}],"collection":[{"href":"https:\/\/online.tvk-gaj.pl\/index.php?rest_route=\/wp\/v2\/posts"}],"about":[{"href":"https:\/\/online.tvk-gaj.pl\/index.php?rest_route=\/wp\/v2\/types\/post"}],"author":[{"embeddable":true,"href":"https:\/\/online.tvk-gaj.pl\/index.php?rest_route=\/wp\/v2\/users\/1"}],"replies":[{"embeddable":true,"href":"https:\/\/online.tvk-gaj.pl\/index.php?rest_route=%2Fwp%2Fv2%2Fcomments&post=7163"}],"version-history":[{"count":6,"href":"https:\/\/online.tvk-gaj.pl\/index.php?rest_route=\/wp\/v2\/posts\/7163\/revisions"}],"predecessor-version":[{"id":7171,"href":"https:\/\/online.tvk-gaj.pl\/index.php?rest_route=\/wp\/v2\/posts\/7163\/revisions\/7171"}],"wp:featuredmedia":[{"embeddable":true,"href":"https:\/\/online.tvk-gaj.pl\/index.php?rest_route=\/wp\/v2\/media\/7164"}],"wp:attachment":[{"href":"https:\/\/online.tvk-gaj.pl\/index.php?rest_route=%2Fwp%2Fv2%2Fmedia&parent=7163"}],"wp:term":[{"taxonomy":"category","embeddable":true,"href":"https:\/\/online.tvk-gaj.pl\/index.php?rest_route=%2Fwp%2Fv2%2Fcategories&post=7163"},{"taxonomy":"post_tag","embeddable":true,"href":"https:\/\/online.tvk-gaj.pl\/index.php?rest_route=%2Fwp%2Fv2%2Ftags&post=7163"}],"curies":[{"name":"wp","href":"https:\/\/api.w.org\/{rel}","templated":true}]}}