{"id":7172,"date":"2016-06-27T23:05:43","date_gmt":"2016-06-27T21:05:43","guid":{"rendered":"http:\/\/www.tvk-gaj.pl\/~gajonline\/?p=7172"},"modified":"2016-06-27T23:05:43","modified_gmt":"2016-06-27T21:05:43","slug":"bialoczerwone-szalenstwo-oraz-niezwykle-rzezby-na-gaju-relacja-z-weekend-esk-25-26-czerwca","status":"publish","type":"post","link":"https:\/\/online.tvk-gaj.pl\/?p=7172","title":{"rendered":"Bia\u0142oczerwone szale\u0144stwo oraz niezwyk\u0142e rze\u017aby na Gaju. Relacja z weekend ESK 25-26 czerwca"},"content":{"rendered":"<p>Zapraszam do naszej\u00a0fotorelacji z niezwyk\u0142ego weekendu na plenerowej scenie Europejskiej Stolicy Kultury na Gaju. [25-26 czerwca 2016r.]<!--more--><\/p>\n<p>&nbsp;<\/p>\n<p><strong>Fotorelacja z weekendu na plenerowej scenie Europejskiej Stolicy Kultury Wroc\u0142aw 2016 na Gaju &#8211; 25-26 czerwca<\/strong><\/p>\n<p>&nbsp;<\/p>\n<p><strong>Sobota.<\/strong><br \/>\nWsp\u00f3lne ogl\u0105danie meczu Polska-Szwajcaria. By\u0142o bardzo gor\u0105co, wi\u0119c wydarzenie to nie by\u0142o sukcesem frekwencyjnym, ale za to ogl\u0105dali\u015bmy i bawili\u015bmy si\u0119 przy tym \u015bwietnie! C\u00f3\u017c to by\u0142y za emocje!<\/p>\n<p>&nbsp;<\/p>\n<p><a href=\"http:\/\/www.tvk-gaj.pl\/~gajonline\/wp-content\/uploads\/2016\/06\/2016-06-25-14.27.18-HDR.jpg\"><img loading=\"lazy\" decoding=\"async\" class=\"aligncenter size-large wp-image-7174\" src=\"http:\/\/www.tvk-gaj.pl\/~gajonline\/wp-content\/uploads\/2016\/06\/2016-06-25-14.27.18-HDR-1024x768.jpg\" alt=\"2016-06-25 14.27.18 HDR\" width=\"838\" height=\"629\" srcset=\"https:\/\/online.tvk-gaj.pl\/wp-content\/uploads\/2016\/06\/2016-06-25-14.27.18-HDR-1024x768.jpg 1024w, https:\/\/online.tvk-gaj.pl\/wp-content\/uploads\/2016\/06\/2016-06-25-14.27.18-HDR-300x225.jpg 300w, https:\/\/online.tvk-gaj.pl\/wp-content\/uploads\/2016\/06\/2016-06-25-14.27.18-HDR-768x576.jpg 768w\" sizes=\"auto, (max-width: 838px) 100vw, 838px\" \/><\/a><\/p>\n<p>&nbsp;<\/p>\n<p><a href=\"http:\/\/www.tvk-gaj.pl\/~gajonline\/wp-content\/uploads\/2016\/06\/2016-06-25-15.54.32.jpg\"><img loading=\"lazy\" decoding=\"async\" class=\"aligncenter size-large wp-image-7175\" src=\"http:\/\/www.tvk-gaj.pl\/~gajonline\/wp-content\/uploads\/2016\/06\/2016-06-25-15.54.32-1024x768.jpg\" alt=\"2016-06-25 15.54.32\" width=\"838\" height=\"629\" srcset=\"https:\/\/online.tvk-gaj.pl\/wp-content\/uploads\/2016\/06\/2016-06-25-15.54.32-1024x768.jpg 1024w, https:\/\/online.tvk-gaj.pl\/wp-content\/uploads\/2016\/06\/2016-06-25-15.54.32-300x225.jpg 300w, https:\/\/online.tvk-gaj.pl\/wp-content\/uploads\/2016\/06\/2016-06-25-15.54.32-768x576.jpg 768w\" sizes=\"auto, (max-width: 838px) 100vw, 838px\" \/><\/a><\/p>\n<p>&nbsp;<\/p>\n<p><a href=\"http:\/\/www.tvk-gaj.pl\/~gajonline\/wp-content\/uploads\/2016\/06\/2016-06-25-16.28.08-1.jpg\"><img loading=\"lazy\" decoding=\"async\" class=\"aligncenter size-large wp-image-7176\" src=\"http:\/\/www.tvk-gaj.pl\/~gajonline\/wp-content\/uploads\/2016\/06\/2016-06-25-16.28.08-1-1024x768.jpg\" alt=\"2016-06-25 16.28.08-1\" width=\"838\" height=\"629\" srcset=\"https:\/\/online.tvk-gaj.pl\/wp-content\/uploads\/2016\/06\/2016-06-25-16.28.08-1-1024x768.jpg 1024w, https:\/\/online.tvk-gaj.pl\/wp-content\/uploads\/2016\/06\/2016-06-25-16.28.08-1-300x225.jpg 300w, https:\/\/online.tvk-gaj.pl\/wp-content\/uploads\/2016\/06\/2016-06-25-16.28.08-1-768x576.jpg 768w\" sizes=\"auto, (max-width: 838px) 100vw, 838px\" \/><\/a><\/p>\n<p>&nbsp;<\/p>\n<p><a href=\"http:\/\/www.tvk-gaj.pl\/~gajonline\/wp-content\/uploads\/2016\/06\/2016-06-25-16.34.27.jpg\"><img loading=\"lazy\" decoding=\"async\" class=\"aligncenter size-large wp-image-7177\" src=\"http:\/\/www.tvk-gaj.pl\/~gajonline\/wp-content\/uploads\/2016\/06\/2016-06-25-16.34.27-1024x768.jpg\" alt=\"2016-06-25 16.34.27\" width=\"838\" height=\"629\" srcset=\"https:\/\/online.tvk-gaj.pl\/wp-content\/uploads\/2016\/06\/2016-06-25-16.34.27-1024x768.jpg 1024w, https:\/\/online.tvk-gaj.pl\/wp-content\/uploads\/2016\/06\/2016-06-25-16.34.27-300x225.jpg 300w, https:\/\/online.tvk-gaj.pl\/wp-content\/uploads\/2016\/06\/2016-06-25-16.34.27-768x576.jpg 768w\" sizes=\"auto, (max-width: 838px) 100vw, 838px\" \/><\/a><\/p>\n<p>&nbsp;<\/p>\n<p><a href=\"http:\/\/www.tvk-gaj.pl\/~gajonline\/wp-content\/uploads\/2016\/06\/2016-06-25-16.34.37.jpg\"><img loading=\"lazy\" decoding=\"async\" class=\"aligncenter size-large wp-image-7178\" src=\"http:\/\/www.tvk-gaj.pl\/~gajonline\/wp-content\/uploads\/2016\/06\/2016-06-25-16.34.37-1024x768.jpg\" alt=\"2016-06-25 16.34.37\" width=\"838\" height=\"629\" srcset=\"https:\/\/online.tvk-gaj.pl\/wp-content\/uploads\/2016\/06\/2016-06-25-16.34.37-1024x768.jpg 1024w, https:\/\/online.tvk-gaj.pl\/wp-content\/uploads\/2016\/06\/2016-06-25-16.34.37-300x225.jpg 300w, https:\/\/online.tvk-gaj.pl\/wp-content\/uploads\/2016\/06\/2016-06-25-16.34.37-768x576.jpg 768w\" sizes=\"auto, (max-width: 838px) 100vw, 838px\" \/><\/a><\/p>\n<p>&nbsp;<\/p>\n<p>&nbsp;<\/p>\n<p><strong>Niedziela.<\/strong><br \/>\nWarsztaty r\u0119kodzielnicze w plenerze! \u00a0Lepienie z gliny okaza\u0142o si\u0119 by\u0107 strza\u0142em w dziesi\u0105tk\u0119 na pierwszy weekend wakacji! Zaanga\u017cowani byli zar\u00f3wno dzieci, jak i doro\u015bli! Po \u00a0osuszeniu gliny zorganizowano\u00a0mini wystawk\u0119 prac. By\u0142o przy tym du\u017co zabawy i \u015bmiechu!<\/p>\n<p>&nbsp;<\/p>\n<p><a href=\"http:\/\/www.tvk-gaj.pl\/~gajonline\/wp-content\/uploads\/2016\/06\/wcrs2.jpg\"><img loading=\"lazy\" decoding=\"async\" class=\"aligncenter size-large wp-image-7179\" src=\"http:\/\/www.tvk-gaj.pl\/~gajonline\/wp-content\/uploads\/2016\/06\/wcrs2-1024x768.jpg\" alt=\"wcrs2\" width=\"838\" height=\"629\" srcset=\"https:\/\/online.tvk-gaj.pl\/wp-content\/uploads\/2016\/06\/wcrs2-1024x768.jpg 1024w, https:\/\/online.tvk-gaj.pl\/wp-content\/uploads\/2016\/06\/wcrs2-300x225.jpg 300w, https:\/\/online.tvk-gaj.pl\/wp-content\/uploads\/2016\/06\/wcrs2-768x576.jpg 768w, https:\/\/online.tvk-gaj.pl\/wp-content\/uploads\/2016\/06\/wcrs2.jpg 1300w\" sizes=\"auto, (max-width: 838px) 100vw, 838px\" \/><\/a><\/p>\n<p>&nbsp;<\/p>\n<p><a href=\"http:\/\/www.tvk-gaj.pl\/~gajonline\/wp-content\/uploads\/2016\/06\/wcrs3.jpg\"><img loading=\"lazy\" decoding=\"async\" class=\"aligncenter size-large wp-image-7180\" src=\"http:\/\/www.tvk-gaj.pl\/~gajonline\/wp-content\/uploads\/2016\/06\/wcrs3-768x1024.jpg\" alt=\"wcrs3\" width=\"768\" height=\"1024\" srcset=\"https:\/\/online.tvk-gaj.pl\/wp-content\/uploads\/2016\/06\/wcrs3-768x1024.jpg 768w, https:\/\/online.tvk-gaj.pl\/wp-content\/uploads\/2016\/06\/wcrs3-225x300.jpg 225w, https:\/\/online.tvk-gaj.pl\/wp-content\/uploads\/2016\/06\/wcrs3.jpg 975w\" sizes=\"auto, (max-width: 768px) 100vw, 768px\" \/><\/a><\/p>\n<p>&nbsp;<\/p>\n<p><a href=\"http:\/\/www.tvk-gaj.pl\/~gajonline\/wp-content\/uploads\/2016\/06\/wcrs5-1.jpg\"><img loading=\"lazy\" decoding=\"async\" class=\"aligncenter size-large wp-image-7181\" src=\"http:\/\/www.tvk-gaj.pl\/~gajonline\/wp-content\/uploads\/2016\/06\/wcrs5-1-1024x768.jpg\" alt=\"wcrs5\" width=\"838\" height=\"629\" srcset=\"https:\/\/online.tvk-gaj.pl\/wp-content\/uploads\/2016\/06\/wcrs5-1-1024x768.jpg 1024w, https:\/\/online.tvk-gaj.pl\/wp-content\/uploads\/2016\/06\/wcrs5-1-300x225.jpg 300w, https:\/\/online.tvk-gaj.pl\/wp-content\/uploads\/2016\/06\/wcrs5-1-768x576.jpg 768w, https:\/\/online.tvk-gaj.pl\/wp-content\/uploads\/2016\/06\/wcrs5-1.jpg 1300w\" sizes=\"auto, (max-width: 838px) 100vw, 838px\" \/><\/a><\/p>\n<p>&nbsp;<\/p>\n<p>&nbsp;<\/p>\n<p>Przez ca\u0142y weekend w\u0119drowa\u0142y r\u00f3wnie\u017c nasze ksi\u0105\u017cki. Osiedlowy punkt bookcrossingu ci\u0105gle si\u0119 rozrasta. Mamy coraz wi\u0119cej ksi\u0105\u017cek (w tym nowo\u015bci wydawniczych i bestseller\u00f3w) oraz odwiedzaj\u0105cych stoisko czytelnik\u00f3w:)<\/p>\n<p>&nbsp;<\/p>\n<p><a href=\"http:\/\/www.tvk-gaj.pl\/~gajonline\/wp-content\/uploads\/2016\/06\/DSCN5224.jpg\"><img loading=\"lazy\" decoding=\"async\" class=\"aligncenter size-full wp-image-6630\" src=\"http:\/\/www.tvk-gaj.pl\/~gajonline\/wp-content\/uploads\/2016\/06\/DSCN5224.jpg\" alt=\"DSCN5224\" width=\"750\" height=\"1000\" srcset=\"https:\/\/online.tvk-gaj.pl\/wp-content\/uploads\/2016\/06\/DSCN5224.jpg 750w, https:\/\/online.tvk-gaj.pl\/wp-content\/uploads\/2016\/06\/DSCN5224-225x300.jpg 225w\" sizes=\"auto, (max-width: 750px) 100vw, 750px\" \/><\/a><\/p>\n<p>&nbsp;<\/p>\n<p>&nbsp;<\/p>\n<p><strong>Dzi\u0119kujemy za wsp\u00f3ln\u0105 zabaw\u0119 i emocje:) Do zobaczenia za tydzie\u0144!<\/strong><\/p>\n<p>&nbsp;<\/p>\n<p>&nbsp;<\/p>\n<p>&nbsp;<\/p>\n","protected":false},"excerpt":{"rendered":"<p>Zapraszam do naszej\u00a0fotorelacji z niezwyk\u0142ego weekendu na plenerowej scenie Europejskiej Stolicy Kultury na Gaju. [25-26 czerwca 2016r.]<\/p>\n","protected":false},"author":1,"featured_media":7173,"comment_status":"open","ping_status":"open","sticky":false,"template":"","format":"standard","meta":{"footnotes":""},"categories":[14,630],"tags":[721,632,685,638,293,112,718,128,717,135,294,649,695,720,719],"class_list":["post-7172","post","type-post","status-publish","format-standard","has-post-thumbnail","hentry","category-aktualnosci","category-esk-2016","tag-bialoczerwone-szalenstwo","tag-esk","tag-esk-na-gaju","tag-europejska-stolica-kultury","tag-fotorelacja","tag-gaj","tag-mecz-polska-szwajcaria","tag-park-sloneczny","tag-pawilon-kultury-esk","tag-rada-osiedla-gaj","tag-relacja","tag-scena-esk","tag-strefa-kibica","tag-warsztaty-rekodzielnicze","tag-wspolne-kibicowanie"],"_links":{"self":[{"href":"https:\/\/online.tvk-gaj.pl\/index.php?rest_route=\/wp\/v2\/posts\/7172","targetHints":{"allow":["GET"]}}],"collection":[{"href":"https:\/\/online.tvk-gaj.pl\/index.php?rest_route=\/wp\/v2\/posts"}],"about":[{"href":"https:\/\/online.tvk-gaj.pl\/index.php?rest_route=\/wp\/v2\/types\/post"}],"author":[{"embeddable":true,"href":"https:\/\/online.tvk-gaj.pl\/index.php?rest_route=\/wp\/v2\/users\/1"}],"replies":[{"embeddable":true,"href":"https:\/\/online.tvk-gaj.pl\/index.php?rest_route=%2Fwp%2Fv2%2Fcomments&post=7172"}],"version-history":[{"count":2,"href":"https:\/\/online.tvk-gaj.pl\/index.php?rest_route=\/wp\/v2\/posts\/7172\/revisions"}],"predecessor-version":[{"id":7183,"href":"https:\/\/online.tvk-gaj.pl\/index.php?rest_route=\/wp\/v2\/posts\/7172\/revisions\/7183"}],"wp:featuredmedia":[{"embeddable":true,"href":"https:\/\/online.tvk-gaj.pl\/index.php?rest_route=\/wp\/v2\/media\/7173"}],"wp:attachment":[{"href":"https:\/\/online.tvk-gaj.pl\/index.php?rest_route=%2Fwp%2Fv2%2Fmedia&parent=7172"}],"wp:term":[{"taxonomy":"category","embeddable":true,"href":"https:\/\/online.tvk-gaj.pl\/index.php?rest_route=%2Fwp%2Fv2%2Fcategories&post=7172"},{"taxonomy":"post_tag","embeddable":true,"href":"https:\/\/online.tvk-gaj.pl\/index.php?rest_route=%2Fwp%2Fv2%2Ftags&post=7172"}],"curies":[{"name":"wp","href":"https:\/\/api.w.org\/{rel}","templated":true}]}}