{"id":7184,"date":"2016-07-01T22:50:37","date_gmt":"2016-07-01T20:50:37","guid":{"rendered":"http:\/\/www.tvk-gaj.pl\/~gajonline\/?p=7184"},"modified":"2016-07-02T19:33:12","modified_gmt":"2016-07-02T17:33:12","slug":"plan-spotkan-klubu-seniora-na-lipiec","status":"publish","type":"post","link":"https:\/\/online.tvk-gaj.pl\/?p=7184","title":{"rendered":"Plan spotka\u0144 Klubu Seniora na lipiec"},"content":{"rendered":"<p>Serdecznie zapraszamy wszystkich senior\u00f3w z osiedla do Klubu Seniora dzia\u0142aj\u0105cego przy Radzie Osiedla Gaj! Prezentujemy plan spotka\u0144 na\u00a0lipiec.<!--more--><\/p>\n<p>&nbsp;<\/p>\n<p><strong>Plan spotka\u0144 Klubu Seniora na Gaju na lipiec<\/strong><\/p>\n<p>W programie m.in.: wyj\u015bcie na wystaw\u0119, spacer z kijami nordic walking oraz warsztaty r\u0119kodzielnicze!<\/p>\n<p>&nbsp;<\/p>\n<p>&nbsp;<\/p>\n<p><a href=\"http:\/\/www.tvk-gaj.pl\/~gajonline\/wp-content\/uploads\/2016\/07\/plakat-I-HARMONOGRAM-NA-lipiec-2.jpg\"><img loading=\"lazy\" decoding=\"async\" class=\"aligncenter size-large wp-image-7188\" src=\"http:\/\/www.tvk-gaj.pl\/~gajonline\/wp-content\/uploads\/2016\/07\/plakat-I-HARMONOGRAM-NA-lipiec-2-724x1024.jpg\" alt=\"plakat I HARMONOGRAM NA lipiec (2)\" width=\"724\" height=\"1024\" srcset=\"https:\/\/online.tvk-gaj.pl\/wp-content\/uploads\/2016\/07\/plakat-I-HARMONOGRAM-NA-lipiec-2-724x1024.jpg 724w, https:\/\/online.tvk-gaj.pl\/wp-content\/uploads\/2016\/07\/plakat-I-HARMONOGRAM-NA-lipiec-2-212x300.jpg 212w, https:\/\/online.tvk-gaj.pl\/wp-content\/uploads\/2016\/07\/plakat-I-HARMONOGRAM-NA-lipiec-2-768x1086.jpg 768w\" sizes=\"auto, (max-width: 724px) 100vw, 724px\" \/><\/a><\/p>\n<p>&nbsp;<\/p>\n<p>&nbsp;<\/p>\n<p>Spotkania od lipica odbywaj\u0105 si\u0119 w nowej siedzibie Klubu przy ul. Krynickiej 51 (teren Przychodni Zdrowia) \u00a0w nowym terminie &#8211; w ka\u017cdy wtorek w godzinach 17-19!<\/p>\n<p>&nbsp;<\/p>\n<p><strong>Cz\u0119\u015b\u0107 spotka\u0144 Klubu Seniora w miesi\u0105cach wakacyjnych odb\u0119dzie si\u0119 w \u00a0w Parku S\u0142onecznym na scenie Europejskiej Stolicy Kultury! To wyj\u0105tkowe wydarzenie, \u0142\u0105cz\u0105ce Klub i Osiedle z obchodami Europejskiej Stolicy Kultury 2016!\u00a0<\/strong><\/p>\n<p>&nbsp;<\/p>\n<p>&nbsp;<\/p>\n","protected":false},"excerpt":{"rendered":"<p>Serdecznie zapraszamy wszystkich senior\u00f3w z osiedla do Klubu Seniora dzia\u0142aj\u0105cego przy Radzie Osiedla Gaj! Prezentujemy plan spotka\u0144 na\u00a0lipiec.<\/p>\n","protected":false},"author":1,"featured_media":3981,"comment_status":"open","ping_status":"open","sticky":false,"template":"","format":"standard","meta":{"footnotes":""},"categories":[14,441],"tags":[669,112,485,431,421,722,135,152],"class_list":["post-7184","post","type-post","status-publish","format-standard","has-post-thumbnail","hentry","category-aktualnosci","category-klub","tag-anna-galuszka","tag-gaj","tag-harmonogram","tag-klub-seniora","tag-klub-seniora-na-gaju","tag-program-klubu","tag-rada-osiedla-gaj","tag-seniorzy"],"_links":{"self":[{"href":"https:\/\/online.tvk-gaj.pl\/index.php?rest_route=\/wp\/v2\/posts\/7184","targetHints":{"allow":["GET"]}}],"collection":[{"href":"https:\/\/online.tvk-gaj.pl\/index.php?rest_route=\/wp\/v2\/posts"}],"about":[{"href":"https:\/\/online.tvk-gaj.pl\/index.php?rest_route=\/wp\/v2\/types\/post"}],"author":[{"embeddable":true,"href":"https:\/\/online.tvk-gaj.pl\/index.php?rest_route=\/wp\/v2\/users\/1"}],"replies":[{"embeddable":true,"href":"https:\/\/online.tvk-gaj.pl\/index.php?rest_route=%2Fwp%2Fv2%2Fcomments&post=7184"}],"version-history":[{"count":3,"href":"https:\/\/online.tvk-gaj.pl\/index.php?rest_route=\/wp\/v2\/posts\/7184\/revisions"}],"predecessor-version":[{"id":7189,"href":"https:\/\/online.tvk-gaj.pl\/index.php?rest_route=\/wp\/v2\/posts\/7184\/revisions\/7189"}],"wp:featuredmedia":[{"embeddable":true,"href":"https:\/\/online.tvk-gaj.pl\/index.php?rest_route=\/wp\/v2\/media\/3981"}],"wp:attachment":[{"href":"https:\/\/online.tvk-gaj.pl\/index.php?rest_route=%2Fwp%2Fv2%2Fmedia&parent=7184"}],"wp:term":[{"taxonomy":"category","embeddable":true,"href":"https:\/\/online.tvk-gaj.pl\/index.php?rest_route=%2Fwp%2Fv2%2Fcategories&post=7184"},{"taxonomy":"post_tag","embeddable":true,"href":"https:\/\/online.tvk-gaj.pl\/index.php?rest_route=%2Fwp%2Fv2%2Ftags&post=7184"}],"curies":[{"name":"wp","href":"https:\/\/api.w.org\/{rel}","templated":true}]}}