{"id":7190,"date":"2016-07-11T13:42:45","date_gmt":"2016-07-11T11:42:45","guid":{"rendered":"http:\/\/www.tvk-gaj.pl\/~gajonline\/?p=7190"},"modified":"2016-07-11T13:43:10","modified_gmt":"2016-07-11T11:43:10","slug":"dlaczego-nie-ma-juz-zielonej-strzalki-na-al-armii-krajowej","status":"publish","type":"post","link":"https:\/\/online.tvk-gaj.pl\/?p=7190","title":{"rendered":"Dlaczego nie ma ju\u017c zielonej strza\u0142ki na al. Armii Krajowej?"},"content":{"rendered":"<p>Na skrzy\u017cowaniu al. Armii Krajowej i ul. Borowskiej wy\u0142\u0105czona jest mo\u017cliwo\u015b\u0107 skr\u0119tu w prawo (w kierunku szpitala klinicznego), tzw. zielona strza\u0142ka. Natomiast gdy jest zapalone \u015bwiat\u0142o zielone, piesi i rowerzy\u015bci maj\u0105 te\u017c \u015bwiat\u0142o zielone, co powoduje znaczne ograniczenie ilo\u015bci samochod\u00f3w, kt\u00f3re mog\u0105 przez to skrzy\u017cowanie przejecha\u0107. Po co to utrudnienie? Taka organizacja powoduje parali\u017c na al. Wi\u015bniowej i Armii Krajowej. Korek prawie do ul. Powsta\u0144c\u00f3w \u015al\u0105skich od Borowskiej \u2013 pisze nasz Czytelnik Zbigniew Traczuk. Spraw\u0105 zaj\u0119\u0142a si\u0119 reporterka Gazety Wroc\u0142awskiej Weronika Skupin. [Artyku\u0142 z Gazety Wroc\u0142awskiej]\u00a0<!--more--><\/p>\n<p>&nbsp;<\/p>\n<p><img loading=\"lazy\" decoding=\"async\" class=\"aligncenter size-large wp-image-2951\" src=\"http:\/\/www.tvk-gaj.pl\/~gajonline\/wp-content\/uploads\/2014\/07\/2014-06-15-20.05.09-1024x554.jpg\" alt=\"2014-06-15 20.05.09\" width=\"838\" height=\"453\" srcset=\"https:\/\/online.tvk-gaj.pl\/wp-content\/uploads\/2014\/07\/2014-06-15-20.05.09-1024x554.jpg 1024w, https:\/\/online.tvk-gaj.pl\/wp-content\/uploads\/2014\/07\/2014-06-15-20.05.09-300x162.jpg 300w, https:\/\/online.tvk-gaj.pl\/wp-content\/uploads\/2014\/07\/2014-06-15-20.05.09.jpg 1823w\" sizes=\"auto, (max-width: 838px) 100vw, 838px\" \/><\/p>\n<p>&nbsp;<\/p>\n<p>Strza\u0142ka umo\u017cliwia\u0142a tzw. jazd\u0119 warunkow\u0105 w prawo z al. Armii Krajowej w ul. Borowsk\u0105. Rzeczywi\u015bcie &#8211; zosta\u0142a jednak usuni\u0119ta. To dlatego, \u017ce zmieni\u0142y si\u0119 przepisy. Wesz\u0142o w \u017cycie nowe rozporz\u0105dzenie Ministra Infrastruktury, wed\u0142ug kt\u00f3rego strza\u0142ka jazdy warunkowej nie mo\u017ce by\u0107 kolizyjna z przejazdem rowerowym.<\/p>\n<p>&nbsp;<\/p>\n<p>Opisane skrzy\u017cowanie jest w\u0142a\u015bnie takiego typu, \u017ce gdy pali\u0142a si\u0119 strza\u0142ka w prawo, jecha\u0142y te\u017c rowery. Jak t\u0142umacz\u0105 urz\u0119dnicy, nie da si\u0119 tej strza\u0142ki w\u0142\u0105czy\u0107 w innym momencie programu sygnalizacji, by by\u0142o to zgodne z nowymi przepisami. Dlatego usuni\u0119to j\u0105 ca\u0142kiem.<\/p>\n<p>&nbsp;<\/p>\n<p>Teraz podczas trwania \u015bwiat\u0142a zielonego na wydzielonym pasie do skr\u0119tu w prawo, zar\u00f3wno przechodz\u0105cy przez przej\u015bcie dla pieszych jak i cykli\u015bci jad\u0105cy przez przejazd rowerowy, maj\u0105 zielone \u015bwiat\u0142o. Kierowcy skr\u0119caj\u0105cy w prawo musz\u0105 ust\u0105pi\u0107 pierwsze\u0144stwa pieszym i rowerzystom.<\/p>\n<p>&nbsp;<\/p>\n<p><strong>A Wy jakie znacie inne drogowe absurdy na osiedlu?<\/strong><\/p>\n<p>&nbsp;<\/p>\n<div class='et-learn-more clearfix'>\n\t\t\t\t\t<h3 class='heading-more'>\u0179r\u00f3d\u0142o<span class='et_learnmore_arrow'><span><\/span><\/span><\/h3>\n\t\t\t\t\t<div class='learn-more-content'>Autor: Weronika Skupin Data publikacji: 7.07.2016 \u0179r\u00f3d\u0142o: Gazeta Wroc\u0142awska<\/div>\n\t\t\t\t<\/div>\n<p>&nbsp;<\/p>\n","protected":false},"excerpt":{"rendered":"<p>Na skrzy\u017cowaniu al. Armii Krajowej i ul. Borowskiej wy\u0142\u0105czona jest mo\u017cliwo\u015b\u0107 skr\u0119tu w prawo (w kierunku szpitala klinicznego), tzw. zielona strza\u0142ka. Natomiast gdy jest zapalone \u015bwiat\u0142o zielone, piesi i rowerzy\u015bci maj\u0105 te\u017c \u015bwiat\u0142o zielone, co powoduje znaczne ograniczenie ilo\u015bci samochod\u00f3w, kt\u00f3re mog\u0105 przez to skrzy\u017cowanie przejecha\u0107. Po co to utrudnienie? Taka organizacja powoduje parali\u017c na [&hellip;]<\/p>\n","protected":false},"author":1,"featured_media":7191,"comment_status":"open","ping_status":"open","sticky":false,"template":"","format":"standard","meta":{"footnotes":""},"categories":[14],"tags":[725,198,113,112,352,248,723,710,724,701],"class_list":["post-7190","post","type-post","status-publish","format-standard","has-post-thumbnail","hentry","category-aktualnosci","tag-absurdy-drogowej-na-gaju","tag-armii-krajowej","tag-borowska","tag-gaj","tag-osiedle-2","tag-skrzyzowanie","tag-sygnalizacja-swietlna","tag-utrudnienia-w-ruchu","tag-zielona-strzalka","tag-zmiany"],"_links":{"self":[{"href":"https:\/\/online.tvk-gaj.pl\/index.php?rest_route=\/wp\/v2\/posts\/7190","targetHints":{"allow":["GET"]}}],"collection":[{"href":"https:\/\/online.tvk-gaj.pl\/index.php?rest_route=\/wp\/v2\/posts"}],"about":[{"href":"https:\/\/online.tvk-gaj.pl\/index.php?rest_route=\/wp\/v2\/types\/post"}],"author":[{"embeddable":true,"href":"https:\/\/online.tvk-gaj.pl\/index.php?rest_route=\/wp\/v2\/users\/1"}],"replies":[{"embeddable":true,"href":"https:\/\/online.tvk-gaj.pl\/index.php?rest_route=%2Fwp%2Fv2%2Fcomments&post=7190"}],"version-history":[{"count":3,"href":"https:\/\/online.tvk-gaj.pl\/index.php?rest_route=\/wp\/v2\/posts\/7190\/revisions"}],"predecessor-version":[{"id":7194,"href":"https:\/\/online.tvk-gaj.pl\/index.php?rest_route=\/wp\/v2\/posts\/7190\/revisions\/7194"}],"wp:featuredmedia":[{"embeddable":true,"href":"https:\/\/online.tvk-gaj.pl\/index.php?rest_route=\/wp\/v2\/media\/7191"}],"wp:attachment":[{"href":"https:\/\/online.tvk-gaj.pl\/index.php?rest_route=%2Fwp%2Fv2%2Fmedia&parent=7190"}],"wp:term":[{"taxonomy":"category","embeddable":true,"href":"https:\/\/online.tvk-gaj.pl\/index.php?rest_route=%2Fwp%2Fv2%2Fcategories&post=7190"},{"taxonomy":"post_tag","embeddable":true,"href":"https:\/\/online.tvk-gaj.pl\/index.php?rest_route=%2Fwp%2Fv2%2Ftags&post=7190"}],"curies":[{"name":"wp","href":"https:\/\/api.w.org\/{rel}","templated":true}]}}