{"id":7270,"date":"2016-07-10T13:50:07","date_gmt":"2016-07-10T11:50:07","guid":{"rendered":"http:\/\/www.tvk-gaj.pl\/~gajonline\/?p=7270"},"modified":"2016-07-12T18:17:50","modified_gmt":"2016-07-12T16:17:50","slug":"wakacyjne-akcje-i-promocje-w-centrum-handlowym-ferio-gaj","status":"publish","type":"post","link":"https:\/\/online.tvk-gaj.pl\/?p=7270","title":{"rendered":"Wakacyjne akcje i promocje w Centrum Handlowym Ferio Gaj"},"content":{"rendered":"<p>Na wakacje Centrum Handlowe Ferio Gaj przy ul. \u015awieradowskiej przygotowa\u0142o ciekawe promocje i akcje promocyjne dla swoich klient\u00f3w. Zapraszamy do zapoznania si\u0119 z letnimi promocjami Ferio Gaj! [Akcja partnerska]<!--more--><\/p>\n<p>&nbsp;<\/p>\n<p><strong>Szalona \u015aroda w Ferio Gaj<\/strong><\/p>\n<p><a href=\"http:\/\/www.tvk-gaj.pl\/~gajonline\/wp-content\/uploads\/2016\/07\/13645129_1178812178816308_4279288603207291802_n.png\"><br \/>\n<\/a> <a href=\"http:\/\/www.tvk-gaj.pl\/~gajonline\/wp-content\/uploads\/2016\/07\/FGW_Szalone_srody_B1_3termin.png\"><img loading=\"lazy\" decoding=\"async\" class=\"aligncenter size-large wp-image-7273\" src=\"http:\/\/www.tvk-gaj.pl\/~gajonline\/wp-content\/uploads\/2016\/07\/FGW_Szalone_srody_B1_3termin.png\" alt=\"FGW_Szalone_srody_B1_3termin\" width=\"600\" height=\"857\" srcset=\"https:\/\/online.tvk-gaj.pl\/wp-content\/uploads\/2016\/07\/FGW_Szalone_srody_B1_3termin.png 600w, https:\/\/online.tvk-gaj.pl\/wp-content\/uploads\/2016\/07\/FGW_Szalone_srody_B1_3termin-210x300.png 210w\" sizes=\"auto, (max-width: 600px) 100vw, 600px\" \/><\/a><\/p>\n<p>&nbsp;<\/p>\n<p>Ju\u017c 13 lipca (\u015broda) Centrum Handlowe Ferio Gaj przy ul. \u015awieradowskiej zaprasza na kolejn\u0105 edycj\u0119 akcji organizowanej pod has\u0142em \u201eSzalona \u015aroda&#8221;!<br \/>\nJak w ka\u017cd\u0105 drug\u0105 \u015brod\u0119 miesi\u0105ca sklepy w CH Ferio Gaj przygotuj\u0105 specjalne oferty, promocje i obni\u017cki cen. Dla pierwszych 20 klient\u00f3w, kt\u00f3rzy tego dnia dokonaj\u0105 zakup\u00f3w w FERIO Gaj na minimaln\u0105 kwot\u0119 75 PLN przygotowane zostan\u0105 w prezencie bony zakupowe o warto\u015bci 35 PLN do zrealizowania w DOMU MODY, a dla tych, kt\u00f3rzy wydadz\u0105 i potwierdz\u0105 to paragonem w wysoko\u015bci 50 PLN przygotowane zostan\u0105 nagrody w postaci bon\u00f3w o warto\u015bci 25 PLN do restauracji PALATO CIELO. Zakupy<br \/>\nrealizowa\u0107 mo\u017cna w ka\u017cdym ze sklep\u00f3w, poza delikatesami Piotr i Pawe\u0142.<\/p>\n<p>&nbsp;<\/p>\n<p><strong>&#8222;Twoje dziecko bawi si\u0119 za darmo&#8221;<\/strong><\/p>\n<p>&nbsp;<\/p>\n<p><a href=\"http:\/\/www.tvk-gaj.pl\/~gajonline\/wp-content\/uploads\/2016\/07\/FGW_kinderplaneta_B1.png\"><img loading=\"lazy\" decoding=\"async\" class=\"aligncenter size-full wp-image-7274\" src=\"http:\/\/www.tvk-gaj.pl\/~gajonline\/wp-content\/uploads\/2016\/07\/FGW_kinderplaneta_B1.png\" alt=\"FGW_kinderplaneta_B1\" width=\"600\" height=\"857\" srcset=\"https:\/\/online.tvk-gaj.pl\/wp-content\/uploads\/2016\/07\/FGW_kinderplaneta_B1.png 600w, https:\/\/online.tvk-gaj.pl\/wp-content\/uploads\/2016\/07\/FGW_kinderplaneta_B1-210x300.png 210w\" sizes=\"auto, (max-width: 600px) 100vw, 600px\" \/><\/a><\/p>\n<p>&nbsp;<\/p>\n<p>Nie wszystkie dzieci wyjad\u0105 w tym roku na wakacje. Nie oznacza to oczywi\u015bcie, ze ich wakacje b\u0119d\u0105 nieudane. Atrakcji w mie\u015bcie nie brakuje, a letnia aura potrafi cieszy\u0107 tak samo, jak na wyje\u017adzie. O wszystkich pozostaj\u0105cych w domach pomy\u015bla\u0142y wsp\u00f3lnie centrum handlowe FERIO Gaj i plac<br \/>\nzabaw Kinderplaneta. W okresie od 13 lipca do 8 sierpnia, w ka\u017cd\u0105 przypadaj\u0105ca w tym okresie \u015brod\u0119, zapraszamy dzieci \u2013 bezp\u0142atnie \u2013 do wsp\u00f3lnej zabawy w Kinderplanecie.<br \/>\nProp<span class=\"text_exposed_show\">ozycja dotyczy za ka\u017cdym razem pierwszych 100 dzieci, kt\u00f3re zg\u0142osz\u0105 si\u0119 do recepcji Kinderplanety ze swoimi opiekunami. Czas zabawy wynosi 1 godzin\u0119. Dziecko bior\u0105ce udzia\u0142 w zabawie musi mie\u0107 za\u0142o\u017cone skarpetki i obowi\u0105zkowo dobry humor. Na placu zabaw jednocze\u015bnie mo\u017ce przebywa\u0107 40 dzieci. Wszelkich dodatkowych informacji dotycz\u0105cych warunk\u00f3w tej promocji<br \/>\nmo\u017cna uzyska\u0107 w recepcji Kinderplanety.<br \/>\n\u017byczymy wszystkim cudownych wakacji, udanej zabawy i serdecznie zapraszamy do wsp\u00f3lnej zabawy.<\/span><\/p>\n<p>&nbsp;<\/p>\n<p>&nbsp;<\/p>\n<p><strong>Wi\u0119cej o akcjach i promocjach na stronie <a href=\"http:\/\/www.feriogaj.com\/\" target=\"_blank\" rel=\"nofollow\">www.feriogaj.com<\/a><\/strong><\/p>\n<p>&nbsp;<\/p>\n<p>&nbsp;<\/p>\n<div class='et-box et-info'>\n\t\t\t\t\t<div class='et-box-content'>Centrum handlowo \u2013 us\u0142ugowe FERIO Gaj ul. \u015awieradowska 51\/57, 50-559 Wroc\u0142aw, Godziny otwarcia Centrum pon. &#8211; sb. 10:00-21:00, ndz. 10:00-19:00. Godziny otwarcia supermarketu Piotr i Pawe\u0142 pon. \u2013 sb. 8:00-22:30, ndz. 10:00-19:00.<\/div><\/div>\n<p>&nbsp;<\/p>\n<p>&nbsp;<\/p>\n","protected":false},"excerpt":{"rendered":"<p>Na wakacje Centrum Handlowe Ferio Gaj przy ul. \u015awieradowskiej przygotowa\u0142o ciekawe promocje i akcje promocyjne dla swoich klient\u00f3w. Zapraszamy do zapoznania si\u0119 z letnimi promocjami Ferio Gaj! [Akcja partnerska]<\/p>\n","protected":false},"author":1,"featured_media":7273,"comment_status":"open","ping_status":"open","sticky":false,"template":"","format":"standard","meta":{"footnotes":""},"categories":[14],"tags":[730,729,212,131,112,727,677,726,657,728,135,117],"class_list":["post-7270","post","type-post","status-publish","format-standard","has-post-thumbnail","hentry","category-aktualnosci","tag-akcja-partnerska","tag-akcje","tag-centrum-handlowe-ferio-gaj","tag-ferio-gaj","tag-gaj","tag-kinderplaneta","tag-konkursy","tag-piotr-i-pawel","tag-promocja","tag-promocje","tag-rada-osiedla-gaj","tag-swieradowska"],"_links":{"self":[{"href":"https:\/\/online.tvk-gaj.pl\/index.php?rest_route=\/wp\/v2\/posts\/7270","targetHints":{"allow":["GET"]}}],"collection":[{"href":"https:\/\/online.tvk-gaj.pl\/index.php?rest_route=\/wp\/v2\/posts"}],"about":[{"href":"https:\/\/online.tvk-gaj.pl\/index.php?rest_route=\/wp\/v2\/types\/post"}],"author":[{"embeddable":true,"href":"https:\/\/online.tvk-gaj.pl\/index.php?rest_route=\/wp\/v2\/users\/1"}],"replies":[{"embeddable":true,"href":"https:\/\/online.tvk-gaj.pl\/index.php?rest_route=%2Fwp%2Fv2%2Fcomments&post=7270"}],"version-history":[{"count":3,"href":"https:\/\/online.tvk-gaj.pl\/index.php?rest_route=\/wp\/v2\/posts\/7270\/revisions"}],"predecessor-version":[{"id":7284,"href":"https:\/\/online.tvk-gaj.pl\/index.php?rest_route=\/wp\/v2\/posts\/7270\/revisions\/7284"}],"wp:featuredmedia":[{"embeddable":true,"href":"https:\/\/online.tvk-gaj.pl\/index.php?rest_route=\/wp\/v2\/media\/7273"}],"wp:attachment":[{"href":"https:\/\/online.tvk-gaj.pl\/index.php?rest_route=%2Fwp%2Fv2%2Fmedia&parent=7270"}],"wp:term":[{"taxonomy":"category","embeddable":true,"href":"https:\/\/online.tvk-gaj.pl\/index.php?rest_route=%2Fwp%2Fv2%2Fcategories&post=7270"},{"taxonomy":"post_tag","embeddable":true,"href":"https:\/\/online.tvk-gaj.pl\/index.php?rest_route=%2Fwp%2Fv2%2Ftags&post=7270"}],"curies":[{"name":"wp","href":"https:\/\/api.w.org\/{rel}","templated":true}]}}