{"id":7277,"date":"2016-07-11T11:00:47","date_gmt":"2016-07-11T09:00:47","guid":{"rendered":"http:\/\/www.tvk-gaj.pl\/~gajonline\/?p=7277"},"modified":"2016-07-11T14:11:52","modified_gmt":"2016-07-11T12:11:52","slug":"relacja-z-weekendow-esk-na-gaju-2-3-i-9-10-czerwca","status":"publish","type":"post","link":"https:\/\/online.tvk-gaj.pl\/?p=7277","title":{"rendered":"Relacja z weekend\u00f3w ESK na Gaju 2-3 i 9-10 czerwca"},"content":{"rendered":"<p>Zapraszamy do naszej osiedlowej fotorelacji z weekend\u00f3w 2-3 i 9-10 lipca na plenerowej scenie ESK na Gaju.<!--more--><\/p>\n<p>&nbsp;<\/p>\n<p><strong>Weekend 2-3 lipca<\/strong><\/p>\n<p>Podczas weekendu na deskach sceny Europejskiej Stolicy Kultury Wroc\u0142aw 2016 go\u015bcili\u015bmy m.in. delegacj\u0119 z Birmingham (Anglia), znany i lubiany zespo\u0142u Blue Jeans oraz dzieci i m\u0142odzie\u017a podczas gier i zabaw sportowych!<\/p>\n<p>&nbsp;<\/p>\n<p><img decoding=\"async\" class=\"ngg_displayed_gallery mceItem\" src=\"http:\/\/www.tvk-gaj.pl\/~gajonline\/index.php\/nextgen-attach_to_post\/preview\/id--7279\" data-mce-placeholder=\"1\" \/><\/p>\n<p>&nbsp;<\/p>\n<p><strong>Weekend 9-10 lipca<\/strong><\/p>\n<p>Ten weekend na scenie ESK to m.in.: gry i zabawy sportowe, muzyka odtwarzana przez DJ&#8217;a, \u00a0malowanie kolorowanek dla dzieci, gry sportowe dla m\u0142odzie\u017cy oraz wyst\u0119p Jana Bastera &#8211; muzyka country.<\/p>\n<p><img decoding=\"async\" class=\"ngg_displayed_gallery mceItem\" src=\"http:\/\/www.tvk-gaj.pl\/~gajonline\/index.php\/nextgen-attach_to_post\/preview\/id--7280\" data-mce-placeholder=\"1\" \/><\/p>\n<p>&nbsp;<\/p>\n<p>&nbsp;<\/p>\n<p>&nbsp;<\/p>\n<p><strong>Na kolejne atrakcje z Europejsk\u0105 Stolic\u0105 Kultury Wroc\u0142aw 2016 na Gaju zapraszamy w nast\u0119pny weekend do Parku S\u0142onecznego na Gaju!\u00a0<\/strong><\/p>\n<p>&nbsp;<\/p>\n<p>&nbsp;<\/p>\n","protected":false},"excerpt":{"rendered":"<p>Zapraszamy do naszej osiedlowej fotorelacji z weekend\u00f3w 2-3 i 9-10 lipca na plenerowej scenie ESK na Gaju.<\/p>\n","protected":false},"author":1,"featured_media":7278,"comment_status":"open","ping_status":"open","sticky":false,"template":"","format":"standard","meta":{"footnotes":""},"categories":[14,630],"tags":[632,687,685,638,642,293,112,295,664,135,294,649,650],"class_list":["post-7277","post","type-post","status-publish","format-standard","has-post-thumbnail","hentry","category-aktualnosci","category-esk-2016","tag-esk","tag-esk-gaj","tag-esk-na-gaju","tag-europejska-stolica-kultury","tag-europejska-stolica-kultury-wroclaw-2016","tag-fotorelacja","tag-gaj","tag-galeria-zdjec","tag-pawilon-kultury","tag-rada-osiedla-gaj","tag-relacja","tag-scena-esk","tag-zdjecia"],"_links":{"self":[{"href":"https:\/\/online.tvk-gaj.pl\/index.php?rest_route=\/wp\/v2\/posts\/7277","targetHints":{"allow":["GET"]}}],"collection":[{"href":"https:\/\/online.tvk-gaj.pl\/index.php?rest_route=\/wp\/v2\/posts"}],"about":[{"href":"https:\/\/online.tvk-gaj.pl\/index.php?rest_route=\/wp\/v2\/types\/post"}],"author":[{"embeddable":true,"href":"https:\/\/online.tvk-gaj.pl\/index.php?rest_route=\/wp\/v2\/users\/1"}],"replies":[{"embeddable":true,"href":"https:\/\/online.tvk-gaj.pl\/index.php?rest_route=%2Fwp%2Fv2%2Fcomments&post=7277"}],"version-history":[{"count":3,"href":"https:\/\/online.tvk-gaj.pl\/index.php?rest_route=\/wp\/v2\/posts\/7277\/revisions"}],"predecessor-version":[{"id":7283,"href":"https:\/\/online.tvk-gaj.pl\/index.php?rest_route=\/wp\/v2\/posts\/7277\/revisions\/7283"}],"wp:featuredmedia":[{"embeddable":true,"href":"https:\/\/online.tvk-gaj.pl\/index.php?rest_route=\/wp\/v2\/media\/7278"}],"wp:attachment":[{"href":"https:\/\/online.tvk-gaj.pl\/index.php?rest_route=%2Fwp%2Fv2%2Fmedia&parent=7277"}],"wp:term":[{"taxonomy":"category","embeddable":true,"href":"https:\/\/online.tvk-gaj.pl\/index.php?rest_route=%2Fwp%2Fv2%2Fcategories&post=7277"},{"taxonomy":"post_tag","embeddable":true,"href":"https:\/\/online.tvk-gaj.pl\/index.php?rest_route=%2Fwp%2Fv2%2Ftags&post=7277"}],"curies":[{"name":"wp","href":"https:\/\/api.w.org\/{rel}","templated":true}]}}