{"id":7285,"date":"2016-07-10T19:48:20","date_gmt":"2016-07-10T17:48:20","guid":{"rendered":"http:\/\/www.tvk-gaj.pl\/~gajonline\/?p=7285"},"modified":"2016-08-30T09:50:39","modified_gmt":"2016-08-30T07:50:39","slug":"bezplatna-szkolka-pilkarska-dla-dzieci-we-wroclawiu","status":"publish","type":"post","link":"https:\/\/online.tvk-gaj.pl\/?p=7285","title":{"rendered":"Bezp\u0142atna Szk\u00f3\u0142ka Pi\u0142karska dla dzieci we Wroc\u0142awiu!"},"content":{"rendered":"<p>Wszystkiego dzieciaki, kt\u00f3re kochaj\u0105 pi\u0142k\u0119 no\u017cn\u0105 i sp\u0119dzaj\u0105 wakacje we Wroc\u0142awia zapraszamy do Wakacyjnej Szk\u00f3\u0142ki Pi\u0142karskiej! FERIO Gaj wsp\u00f3lnie z Uczniowskim Osiedlowym Klubem Pi\u0142karskim \u201eSilesia\u201d \u2013 Gaj organizuje wakacyjn\u0105 szko\u0142\u0119 pi\u0142karsk\u0105 dla dzieci sp\u0119dzaj\u0105cych lato w mie\u015bcie. Ca\u0142y cykl zaj\u0119\u0107 b\u0119dzie trwa\u0142 od 18 lipca, a na zako\u0144czenie szk\u00f3\u0142ki (12 sierpnia) na najlepszych zawodnik\u00f3w czeka\u0107 b\u0119dzie turniej pi\u0142karski.<!--more--><\/p>\n<p>&nbsp;<\/p>\n<p><strong>Bezp\u0142atna Szk\u00f3\u0142ka Pi\u0142karska dla dzieci we Wroc\u0142awiu &#8211; wsp\u00f3lna akcja Uczniowskiego Osiedlowego Klubu Pi\u0142karskiego Silesia Gaj oraz Centrum Handlowego Ferio Gaj.\u00a0<\/strong><\/p>\n<p>&nbsp;<\/p>\n<p><a href=\"http:\/\/www.tvk-gaj.pl\/~gajonline\/wp-content\/uploads\/2016\/07\/FGW_Szkola_pilkarska_B1.png\"><br \/>\n<img loading=\"lazy\" decoding=\"async\" class=\"aligncenter size-full wp-image-7287\" src=\"http:\/\/www.tvk-gaj.pl\/~gajonline\/wp-content\/uploads\/2016\/07\/FGW_Szkola_pilkarska_B1.png\" alt=\"FGW_Szkola_pilkarska_B1\" width=\"700\" height=\"1000\" srcset=\"https:\/\/online.tvk-gaj.pl\/wp-content\/uploads\/2016\/07\/FGW_Szkola_pilkarska_B1.png 700w, https:\/\/online.tvk-gaj.pl\/wp-content\/uploads\/2016\/07\/FGW_Szkola_pilkarska_B1-210x300.png 210w\" sizes=\"auto, (max-width: 700px) 100vw, 700px\" \/><br \/>\n<\/a><\/p>\n<p><strong>Zaj\u0119cia odbywa\u0107 si\u0119 b\u0119d\u0105 od 18 lipca do 12 sierpnia 2016 r. w ka\u017cdy poniedzia\u0142ek, \u015brod\u0119, pi\u0105tek na boisku pi\u0142karskim &#8222;O\u0142awka\u201d (ul. Na Niskich \u0141\u0105kach 8 we Wroc\u0142awiu) i b\u0119d\u0105 prowadzone przez trener\u00f3w UOKP \u201eSILESIA\u201d WROC\u0141AW.<\/strong><\/p>\n<p><span style=\"text-decoration: underline;\">Udzia\u0142 dzieci w zaj\u0119ciach jest bezp\u0142atny. W szk\u00f3\u0142ce mog\u0105 bra\u0107 udzia\u0142 dzieci w wieku od 7 do 13 lat:<\/span><\/p>\n<p>I grupa &#8211; 7-10 lat, zaj\u0119cia w godz. 10:00 \u2013 11:30<br \/>\nII grupa &#8211; 10-13 lat, zaj\u0119cia w 11:30 \u2013 13:00<\/p>\n<p><span style=\"text-decoration: underline;\">Zapisy:<\/span> Aby zapisa\u0107 dziecko do wakacyjnej szko\u0142y pi\u0142karskiej nale\u017cy do 14 lipca przes\u0142a\u0107 wype\u0142nione zg\u0142oszenie (druk zg\u0142oszenia dost\u0119pny na stronie www.feriogaj.com oraz na profilu FG na FB) na adres szkolkapilkarska@feriogaj.com (ilo\u015b\u0107 miejsc ograniczona \u2013 maksymalnie 40 dzieci).<\/p>\n<p><span style=\"text-decoration: underline;\">Miejsce zaj\u0119\u0107:<\/span> Boisko pi\u0142karskie &#8222;O\u0142awka\u201d, ul. Na Niskich \u0141\u0105kach 8 we Wroc\u0142awiu.<\/p>\n<p>Ka\u017cdy ma\u0142y uczestnik szk\u00f3\u0142ki musi by\u0107 zaopatrzony w nast\u0119puj\u0105cy ubi\u00f3r sportowy:<\/p>\n<p>koszulka sportowa z kr\u00f3tkim r\u0119kawem<br \/>\nkr\u00f3tkie spodenki<br \/>\nczapeczka<br \/>\nskarpety<br \/>\ndres sportowy<br \/>\nbuty do treningu pi\u0142karskiego<br \/>\noraz mie\u0107 na ka\u017cdym treningu wod\u0119 do picia.<\/p>\n<p><span style=\"text-decoration: underline;\">Organizator:<\/span> Organizatorami i partnerami wakacyjnej szko\u0142y pi\u0142karskiej s\u0105: Centrum Handlowe FERIO Gaj\u00a0i UOKP \u201eSILESIA\u201d Gaj WROC\u0141AW.<\/p>\n<p>&nbsp;<\/p>\n<p><strong>Rada Osiedla Gaj patronuje projektowi!\u00a0<\/strong><\/p>\n<p>&nbsp;<\/p>\n","protected":false},"excerpt":{"rendered":"<p>Wszystkiego dzieciaki, kt\u00f3re kochaj\u0105 pi\u0142k\u0119 no\u017cn\u0105 i sp\u0119dzaj\u0105 wakacje we Wroc\u0142awia zapraszamy do Wakacyjnej Szk\u00f3\u0142ki Pi\u0142karskiej! FERIO Gaj wsp\u00f3lnie z Uczniowskim Osiedlowym Klubem Pi\u0142karskim \u201eSilesia\u201d \u2013 Gaj organizuje wakacyjn\u0105 szko\u0142\u0119 pi\u0142karsk\u0105 dla dzieci sp\u0119dzaj\u0105cych lato w mie\u015bcie. Ca\u0142y cykl zaj\u0119\u0107 b\u0119dzie trwa\u0142 od 18 lipca, a na zako\u0144czenie szk\u00f3\u0142ki (12 sierpnia) na najlepszych zawodnik\u00f3w czeka\u0107 [&hellip;]<\/p>\n","protected":false},"author":1,"featured_media":7286,"comment_status":"open","ping_status":"open","sticky":false,"template":"","format":"standard","meta":{"footnotes":""},"categories":[14],"tags":[738,212,400,735,131,112,166,731,504,135,736,733,734,30,737,732],"class_list":["post-7285","post","type-post","status-publish","format-standard","has-post-thumbnail","hentry","category-aktualnosci","tag-bezplatna-szkolka-pilkarska-dla-dzieci","tag-centrum-handlowe-ferio-gaj","tag-dzieci","tag-ferio","tag-ferio-gaj","tag-gaj","tag-osiedle-gaj","tag-pilka","tag-pilka-nozna","tag-rada-osiedla-gaj","tag-sielesia-gaj","tag-szkolka","tag-szkolka-pilkarska","tag-uczniowski-osiedlowy-klub-pilkarski-silesia-gaj","tag-uokp","tag-wakacje"],"_links":{"self":[{"href":"https:\/\/online.tvk-gaj.pl\/index.php?rest_route=\/wp\/v2\/posts\/7285","targetHints":{"allow":["GET"]}}],"collection":[{"href":"https:\/\/online.tvk-gaj.pl\/index.php?rest_route=\/wp\/v2\/posts"}],"about":[{"href":"https:\/\/online.tvk-gaj.pl\/index.php?rest_route=\/wp\/v2\/types\/post"}],"author":[{"embeddable":true,"href":"https:\/\/online.tvk-gaj.pl\/index.php?rest_route=\/wp\/v2\/users\/1"}],"replies":[{"embeddable":true,"href":"https:\/\/online.tvk-gaj.pl\/index.php?rest_route=%2Fwp%2Fv2%2Fcomments&post=7285"}],"version-history":[{"count":3,"href":"https:\/\/online.tvk-gaj.pl\/index.php?rest_route=\/wp\/v2\/posts\/7285\/revisions"}],"predecessor-version":[{"id":7672,"href":"https:\/\/online.tvk-gaj.pl\/index.php?rest_route=\/wp\/v2\/posts\/7285\/revisions\/7672"}],"wp:featuredmedia":[{"embeddable":true,"href":"https:\/\/online.tvk-gaj.pl\/index.php?rest_route=\/wp\/v2\/media\/7286"}],"wp:attachment":[{"href":"https:\/\/online.tvk-gaj.pl\/index.php?rest_route=%2Fwp%2Fv2%2Fmedia&parent=7285"}],"wp:term":[{"taxonomy":"category","embeddable":true,"href":"https:\/\/online.tvk-gaj.pl\/index.php?rest_route=%2Fwp%2Fv2%2Fcategories&post=7285"},{"taxonomy":"post_tag","embeddable":true,"href":"https:\/\/online.tvk-gaj.pl\/index.php?rest_route=%2Fwp%2Fv2%2Ftags&post=7285"}],"curies":[{"name":"wp","href":"https:\/\/api.w.org\/{rel}","templated":true}]}}