{"id":7290,"date":"2016-07-18T09:55:26","date_gmt":"2016-07-18T07:55:26","guid":{"rendered":"http:\/\/www.tvk-gaj.pl\/~gajonline\/?p=7290"},"modified":"2016-07-18T09:56:04","modified_gmt":"2016-07-18T07:56:04","slug":"relacja-z-weekendu-esk-na-gaju-16-17-lipca","status":"publish","type":"post","link":"https:\/\/online.tvk-gaj.pl\/?p=7290","title":{"rendered":"Relacja z weekendu ESK na Gaju 16-17 lipca"},"content":{"rendered":"<p>Zapraszamy do lektury relacji z weekend 16-17\u00a0lipca na plenerowej scenie Europejskiej Stolicy Kultury na Gaju.<!--more--><\/p>\n<p>&nbsp;<\/p>\n<p>Podczas weekendu na plenerowej scenie Europejskiej Stolicy Kultury Wroc\u0142aw 2016 na Gaju w Parku S\u0142onecznym pojawi\u0142y si\u0119 liczne rozrywki dla go\u015bci sceny. By\u0142y to m.in. gry i zabawy sportowe, muzyka odtwarzana przez DJa, \u00a0wsp\u00f3lne malowanie kolorowanek przez dzieci i rodzic\u00f3w.<\/p>\n<p>Prawdziwym hitem weekendu okaza\u0142y si\u0119 warsztaty artystyczne dla dzieci \u2013 papierowe zwierzaki. W warsztatach tych wsp\u00f3lnie tworzono papierowe zwierzaki, kt\u00f3re p\u00f3\u017aniej z dum\u0105 prezentowano na scenie:)<\/p>\n<p>W zwi\u0105zku ze \u015awiatowymi Dniami M\u0142odzie\u017cy oraz ide\u0105 propagowania kultury ESK rozdawano\u00a0wej\u015bci\u00f3wki na koncert\u00a0\u00a0Singing Europe 2016, kt\u00f3ry odb\u0119dzie si\u0119 23 lipca na Stadionie Miejskim we Wroc\u0142awiu (wszystkie bilety zosta\u0142y rozdane).<\/p>\n<p>Dla troch\u0119 starszych mieszka\u0144c\u00f3w przygotowano warsztaty gimnastyki\u00a0chi\u0144skiej Czi-Kung (zorganizowane przez Klub Seniora na Gaju).<\/p>\n<p>Pogoda momentami straszy\u0142a, ale nie robi\u0142o to wi\u0119kszego wra\u017cenia na go\u015bciach pawilonu kultury:)<\/p>\n<p>&nbsp;<\/p>\n<p><strong>Nasza fotorelacja\u00a0<\/strong><\/p>\n<p><img decoding=\"async\" class=\"ngg_displayed_gallery mceItem\" src=\"http:\/\/www.tvk-gaj.pl\/~gajonline\/index.php\/nextgen-attach_to_post\/preview\/id--7362\" data-mce-placeholder=\"1\" \/><\/p>\n<p>&nbsp;<\/p>\n<p><strong>Na kolejne atrakcje z Europejsk\u0105 Stolic\u0105 Kultury Wroc\u0142aw 2016 na Gaju zapraszamy w nast\u0119pny weekend do Parku S\u0142onecznego na Gaju!\u00a0<\/strong><\/p>\n<p>&nbsp;<\/p>\n<p>&nbsp;<\/p>\n","protected":false},"excerpt":{"rendered":"<p>Zapraszamy do lektury relacji z weekend 16-17\u00a0lipca na plenerowej scenie Europejskiej Stolicy Kultury na Gaju.<\/p>\n","protected":false},"author":1,"featured_media":7364,"comment_status":"open","ping_status":"open","sticky":false,"template":"","format":"standard","meta":{"footnotes":""},"categories":[14,630],"tags":[632,685,642,112,166,128,664,135,644],"class_list":["post-7290","post","type-post","status-publish","format-standard","has-post-thumbnail","hentry","category-aktualnosci","category-esk-2016","tag-esk","tag-esk-na-gaju","tag-europejska-stolica-kultury-wroclaw-2016","tag-gaj","tag-osiedle-gaj","tag-park-sloneczny","tag-pawilon-kultury","tag-rada-osiedla-gaj","tag-scena-eska"],"_links":{"self":[{"href":"https:\/\/online.tvk-gaj.pl\/index.php?rest_route=\/wp\/v2\/posts\/7290","targetHints":{"allow":["GET"]}}],"collection":[{"href":"https:\/\/online.tvk-gaj.pl\/index.php?rest_route=\/wp\/v2\/posts"}],"about":[{"href":"https:\/\/online.tvk-gaj.pl\/index.php?rest_route=\/wp\/v2\/types\/post"}],"author":[{"embeddable":true,"href":"https:\/\/online.tvk-gaj.pl\/index.php?rest_route=\/wp\/v2\/users\/1"}],"replies":[{"embeddable":true,"href":"https:\/\/online.tvk-gaj.pl\/index.php?rest_route=%2Fwp%2Fv2%2Fcomments&post=7290"}],"version-history":[{"count":2,"href":"https:\/\/online.tvk-gaj.pl\/index.php?rest_route=\/wp\/v2\/posts\/7290\/revisions"}],"predecessor-version":[{"id":7365,"href":"https:\/\/online.tvk-gaj.pl\/index.php?rest_route=\/wp\/v2\/posts\/7290\/revisions\/7365"}],"wp:featuredmedia":[{"embeddable":true,"href":"https:\/\/online.tvk-gaj.pl\/index.php?rest_route=\/wp\/v2\/media\/7364"}],"wp:attachment":[{"href":"https:\/\/online.tvk-gaj.pl\/index.php?rest_route=%2Fwp%2Fv2%2Fmedia&parent=7290"}],"wp:term":[{"taxonomy":"category","embeddable":true,"href":"https:\/\/online.tvk-gaj.pl\/index.php?rest_route=%2Fwp%2Fv2%2Fcategories&post=7290"},{"taxonomy":"post_tag","embeddable":true,"href":"https:\/\/online.tvk-gaj.pl\/index.php?rest_route=%2Fwp%2Fv2%2Ftags&post=7290"}],"curies":[{"name":"wp","href":"https:\/\/api.w.org\/{rel}","templated":true}]}}