{"id":7367,"date":"2016-07-20T13:12:54","date_gmt":"2016-07-20T11:12:54","guid":{"rendered":"http:\/\/www.tvk-gaj.pl\/~gajonline\/?p=7367"},"modified":"2016-07-20T13:12:54","modified_gmt":"2016-07-20T11:12:54","slug":"rady-osiedla-beda-mialy-wiekszy-wplyw-na-miejskie-inwestycje","status":"publish","type":"post","link":"https:\/\/online.tvk-gaj.pl\/?p=7367","title":{"rendered":"Rady osiedla b\u0119d\u0105 mia\u0142y wi\u0119kszy wp\u0142yw na miejskie inwestycje"},"content":{"rendered":"<p>Magistrat chce, by rady osiedlowe mia\u0142y wi\u0119kszy wp\u0142yw na miejskie inwestycje. G\u0142osy, by osiedlowe samorz\u0105dy wzmocni\u0107 albo po prostu zlikwidowa\u0107, s\u0142ycha\u0107 od lat. [Artyku\u0142 z Gazety Wyborczej Wroc\u0142aw]<!--more--><\/p>\n<p>&nbsp;<\/p>\n<p><strong>Magistrat chce, by rady osiedlowe mia\u0142y wi\u0119kszy wp\u0142yw na miejskie inwestycje. G\u0142osy, by osiedlowe samorz\u0105dy wzmocni\u0107 albo po prostu zlikwidowa\u0107, s\u0142ycha\u0107 od lat.<\/p>\n<p><\/strong><\/p>\n<p>Rady 48 wroc\u0142awskich osiedli maj\u0105 wp\u0142yw na inwestycje, ale w du\u017cej mierze tylko teoretyczny.<\/p>\n<p>&nbsp;<\/p>\n<div id=\"attachment_4552\" style=\"width: 848px\" class=\"wp-caption aligncenter\"><a href=\"http:\/\/www.tvk-gaj.pl\/~gajonline\/wp-content\/uploads\/2015\/07\/P63000141.jpg\"><img loading=\"lazy\" decoding=\"async\" aria-describedby=\"caption-attachment-4552\" class=\"size-large wp-image-4552\" src=\"http:\/\/www.tvk-gaj.pl\/~gajonline\/wp-content\/uploads\/2015\/07\/P63000141-1024x768.jpg\" alt=\"OLYMPUS DIGITAL CAMERA\" width=\"838\" height=\"629\" srcset=\"https:\/\/online.tvk-gaj.pl\/wp-content\/uploads\/2015\/07\/P63000141-1024x768.jpg 1024w, https:\/\/online.tvk-gaj.pl\/wp-content\/uploads\/2015\/07\/P63000141-300x225.jpg 300w, https:\/\/online.tvk-gaj.pl\/wp-content\/uploads\/2015\/07\/P63000141.jpg 1984w\" sizes=\"auto, (max-width: 838px) 100vw, 838px\" \/><\/a><p id=\"caption-attachment-4552\" class=\"wp-caption-text\">Rada Osiedla Gaj. Spotkanie z Prezydentem Wroc\u0142awia Rafa\u0142em Dutkiewiczem. Gaj, 2015r.<\/p><\/div>\n<p>&nbsp;<\/p>\n<p><span class=\"txt_srodtytul\"><b>Osiedla s\u0105 trupem?<\/b><\/span><\/p>\n<p>&#8211; Urz\u0119dnicy mieli dwa tygodnie na weryfikacj\u0119 projekt\u00f3w zg\u0142aszanych przez osiedla. Wiele zg\u0142osze\u0144 nawet nie mog\u0142o by\u0107 rozpatrzonych, bo nie by\u0142o na to czasu &#8211; m\u00f3wi Bart\u0142omiej \u015awierczewski, dyrektor biura partycypacji w urz\u0119dzie miejskim.<\/p>\n<p>Teraz system &#8211; nazwany Kart\u0105 Zada\u0144 Inwestycyjnych &#8211; ma by\u0107 gruntownie zreformowany. Tak by wnioski rad osiedli by\u0142y cz\u0119\u015bci\u0105 prac nad bud\u017cetem miasta na 2018 r.<\/p>\n<p>&#8211; Chodzi o to, \u017ceby wnioski by\u0142y w jak najwi\u0119kszym stopniu uwzgl\u0119dniane &#8211; podkre\u015bla \u015awierczewski. Osiedla maj\u0105 te\u017c otrzymywa\u0107 dok\u0142adne odpowiedzi na propozycje oraz list\u0119 zada\u0144, kt\u00f3re urz\u0105d chce realizowa\u0107 w danym rejonie w przysz\u0142ym roku. &#8211; Czasami inwestycja jest ewidentnie niemo\u017cliwa, jak np. linia tramwajowa zg\u0142oszona przez Ma\u015blice, ale wi\u0119kszo\u015b\u0107 zg\u0142osze\u0144 dotyczy chodnik\u00f3w czy lokalnych dr\u00f3g &#8211; m\u00f3wi \u015awierczewski.<\/p>\n<p>Osiedla ju\u017c przedstawi\u0142y swoje pomys\u0142y na przysz\u0142y rok (\u0142\u0105cznie &#8211; ponad sto).<\/p>\n<p>Temat rad osiedli wywo\u0142ali aktywi\u015bci, m.in. z Wroc\u0142awskiej Inicjatywy Obywatelskiej i Towarzystwa Upi\u0119kszania Miasta Wroc\u0142awia, kt\u00f3rzy domagali si\u0119 zwi\u0119kszenia kompetencji rad, wzorem Poznania czy Krakowa. Ale dyskusja o samorz\u0105dach osiedli trwa od lat. Przeciwnicy &#8211; np. \u00f3wczesny radny Jerzy Michalak &#8211; par\u0119 lat temu twierdzili, \u017ce &#8222;rady osiedla s\u0105 trupem&#8221;. Argumentem przeciw ich istnieniu jest m.in. niska frekwencja w osiedlowych wyborach: w 2013 r. zaledwie 4 proc.<\/p>\n<p>&nbsp;<\/p>\n<div id=\"attachment_1278\" style=\"width: 848px\" class=\"wp-caption aligncenter\"><a href=\"http:\/\/www.tvk-gaj.pl\/~gajonline\/wp-content\/uploads\/2013\/06\/6042607.jpg\"><img loading=\"lazy\" decoding=\"async\" aria-describedby=\"caption-attachment-1278\" class=\"wp-image-1278 size-large\" title=\"Zaprzysi\u0119\u017cenie radnych Osiedla Gaj. Ratusz, 2013r.\" src=\"http:\/\/www.tvk-gaj.pl\/~gajonline\/wp-content\/uploads\/2013\/06\/6042607-1024x768.jpg\" alt=\"Zaprzysi\u0119\u017cenie radnych Osiedla Gaj. Ratusz, 2013r.\" width=\"838\" height=\"629\" srcset=\"https:\/\/online.tvk-gaj.pl\/wp-content\/uploads\/2013\/06\/6042607-1024x768.jpg 1024w, https:\/\/online.tvk-gaj.pl\/wp-content\/uploads\/2013\/06\/6042607-300x225.jpg 300w, https:\/\/online.tvk-gaj.pl\/wp-content\/uploads\/2013\/06\/6042607.jpg 1824w\" sizes=\"auto, (max-width: 838px) 100vw, 838px\" \/><\/a><p id=\"caption-attachment-1278\" class=\"wp-caption-text\">Zaprzysi\u0119\u017cenie radnych Osiedla Gaj. Ratusz, 2013r.<\/p><\/div>\n<p>&nbsp;<\/p>\n<p><span class=\"txt_srodtytul\"><b>Dla Wyborczej <\/b><\/span><\/p>\n<p>Jacek Ossowski<\/p>\n<p>przewodnicz\u0105cy rady miasta<\/p>\n<p>S\u0105 takie rady osiedla, kt\u00f3re dzia\u0142aj\u0105, np. na Brochowie czy Oporowie. S\u0105 te\u017c takie, kt\u00f3re zajmuj\u0105 si\u0119 g\u0142\u00f3wnie wewn\u0119trznymi sporami. Na pewno poziom frekwencji w wyborach do rad jest kompromituj\u0105cy.<\/p>\n<p>Rad jest zbyt du\u017co. Powinno raczej powsta\u0107 co\u015b na kszta\u0142t rad dzielnic o zdecydowanie wi\u0119kszym obszarze dzia\u0142ania. Wtedy b\u0119dzie mo\u017cna powierzy\u0107 radom tak\u017ce decydowanie o miejskich inwestycjach.<\/p>\n<p>Tomasz Owczarek<\/p>\n<p>lider Wroc\u0142awskiego Ruchu Obywatelskiego<\/p>\n<p>Nie dziwi\u0119 si\u0119, \u017ce zainteresowanie radami osiedla nie jest du\u017ce. Mieszka\u0144cy wiedz\u0105, \u017ce rady osiedla nie maj\u0105 \u017cadnej w\u0142adzy, a pismo do urz\u0119du umiej\u0105 napisa\u0107 sami. Mimo to wielu radom uda\u0142o si\u0119 dzia\u0142a\u0107 do\u015b\u0107 aktywnie.<\/p>\n<p>Uwa\u017camy, \u017ce osiedla powinny zyska\u0107 nowe mo\u017cliwo\u015bci, np. bud\u017cet inwestycyjny (w wysoko\u015bci 1 proc. bud\u017cetu miasta) albo prawo inicjatywy uchwa\u0142odawczej. B\u0119dzie to korzystne dla prezydenta i radnych, kt\u00f3rzy dowiedz\u0105 si\u0119 o lokalnych potrzebach. Radni osiedlowi s\u0105 bli\u017cej mieszka\u0144c\u00f3w.<\/p>\n<p>&nbsp;<\/p>\n<p>&nbsp;<\/p>\n<div class='et-learn-more clearfix'>\n\t\t\t\t\t<h3 class='heading-more'>\u0179r\u00f3d\u0142o<span class='et_learnmore_arrow'><span><\/span><\/span><\/h3>\n\t\t\t\t\t<div class='learn-more-content'>Autor: Mateusz Kokoszkiewicz Data publikacji: 20.07.2016 \u0179r\u00f3d\u0142o: Gazeta Wyborcza Wroc\u0142aw<\/div>\n\t\t\t\t<\/div>\n<p>&nbsp;<\/p>\n<p>&nbsp;<\/p>\n","protected":false},"excerpt":{"rendered":"<p>Magistrat chce, by rady osiedlowe mia\u0142y wi\u0119kszy wp\u0142yw na miejskie inwestycje. G\u0142osy, by osiedlowe samorz\u0105dy wzmocni\u0107 albo po prostu zlikwidowa\u0107, s\u0142ycha\u0107 od lat. [Artyku\u0142 z Gazety Wyborczej Wroc\u0142aw]<\/p>\n","protected":false},"author":1,"featured_media":4552,"comment_status":"open","ping_status":"open","sticky":false,"template":"","format":"standard","meta":{"footnotes":""},"categories":[14],"tags":[740,292,135,739,528,741,165,742],"class_list":["post-7367","post","type-post","status-publish","format-standard","has-post-thumbnail","hentry","category-aktualnosci","tag-kompetencje-rad-osiedli","tag-rada-osiedla-2","tag-rada-osiedla-gaj","tag-rady-osiedla","tag-urzad-miasta-wroclawia","tag-ustawa","tag-wroclaw","tag-zamiana"],"_links":{"self":[{"href":"https:\/\/online.tvk-gaj.pl\/index.php?rest_route=\/wp\/v2\/posts\/7367","targetHints":{"allow":["GET"]}}],"collection":[{"href":"https:\/\/online.tvk-gaj.pl\/index.php?rest_route=\/wp\/v2\/posts"}],"about":[{"href":"https:\/\/online.tvk-gaj.pl\/index.php?rest_route=\/wp\/v2\/types\/post"}],"author":[{"embeddable":true,"href":"https:\/\/online.tvk-gaj.pl\/index.php?rest_route=\/wp\/v2\/users\/1"}],"replies":[{"embeddable":true,"href":"https:\/\/online.tvk-gaj.pl\/index.php?rest_route=%2Fwp%2Fv2%2Fcomments&post=7367"}],"version-history":[{"count":2,"href":"https:\/\/online.tvk-gaj.pl\/index.php?rest_route=\/wp\/v2\/posts\/7367\/revisions"}],"predecessor-version":[{"id":7369,"href":"https:\/\/online.tvk-gaj.pl\/index.php?rest_route=\/wp\/v2\/posts\/7367\/revisions\/7369"}],"wp:featuredmedia":[{"embeddable":true,"href":"https:\/\/online.tvk-gaj.pl\/index.php?rest_route=\/wp\/v2\/media\/4552"}],"wp:attachment":[{"href":"https:\/\/online.tvk-gaj.pl\/index.php?rest_route=%2Fwp%2Fv2%2Fmedia&parent=7367"}],"wp:term":[{"taxonomy":"category","embeddable":true,"href":"https:\/\/online.tvk-gaj.pl\/index.php?rest_route=%2Fwp%2Fv2%2Fcategories&post=7367"},{"taxonomy":"post_tag","embeddable":true,"href":"https:\/\/online.tvk-gaj.pl\/index.php?rest_route=%2Fwp%2Fv2%2Ftags&post=7367"}],"curies":[{"name":"wp","href":"https:\/\/api.w.org\/{rel}","templated":true}]}}