{"id":7370,"date":"2016-07-25T10:58:46","date_gmt":"2016-07-25T08:58:46","guid":{"rendered":"http:\/\/www.tvk-gaj.pl\/~gajonline\/?p=7370"},"modified":"2016-09-22T19:37:57","modified_gmt":"2016-09-22T17:37:57","slug":"bedzie-nowy-park-na-gaju-miasto-zapyta-mieszkancow-jak-go-urzadzic","status":"publish","type":"post","link":"https:\/\/online.tvk-gaj.pl\/?p=7370","title":{"rendered":"B\u0119dzie nowy park na Gaju. Miasto zapyta mieszka\u0144c\u00f3w, jak go urz\u0105dzi\u0107"},"content":{"rendered":"<p>4,5 hektarowy teren zielony z drzewami powstanie mi\u0119dzy ulicami Kukuczki i K\u0142odzk\u0105. To odpowiedz magistratu na liczne pro\u015bby mieszka\u0144c\u00f3w po\u0142udniowej cz\u0119\u015bci Gaju dotycz\u0105ce budowy parku w tym rejonie osiedla. [Artyku\u0142 z Gazety Wroc\u0142awskiej]<!--more--><\/p>\n<p>&nbsp;<\/p>\n<p>Na tzw. Nowym Gaju, od lat 90., na pustych dzia\u0142kach, jedne po drugich wyrastaj\u0105 nowe deweloperskie osiedla. W okolicy nie ma \u017cadnych teren\u00f3w zielonych, najbli\u017cszy park Skowroni jest oddalony o ponad kilometr. Przy ul. Bardziej jest wprawdzie Wzg\u00f3rze Gajowe, ale to miejsce mocno zaniedbane.<\/p>\n<p>&nbsp;<\/p>\n<p><a href=\"http:\/\/www.tvk-gaj.pl\/~gajonline\/wp-content\/uploads\/2016\/07\/P1070052.jpg\"><img loading=\"lazy\" decoding=\"async\" class=\"aligncenter size-large wp-image-7371\" src=\"http:\/\/www.tvk-gaj.pl\/~gajonline\/wp-content\/uploads\/2016\/07\/P1070052-1024x768.jpg\" alt=\"P1070052\" width=\"838\" height=\"629\" srcset=\"https:\/\/online.tvk-gaj.pl\/wp-content\/uploads\/2016\/07\/P1070052-1024x768.jpg 1024w, https:\/\/online.tvk-gaj.pl\/wp-content\/uploads\/2016\/07\/P1070052-300x225.jpg 300w, https:\/\/online.tvk-gaj.pl\/wp-content\/uploads\/2016\/07\/P1070052-768x576.jpg 768w\" sizes=\"auto, (max-width: 838px) 100vw, 838px\" \/><\/a><\/p>\n<p>&nbsp;<\/p>\n<p><span class=\"txt_srodtytul\"><b>Konsultacje spo\u0142eczne<\/b><\/span><\/p>\n<p>Na Nowym Gaju do dzi\u015b niezabudowany zachowa\u0142 si\u0119 jedynie teren obok obwodnicy towarowej. W cz\u0119\u015bci zosta\u0142 przeznaczony pod budow\u0119 szko\u0142y. Pi\u0119\u0107 lat temu w planie zagospodarowania na pozosta\u0142ym fragmencie przewidziano park. Teraz miasto rozpoczyna przygotowania do jego budowy.<\/p>\n<p>&#8211; Jeszcze w tym roku zorganizujemy konsultacje spo\u0142eczne i zapytamy mieszka\u0144c\u00f3w, co dok\u0142adnie chcieliby widzie\u0107 w tym miejscu. Pieni\u0105dze na parkow\u0105 infrastruktur\u0119 zapewnione s\u0105 w tegorocznym i kolejnym bud\u017cecie miasta &#8211; m\u00f3wi Bart\u0142omiej \u015awierczewski, dyrektor biura partycypacji spo\u0142ecznej urz\u0119du miejskiego.<\/p>\n<p>Budowa parku mi\u0119dzy ulicami Kukuczki i K\u0142odzk\u0105 to pierwsza od wielu lat taka inicjatywa urz\u0119du miasta. Dwa lata temu trzy parki wywalczyli sobie mieszka\u0144cy w ramach Wroc\u0142awskiego Bud\u017cetu Obywatelskiego (park Mamuta na Oporowie, Jedno\u015bci na Zakrzowie i S\u0142oneczny na O\u0142taszynie).<\/p>\n<p>&nbsp;<\/p>\n<p><a href=\"http:\/\/www.tvk-gaj.pl\/~gajonline\/wp-content\/uploads\/2016\/07\/P1070055.jpg\"><img loading=\"lazy\" decoding=\"async\" class=\"aligncenter size-large wp-image-7372\" src=\"http:\/\/www.tvk-gaj.pl\/~gajonline\/wp-content\/uploads\/2016\/07\/P1070055-1024x768.jpg\" alt=\"P1070055\" width=\"838\" height=\"629\" srcset=\"https:\/\/online.tvk-gaj.pl\/wp-content\/uploads\/2016\/07\/P1070055-1024x768.jpg 1024w, https:\/\/online.tvk-gaj.pl\/wp-content\/uploads\/2016\/07\/P1070055-300x225.jpg 300w, https:\/\/online.tvk-gaj.pl\/wp-content\/uploads\/2016\/07\/P1070055-768x576.jpg 768w\" sizes=\"auto, (max-width: 838px) 100vw, 838px\" \/><\/a><\/p>\n<p>&nbsp;<\/p>\n<p><span class=\"txt_srodtytul\"><b>Za ma\u0142o zieleni<\/b><\/span><\/p>\n<p>Mieszka\u0144cy Nowego Gaju s\u0105 zadowoleni z plan\u00f3w urz\u0119dnik\u00f3w. &#8211; Nasze osiedle ma 35 tysi\u0119cy mieszka\u0144c\u00f3w, jest du\u017co blok\u00f3w i wci\u0105\u017c powstaj\u0105 nowe. Zieleni mamy za ma\u0142o. Cieszymy si\u0119 z ka\u017cdej inicjatywy, dotycz\u0105cej nowych teren\u00f3w rekreacyjnych. Na razie nikt z nami nie konsultowa\u0142 tej propozycji, nie wiemy, jakie s\u0105 mo\u017cliwo\u015bci zagospodarowania parku. Czekamy na szczeg\u00f3\u0142y, z ch\u0119ci\u0105 pomo\u017cemy w jego tworzeniu &#8211; m\u00f3wi Wojciech Kurzyjamski z rady osiedla Gaj.<\/p>\n<p>Aleksandra Zienkiewicz, przewodnicz\u0105ca stowarzyszenia &#8222;miastoDrzew&#8221;, przypomina, \u017ce w planach zagospodarowania urz\u0119dnicy zapisali ziele\u0144 w wielu miejscach Wroc\u0142awia. &#8211; Np. nad Widaw\u0105, na Psim Polu, przewidziano wielki park rekreacyjny. Gdy tylko sko\u0144czy si\u0119 remont w\u0119z\u0142a wodnego, warto wr\u00f3ci\u0107 do tego pomys\u0142u. Skwer\u00f3w czy park\u00f3w brakuje cho\u0107by na g\u0119sto zabudowanym Przedmie\u015bciu O\u0142awskim, blokowisku w okolicach ul. Powsta\u0144c\u00f3w \u015al\u0105skich albo na rozbudowuj\u0105cym si\u0119 Kleczkowie &#8211; wylicza Zienkiewicz.<\/p>\n<p>&nbsp;<\/p>\n<p>&nbsp;<\/p>\n<p>&nbsp;<\/p>\n<div class='et-learn-more clearfix'>\n\t\t\t\t\t<h3 class='heading-more'>\u0179r\u00f3d\u0142o<span class='et_learnmore_arrow'><span><\/span><\/span><\/h3>\n\t\t\t\t\t<div class='learn-more-content'>Autor: Mateusz Kokoszkiewicz Data publikacji: 21.07.2016 \u0179r\u00f3d\u0142o: Gazeta Wroc\u0142awska<\/div>\n\t\t\t\t<\/div>\n<p>&nbsp;<\/p>\n<p>&nbsp;<\/p>\n","protected":false},"excerpt":{"rendered":"<p>4,5 hektarowy teren zielony z drzewami powstanie mi\u0119dzy ulicami Kukuczki i K\u0142odzk\u0105. To odpowiedz magistratu na liczne pro\u015bby mieszka\u0144c\u00f3w po\u0142udniowej cz\u0119\u015bci Gaju dotycz\u0105ce budowy parku w tym rejonie osiedla. [Artyku\u0142 z Gazety Wroc\u0142awskiej]<\/p>\n","protected":false},"author":1,"featured_media":7376,"comment_status":"open","ping_status":"open","sticky":false,"template":"","format":"standard","meta":{"footnotes":""},"categories":[14],"tags":[744,112,249,242,235,743,443,745,135,746],"class_list":["post-7370","post","type-post","status-publish","format-standard","has-post-thumbnail","hentry","category-aktualnosci","tag-budowa-parku","tag-gaj","tag-inwestycja","tag-kukuczki","tag-klodzka","tag-nasyp-kolejowy","tag-park","tag-park-na-poludniu-gaju","tag-rada-osiedla-gaj","tag-zzm"],"_links":{"self":[{"href":"https:\/\/online.tvk-gaj.pl\/index.php?rest_route=\/wp\/v2\/posts\/7370","targetHints":{"allow":["GET"]}}],"collection":[{"href":"https:\/\/online.tvk-gaj.pl\/index.php?rest_route=\/wp\/v2\/posts"}],"about":[{"href":"https:\/\/online.tvk-gaj.pl\/index.php?rest_route=\/wp\/v2\/types\/post"}],"author":[{"embeddable":true,"href":"https:\/\/online.tvk-gaj.pl\/index.php?rest_route=\/wp\/v2\/users\/1"}],"replies":[{"embeddable":true,"href":"https:\/\/online.tvk-gaj.pl\/index.php?rest_route=%2Fwp%2Fv2%2Fcomments&post=7370"}],"version-history":[{"count":3,"href":"https:\/\/online.tvk-gaj.pl\/index.php?rest_route=\/wp\/v2\/posts\/7370\/revisions"}],"predecessor-version":[{"id":8017,"href":"https:\/\/online.tvk-gaj.pl\/index.php?rest_route=\/wp\/v2\/posts\/7370\/revisions\/8017"}],"wp:featuredmedia":[{"embeddable":true,"href":"https:\/\/online.tvk-gaj.pl\/index.php?rest_route=\/wp\/v2\/media\/7376"}],"wp:attachment":[{"href":"https:\/\/online.tvk-gaj.pl\/index.php?rest_route=%2Fwp%2Fv2%2Fmedia&parent=7370"}],"wp:term":[{"taxonomy":"category","embeddable":true,"href":"https:\/\/online.tvk-gaj.pl\/index.php?rest_route=%2Fwp%2Fv2%2Fcategories&post=7370"},{"taxonomy":"post_tag","embeddable":true,"href":"https:\/\/online.tvk-gaj.pl\/index.php?rest_route=%2Fwp%2Fv2%2Ftags&post=7370"}],"curies":[{"name":"wp","href":"https:\/\/api.w.org\/{rel}","templated":true}]}}