{"id":7377,"date":"2016-07-25T11:10:51","date_gmt":"2016-07-25T09:10:51","guid":{"rendered":"http:\/\/www.tvk-gaj.pl\/~gajonline\/?p=7377"},"modified":"2016-09-06T21:04:36","modified_gmt":"2016-09-06T19:04:36","slug":"relacja-z-weekendu-esk-na-gaju-23-24-lipca","status":"publish","type":"post","link":"https:\/\/online.tvk-gaj.pl\/?p=7377","title":{"rendered":"Relacja z weekendu ESK na Gaju 23-24 lipca"},"content":{"rendered":"<p>Zapraszamy do lektury relacji z weekend 23-24 lipca na plenerowej scenie Europejskiej Stolicy Kultury na Gaju.<!--more--><\/p>\n<p>&nbsp;<\/p>\n<p>Mijaj\u0105cy weekend w Parku ESK na Gaju obfitowa\u0142 w wiele rado\u015bci i zabawy. By\u0142y gry, zawody sportowe, malowanie, \u015bpiewanie, opowiadanie bajek dla dzieci i wsp\u00f3lne ta\u0144ce na scenie!<\/p>\n<p>Pogoda by\u0142a pi\u0119kna, frekwencja dopisa\u0142a &#8211; to by\u0142 naprawd\u0119 udany, letni weekend:)<\/p>\n<p>&nbsp;<\/p>\n<p><a href=\"http:\/\/www.tvk-gaj.pl\/~gajonline\/wp-content\/uploads\/2016\/07\/do-wysy\u0142ki3-1.jpg\"><img loading=\"lazy\" decoding=\"async\" class=\"aligncenter size-large wp-image-7380\" src=\"http:\/\/www.tvk-gaj.pl\/~gajonline\/wp-content\/uploads\/2016\/07\/do-wysy\u0142ki3-1-1024x577.jpg\" alt=\"do wysy\u0142ki3\" width=\"838\" height=\"472\" srcset=\"https:\/\/online.tvk-gaj.pl\/wp-content\/uploads\/2016\/07\/do-wysy\u0142ki3-1-1024x577.jpg 1024w, https:\/\/online.tvk-gaj.pl\/wp-content\/uploads\/2016\/07\/do-wysy\u0142ki3-1-300x169.jpg 300w, https:\/\/online.tvk-gaj.pl\/wp-content\/uploads\/2016\/07\/do-wysy\u0142ki3-1-768x433.jpg 768w\" sizes=\"auto, (max-width: 838px) 100vw, 838px\" \/><\/a><\/p>\n<p>&nbsp;<\/p>\n<p><a href=\"http:\/\/www.tvk-gaj.pl\/~gajonline\/wp-content\/uploads\/2016\/07\/do-wysy\u0142ki4.jpg\"><img loading=\"lazy\" decoding=\"async\" class=\"aligncenter size-large wp-image-7381\" src=\"http:\/\/www.tvk-gaj.pl\/~gajonline\/wp-content\/uploads\/2016\/07\/do-wysy\u0142ki4-1024x577.jpg\" alt=\"do wysy\u0142ki4\" width=\"838\" height=\"472\" srcset=\"https:\/\/online.tvk-gaj.pl\/wp-content\/uploads\/2016\/07\/do-wysy\u0142ki4-1024x577.jpg 1024w, https:\/\/online.tvk-gaj.pl\/wp-content\/uploads\/2016\/07\/do-wysy\u0142ki4-300x169.jpg 300w, https:\/\/online.tvk-gaj.pl\/wp-content\/uploads\/2016\/07\/do-wysy\u0142ki4-768x433.jpg 768w\" sizes=\"auto, (max-width: 838px) 100vw, 838px\" \/><\/a><\/p>\n<p>&nbsp;<\/p>\n<p><a href=\"http:\/\/www.tvk-gaj.pl\/~gajonline\/wp-content\/uploads\/2016\/07\/do-wysy\u0142ki2.jpg\"><img loading=\"lazy\" decoding=\"async\" class=\"aligncenter size-large wp-image-7382\" src=\"http:\/\/www.tvk-gaj.pl\/~gajonline\/wp-content\/uploads\/2016\/07\/do-wysy\u0142ki2-1024x577.jpg\" alt=\"do wysy\u0142ki2\" width=\"838\" height=\"472\" srcset=\"https:\/\/online.tvk-gaj.pl\/wp-content\/uploads\/2016\/07\/do-wysy\u0142ki2-1024x577.jpg 1024w, https:\/\/online.tvk-gaj.pl\/wp-content\/uploads\/2016\/07\/do-wysy\u0142ki2-300x169.jpg 300w, https:\/\/online.tvk-gaj.pl\/wp-content\/uploads\/2016\/07\/do-wysy\u0142ki2-768x433.jpg 768w\" sizes=\"auto, (max-width: 838px) 100vw, 838px\" \/><\/a><\/p>\n<p>&nbsp;<\/p>\n<p><a href=\"http:\/\/www.tvk-gaj.pl\/~gajonline\/wp-content\/uploads\/2016\/07\/do-wysy\u0142ki1.jpg\"><img loading=\"lazy\" decoding=\"async\" class=\"aligncenter size-large wp-image-7383\" src=\"http:\/\/www.tvk-gaj.pl\/~gajonline\/wp-content\/uploads\/2016\/07\/do-wysy\u0142ki1-1024x577.jpg\" alt=\"do wysy\u0142ki1\" width=\"838\" height=\"472\" srcset=\"https:\/\/online.tvk-gaj.pl\/wp-content\/uploads\/2016\/07\/do-wysy\u0142ki1-1024x577.jpg 1024w, https:\/\/online.tvk-gaj.pl\/wp-content\/uploads\/2016\/07\/do-wysy\u0142ki1-300x169.jpg 300w, https:\/\/online.tvk-gaj.pl\/wp-content\/uploads\/2016\/07\/do-wysy\u0142ki1-768x433.jpg 768w\" sizes=\"auto, (max-width: 838px) 100vw, 838px\" \/><\/a><\/p>\n<p>&nbsp;<\/p>\n<p>&nbsp;<\/p>\n<p>&nbsp;<\/p>\n<p><strong>Na kolejne atrakcje z Europejsk\u0105 Stolic\u0105 <\/strong><strong>Kultury Wroc\u0142aw 2016 na Gaju zapraszamy w nast\u0119pny weekend do Parku S\u0142onecznego na Gaju!\u00a0<\/strong><\/p>\n<p>&nbsp;<\/p>\n","protected":false},"excerpt":{"rendered":"<p>Zapraszamy do lektury relacji z weekend 23-24 lipca na plenerowej scenie Europejskiej Stolicy Kultury na Gaju.<\/p>\n","protected":false},"author":1,"featured_media":7378,"comment_status":"open","ping_status":"open","sticky":false,"template":"","format":"standard","meta":{"footnotes":""},"categories":[630],"tags":[632,685,747,166,128,664,135,294,649,650],"class_list":["post-7377","post","type-post","status-publish","format-standard","has-post-thumbnail","hentry","category-esk-2016","tag-esk","tag-esk-na-gaju","tag-europejska-stolica-kultury-wroclaw-2016-na-gaju","tag-osiedle-gaj","tag-park-sloneczny","tag-pawilon-kultury","tag-rada-osiedla-gaj","tag-relacja","tag-scena-esk","tag-zdjecia"],"_links":{"self":[{"href":"https:\/\/online.tvk-gaj.pl\/index.php?rest_route=\/wp\/v2\/posts\/7377","targetHints":{"allow":["GET"]}}],"collection":[{"href":"https:\/\/online.tvk-gaj.pl\/index.php?rest_route=\/wp\/v2\/posts"}],"about":[{"href":"https:\/\/online.tvk-gaj.pl\/index.php?rest_route=\/wp\/v2\/types\/post"}],"author":[{"embeddable":true,"href":"https:\/\/online.tvk-gaj.pl\/index.php?rest_route=\/wp\/v2\/users\/1"}],"replies":[{"embeddable":true,"href":"https:\/\/online.tvk-gaj.pl\/index.php?rest_route=%2Fwp%2Fv2%2Fcomments&post=7377"}],"version-history":[{"count":2,"href":"https:\/\/online.tvk-gaj.pl\/index.php?rest_route=\/wp\/v2\/posts\/7377\/revisions"}],"predecessor-version":[{"id":7385,"href":"https:\/\/online.tvk-gaj.pl\/index.php?rest_route=\/wp\/v2\/posts\/7377\/revisions\/7385"}],"wp:featuredmedia":[{"embeddable":true,"href":"https:\/\/online.tvk-gaj.pl\/index.php?rest_route=\/wp\/v2\/media\/7378"}],"wp:attachment":[{"href":"https:\/\/online.tvk-gaj.pl\/index.php?rest_route=%2Fwp%2Fv2%2Fmedia&parent=7377"}],"wp:term":[{"taxonomy":"category","embeddable":true,"href":"https:\/\/online.tvk-gaj.pl\/index.php?rest_route=%2Fwp%2Fv2%2Fcategories&post=7377"},{"taxonomy":"post_tag","embeddable":true,"href":"https:\/\/online.tvk-gaj.pl\/index.php?rest_route=%2Fwp%2Fv2%2Ftags&post=7377"}],"curies":[{"name":"wp","href":"https:\/\/api.w.org\/{rel}","templated":true}]}}