{"id":7419,"date":"2016-08-01T10:15:54","date_gmt":"2016-08-01T08:15:54","guid":{"rendered":"http:\/\/www.tvk-gaj.pl\/~gajonline\/?p=7419"},"modified":"2016-09-20T18:21:06","modified_gmt":"2016-09-20T16:21:06","slug":"plan-spotkan-klubu-seniora-na-sierpien","status":"publish","type":"post","link":"https:\/\/online.tvk-gaj.pl\/?p=7419","title":{"rendered":"Plan spotka\u0144 Klubu Seniora na sierpie\u0144"},"content":{"rendered":"<p>Serdecznie zapraszamy wszystkich senior\u00f3w z osiedla do Klubu Seniora dzia\u0142aj\u0105cego przy Radzie Osiedla Gaj! Prezentujemy plan spotka\u0144 na sierpie\u0144.<!--more--><\/p>\n<p><strong><br \/>\nPlan spotka\u0144 Klubu Seniora na Gaju na\u00a0sierpie\u0144<\/strong><\/p>\n<p>W programie m.in.: warsztaty r\u0119kodzielnicze, gra w bingo, wyj\u015bcie na wystaw\u0119.<\/p>\n<p>&nbsp;<\/p>\n<p><a href=\"http:\/\/www.tvk-gaj.pl\/~gajonline\/wp-content\/uploads\/2016\/07\/plakat-I-HARMONOGRAM-NA-sierpie\u0144.jpg\"><img loading=\"lazy\" decoding=\"async\" class=\"aligncenter size-large wp-image-7421\" src=\"http:\/\/www.tvk-gaj.pl\/~gajonline\/wp-content\/uploads\/2016\/07\/plakat-I-HARMONOGRAM-NA-sierpie\u0144-724x1024.jpg\" alt=\"plakat I HARMONOGRAM NA sierpie\u0144\" width=\"724\" height=\"1024\" srcset=\"https:\/\/online.tvk-gaj.pl\/wp-content\/uploads\/2016\/07\/plakat-I-HARMONOGRAM-NA-sierpie\u0144-724x1024.jpg 724w, https:\/\/online.tvk-gaj.pl\/wp-content\/uploads\/2016\/07\/plakat-I-HARMONOGRAM-NA-sierpie\u0144-212x300.jpg 212w, https:\/\/online.tvk-gaj.pl\/wp-content\/uploads\/2016\/07\/plakat-I-HARMONOGRAM-NA-sierpie\u0144-768x1086.jpg 768w\" sizes=\"auto, (max-width: 724px) 100vw, 724px\" \/><\/a><\/p>\n<p>&nbsp;<\/p>\n<p>&nbsp;<\/p>\n<p><strong>Spotkania od lipca odbywaj\u0105 si\u0119 w nowej siedzibie Klubu przy ul. Krynickiej 51 (teren Przychodni Zdrowia) \u00a0w nowym terminie &#8211; w ka\u017cdy wtorek w godzinach 17-19!<\/strong><\/p>\n<p>&nbsp;<\/p>\n<p>&nbsp;<\/p>\n","protected":false},"excerpt":{"rendered":"<p>Serdecznie zapraszamy wszystkich senior\u00f3w z osiedla do Klubu Seniora dzia\u0142aj\u0105cego przy Radzie Osiedla Gaj! Prezentujemy plan spotka\u0144 na sierpie\u0144.<\/p>\n","protected":false},"author":1,"featured_media":7421,"comment_status":"open","ping_status":"open","sticky":false,"template":"","format":"standard","meta":{"footnotes":""},"categories":[441],"tags":[669,112,587,485,431,421,475,135,152,753],"class_list":["post-7419","post","type-post","status-publish","format-standard","has-post-thumbnail","hentry","category-klub","tag-anna-galuszka","tag-gaj","tag-grafik","tag-harmonogram","tag-klub-seniora","tag-klub-seniora-na-gaju","tag-plan","tag-rada-osiedla-gaj","tag-seniorzy","tag-sierpien"],"_links":{"self":[{"href":"https:\/\/online.tvk-gaj.pl\/index.php?rest_route=\/wp\/v2\/posts\/7419","targetHints":{"allow":["GET"]}}],"collection":[{"href":"https:\/\/online.tvk-gaj.pl\/index.php?rest_route=\/wp\/v2\/posts"}],"about":[{"href":"https:\/\/online.tvk-gaj.pl\/index.php?rest_route=\/wp\/v2\/types\/post"}],"author":[{"embeddable":true,"href":"https:\/\/online.tvk-gaj.pl\/index.php?rest_route=\/wp\/v2\/users\/1"}],"replies":[{"embeddable":true,"href":"https:\/\/online.tvk-gaj.pl\/index.php?rest_route=%2Fwp%2Fv2%2Fcomments&post=7419"}],"version-history":[{"count":3,"href":"https:\/\/online.tvk-gaj.pl\/index.php?rest_route=\/wp\/v2\/posts\/7419\/revisions"}],"predecessor-version":[{"id":7992,"href":"https:\/\/online.tvk-gaj.pl\/index.php?rest_route=\/wp\/v2\/posts\/7419\/revisions\/7992"}],"wp:featuredmedia":[{"embeddable":true,"href":"https:\/\/online.tvk-gaj.pl\/index.php?rest_route=\/wp\/v2\/media\/7421"}],"wp:attachment":[{"href":"https:\/\/online.tvk-gaj.pl\/index.php?rest_route=%2Fwp%2Fv2%2Fmedia&parent=7419"}],"wp:term":[{"taxonomy":"category","embeddable":true,"href":"https:\/\/online.tvk-gaj.pl\/index.php?rest_route=%2Fwp%2Fv2%2Fcategories&post=7419"},{"taxonomy":"post_tag","embeddable":true,"href":"https:\/\/online.tvk-gaj.pl\/index.php?rest_route=%2Fwp%2Fv2%2Ftags&post=7419"}],"curies":[{"name":"wp","href":"https:\/\/api.w.org\/{rel}","templated":true}]}}