{"id":7548,"date":"2016-08-01T15:34:37","date_gmt":"2016-08-01T13:34:37","guid":{"rendered":"http:\/\/www.tvk-gaj.pl\/~gajonline\/?p=7548"},"modified":"2016-08-01T15:39:47","modified_gmt":"2016-08-01T13:39:47","slug":"relacja-z-weekendu-esk-na-gaju-30-31-lipca","status":"publish","type":"post","link":"https:\/\/online.tvk-gaj.pl\/?p=7548","title":{"rendered":"Relacja z weekendu ESK na Gaju 30-31 lipca"},"content":{"rendered":"<p>Za nami kolejny udany weekend w Parku Europejskiej Stolicy Kultury Wroc\u0142aw 2016 na Gaju. By\u0142o du\u017co rado\u015bci, du\u017co aktywno\u015bci i naprawd\u0119 du\u017co dobrej zabawy! Zapraszamy do fotorelacji z weekendu z ESK w Parku S\u0142onecznym na Gaju.<!--more--><\/p>\n<p><strong><span style=\"text-decoration: underline;\"><br \/>\nZapraszamy do kr\u00f3tkiej fotorelacji z weekendu na plenerowej scenie ESK!<\/span><\/strong><\/p>\n<p>&nbsp;<\/p>\n<p><strong>Prawdziw\u0105 atrakcja dla najm\u0142odszych by\u0142a gra przy pomocy tzw. chusty klanza. Zadaniem uczestnik\u00f3w by\u0142o wsp\u00f3lne trafienie pi\u0142eczk\u0105 do otworu na \u015brodku chusty. Wydaj\u0119 si\u0119 proste? W takim razie nigdy nie grali\u015bcie w t\u0119 gr\u0119;)<\/strong><\/p>\n<p>&nbsp;<\/p>\n<p><a href=\"http:\/\/www.tvk-gaj.pl\/~gajonline\/wp-content\/uploads\/2016\/08\/2016-07-30-17.47.21-3.jpg\"><img loading=\"lazy\" decoding=\"async\" class=\"aligncenter size-large wp-image-7561\" src=\"http:\/\/www.tvk-gaj.pl\/~gajonline\/wp-content\/uploads\/2016\/08\/2016-07-30-17.47.21-3-1024x768.jpg\" alt=\"2016-07-30 17.47.21\" width=\"838\" height=\"629\" srcset=\"https:\/\/online.tvk-gaj.pl\/wp-content\/uploads\/2016\/08\/2016-07-30-17.47.21-3-1024x768.jpg 1024w, https:\/\/online.tvk-gaj.pl\/wp-content\/uploads\/2016\/08\/2016-07-30-17.47.21-3-300x225.jpg 300w, https:\/\/online.tvk-gaj.pl\/wp-content\/uploads\/2016\/08\/2016-07-30-17.47.21-3-768x576.jpg 768w\" sizes=\"auto, (max-width: 838px) 100vw, 838px\" \/><\/a><\/p>\n<p><a href=\"http:\/\/www.tvk-gaj.pl\/~gajonline\/wp-content\/uploads\/2016\/08\/2016-07-30-17.47.29.jpg\"><img loading=\"lazy\" decoding=\"async\" class=\"aligncenter size-large wp-image-7562\" src=\"http:\/\/www.tvk-gaj.pl\/~gajonline\/wp-content\/uploads\/2016\/08\/2016-07-30-17.47.29-1024x768.jpg\" alt=\"2016-07-30 17.47.29\" width=\"838\" height=\"629\" srcset=\"https:\/\/online.tvk-gaj.pl\/wp-content\/uploads\/2016\/08\/2016-07-30-17.47.29-1024x768.jpg 1024w, https:\/\/online.tvk-gaj.pl\/wp-content\/uploads\/2016\/08\/2016-07-30-17.47.29-300x225.jpg 300w, https:\/\/online.tvk-gaj.pl\/wp-content\/uploads\/2016\/08\/2016-07-30-17.47.29-768x576.jpg 768w\" sizes=\"auto, (max-width: 838px) 100vw, 838px\" \/><\/a><\/p>\n<p>&nbsp;<\/p>\n<p><strong>Kolejn\u0105 atrakcj\u0105 przygotowan\u0105 dla najm\u0142odszych by\u0142o wsp\u00f3lne zrobienie pami\u0105tkowej tablicy z odciskami d\u0142oni uczestnik\u00f3w zabaw podczas ESK 30 sierpnia<\/strong><\/p>\n<p>&nbsp;<\/p>\n<p><a href=\"http:\/\/www.tvk-gaj.pl\/~gajonline\/wp-content\/uploads\/2016\/08\/2016-07-30-19.06.41.jpg\"><img loading=\"lazy\" decoding=\"async\" class=\"aligncenter size-large wp-image-7563\" src=\"http:\/\/www.tvk-gaj.pl\/~gajonline\/wp-content\/uploads\/2016\/08\/2016-07-30-19.06.41-1024x768.jpg\" alt=\"2016-07-30 19.06.41\" width=\"838\" height=\"629\" srcset=\"https:\/\/online.tvk-gaj.pl\/wp-content\/uploads\/2016\/08\/2016-07-30-19.06.41-1024x768.jpg 1024w, https:\/\/online.tvk-gaj.pl\/wp-content\/uploads\/2016\/08\/2016-07-30-19.06.41-300x225.jpg 300w, https:\/\/online.tvk-gaj.pl\/wp-content\/uploads\/2016\/08\/2016-07-30-19.06.41-768x576.jpg 768w\" sizes=\"auto, (max-width: 838px) 100vw, 838px\" \/><\/a><\/p>\n<p><a href=\"http:\/\/www.tvk-gaj.pl\/~gajonline\/wp-content\/uploads\/2016\/08\/2016-07-30-19.23.58.jpg\"><img loading=\"lazy\" decoding=\"async\" class=\"aligncenter size-large wp-image-7564\" src=\"http:\/\/www.tvk-gaj.pl\/~gajonline\/wp-content\/uploads\/2016\/08\/2016-07-30-19.23.58-1024x768.jpg\" alt=\"2016-07-30 19.23.58\" width=\"838\" height=\"629\" srcset=\"https:\/\/online.tvk-gaj.pl\/wp-content\/uploads\/2016\/08\/2016-07-30-19.23.58-1024x768.jpg 1024w, https:\/\/online.tvk-gaj.pl\/wp-content\/uploads\/2016\/08\/2016-07-30-19.23.58-300x225.jpg 300w, https:\/\/online.tvk-gaj.pl\/wp-content\/uploads\/2016\/08\/2016-07-30-19.23.58-768x576.jpg 768w\" sizes=\"auto, (max-width: 838px) 100vw, 838px\" \/><\/a><\/p>\n<p>&nbsp;<\/p>\n<p><strong>Oczywi\u015bcie podczas weekendu nie mog\u0142o zabrakn\u0105\u0107 gier i zabaw! By\u0142y wi\u0119c klasyki &#8211; m.in. ciuciubabka i kolory!<\/strong><br \/>\n<a href=\"http:\/\/www.tvk-gaj.pl\/~gajonline\/wp-content\/uploads\/2016\/08\/2016-07-30-18.13.54.jpg\"><img loading=\"lazy\" decoding=\"async\" class=\"aligncenter size-large wp-image-7565\" src=\"http:\/\/www.tvk-gaj.pl\/~gajonline\/wp-content\/uploads\/2016\/08\/2016-07-30-18.13.54-1024x768.jpg\" alt=\"2016-07-30 18.13.54\" width=\"838\" height=\"629\" srcset=\"https:\/\/online.tvk-gaj.pl\/wp-content\/uploads\/2016\/08\/2016-07-30-18.13.54-1024x768.jpg 1024w, https:\/\/online.tvk-gaj.pl\/wp-content\/uploads\/2016\/08\/2016-07-30-18.13.54-300x225.jpg 300w, https:\/\/online.tvk-gaj.pl\/wp-content\/uploads\/2016\/08\/2016-07-30-18.13.54-768x576.jpg 768w\" sizes=\"auto, (max-width: 838px) 100vw, 838px\" \/><\/a><\/p>\n<p><a href=\"http:\/\/www.tvk-gaj.pl\/~gajonline\/wp-content\/uploads\/2016\/08\/2016-07-30-17.55.24.jpg\"><img loading=\"lazy\" decoding=\"async\" class=\"aligncenter size-large wp-image-7566\" src=\"http:\/\/www.tvk-gaj.pl\/~gajonline\/wp-content\/uploads\/2016\/08\/2016-07-30-17.55.24-1024x768.jpg\" alt=\"2016-07-30 17.55.24\" width=\"838\" height=\"629\" srcset=\"https:\/\/online.tvk-gaj.pl\/wp-content\/uploads\/2016\/08\/2016-07-30-17.55.24-1024x768.jpg 1024w, https:\/\/online.tvk-gaj.pl\/wp-content\/uploads\/2016\/08\/2016-07-30-17.55.24-300x225.jpg 300w, https:\/\/online.tvk-gaj.pl\/wp-content\/uploads\/2016\/08\/2016-07-30-17.55.24-768x576.jpg 768w\" sizes=\"auto, (max-width: 838px) 100vw, 838px\" \/><\/a><\/p>\n<p>&nbsp;<\/p>\n<p><strong>Organizatorzy zadbali r\u00f3wnie\u017c o zdrowie &#8211; pojawi\u0142a si\u0119 gimnastyka oraz \u0107wiczenia ruchowe. Mo\u017cna by\u0142o si\u0119 nie\u017ale spoci\u0107:)\u00a0<\/strong><\/p>\n<p>&nbsp;<\/p>\n<p><a href=\"http:\/\/www.tvk-gaj.pl\/~gajonline\/wp-content\/uploads\/2016\/08\/2016-07-30-16.19.35.jpg\"><img loading=\"lazy\" decoding=\"async\" class=\"aligncenter size-large wp-image-7567\" src=\"http:\/\/www.tvk-gaj.pl\/~gajonline\/wp-content\/uploads\/2016\/08\/2016-07-30-16.19.35-1024x768.jpg\" alt=\"2016-07-30 16.19.35\" width=\"838\" height=\"629\" srcset=\"https:\/\/online.tvk-gaj.pl\/wp-content\/uploads\/2016\/08\/2016-07-30-16.19.35-1024x768.jpg 1024w, https:\/\/online.tvk-gaj.pl\/wp-content\/uploads\/2016\/08\/2016-07-30-16.19.35-300x225.jpg 300w, https:\/\/online.tvk-gaj.pl\/wp-content\/uploads\/2016\/08\/2016-07-30-16.19.35-768x576.jpg 768w\" sizes=\"auto, (max-width: 838px) 100vw, 838px\" \/><\/a><\/p>\n<p><a href=\"http:\/\/www.tvk-gaj.pl\/~gajonline\/wp-content\/uploads\/2016\/08\/DSCN6112.jpg\"><img loading=\"lazy\" decoding=\"async\" class=\"aligncenter size-large wp-image-7571\" src=\"http:\/\/www.tvk-gaj.pl\/~gajonline\/wp-content\/uploads\/2016\/08\/DSCN6112-1024x768.jpg\" alt=\"DSCN6112\" width=\"838\" height=\"629\" srcset=\"https:\/\/online.tvk-gaj.pl\/wp-content\/uploads\/2016\/08\/DSCN6112-1024x768.jpg 1024w, https:\/\/online.tvk-gaj.pl\/wp-content\/uploads\/2016\/08\/DSCN6112-300x225.jpg 300w, https:\/\/online.tvk-gaj.pl\/wp-content\/uploads\/2016\/08\/DSCN6112-768x576.jpg 768w, https:\/\/online.tvk-gaj.pl\/wp-content\/uploads\/2016\/08\/DSCN6112.jpg 1300w\" sizes=\"auto, (max-width: 838px) 100vw, 838px\" \/><\/a><\/p>\n<p>&nbsp;<\/p>\n<p><strong>W zwi\u0105zku z prezentacj\u0105 na GajOnline galerii zdj\u0119\u0107 zwierz\u0105t z terenu Gaju nasi najm\u0142odsi przygotowali w\u0142asne prace artystyczne po\u015bwi\u0119cone zwierz\u0119tom (ptakom), kt\u00f3re mo\u017cemy spotka\u0107 na osiedlu! Technika &#8211; rysowanie:) Fina\u0142em zabawy by\u0142o wy\u0142onienie zwyci\u0119skiej pracy (g\u0142osowali zgromadzeni widzowie) oraz rozdanie nagr\u00f3d dla autor\u00f3w zwyci\u0119skich prac!<\/strong><\/p>\n<p>&nbsp;<\/p>\n<p><a href=\"http:\/\/www.tvk-gaj.pl\/~gajonline\/wp-content\/uploads\/2016\/08\/2016-07-30-17.01.27-HDR.jpg\"><img loading=\"lazy\" decoding=\"async\" class=\"aligncenter size-large wp-image-7568\" src=\"http:\/\/www.tvk-gaj.pl\/~gajonline\/wp-content\/uploads\/2016\/08\/2016-07-30-17.01.27-HDR-1024x768.jpg\" alt=\"2016-07-30 17.01.27 HDR\" width=\"838\" height=\"629\" srcset=\"https:\/\/online.tvk-gaj.pl\/wp-content\/uploads\/2016\/08\/2016-07-30-17.01.27-HDR-1024x768.jpg 1024w, https:\/\/online.tvk-gaj.pl\/wp-content\/uploads\/2016\/08\/2016-07-30-17.01.27-HDR-300x225.jpg 300w, https:\/\/online.tvk-gaj.pl\/wp-content\/uploads\/2016\/08\/2016-07-30-17.01.27-HDR-768x576.jpg 768w\" sizes=\"auto, (max-width: 838px) 100vw, 838px\" \/><\/a><\/p>\n<p><a href=\"http:\/\/www.tvk-gaj.pl\/~gajonline\/wp-content\/uploads\/2016\/08\/DSCN6139.jpg\"><img loading=\"lazy\" decoding=\"async\" class=\"aligncenter size-large wp-image-7569\" src=\"http:\/\/www.tvk-gaj.pl\/~gajonline\/wp-content\/uploads\/2016\/08\/DSCN6139-1024x768.jpg\" alt=\"DSCN6139\" width=\"838\" height=\"629\" srcset=\"https:\/\/online.tvk-gaj.pl\/wp-content\/uploads\/2016\/08\/DSCN6139-1024x768.jpg 1024w, https:\/\/online.tvk-gaj.pl\/wp-content\/uploads\/2016\/08\/DSCN6139-300x225.jpg 300w, https:\/\/online.tvk-gaj.pl\/wp-content\/uploads\/2016\/08\/DSCN6139-768x576.jpg 768w, https:\/\/online.tvk-gaj.pl\/wp-content\/uploads\/2016\/08\/DSCN6139.jpg 1300w\" sizes=\"auto, (max-width: 838px) 100vw, 838px\" \/><\/a><\/p>\n<p><a href=\"http:\/\/www.tvk-gaj.pl\/~gajonline\/wp-content\/uploads\/2016\/08\/DSCN6143.jpg\"><img loading=\"lazy\" decoding=\"async\" class=\"aligncenter size-large wp-image-7570\" src=\"http:\/\/www.tvk-gaj.pl\/~gajonline\/wp-content\/uploads\/2016\/08\/DSCN6143-1024x768.jpg\" alt=\"DSCN6143\" width=\"838\" height=\"629\" srcset=\"https:\/\/online.tvk-gaj.pl\/wp-content\/uploads\/2016\/08\/DSCN6143-1024x768.jpg 1024w, https:\/\/online.tvk-gaj.pl\/wp-content\/uploads\/2016\/08\/DSCN6143-300x225.jpg 300w, https:\/\/online.tvk-gaj.pl\/wp-content\/uploads\/2016\/08\/DSCN6143-768x576.jpg 768w, https:\/\/online.tvk-gaj.pl\/wp-content\/uploads\/2016\/08\/DSCN6143.jpg 1300w\" sizes=\"auto, (max-width: 838px) 100vw, 838px\" \/><\/a><\/p>\n<p><a href=\"http:\/\/www.tvk-gaj.pl\/~gajonline\/wp-content\/uploads\/2016\/08\/2016-07-30-19.15.03-1.jpg\"><img loading=\"lazy\" decoding=\"async\" class=\"aligncenter size-large wp-image-7412\" src=\"http:\/\/www.tvk-gaj.pl\/~gajonline\/wp-content\/uploads\/2016\/08\/2016-07-30-19.15.03-1-1024x748.jpg\" alt=\"2016-07-30 19.15.03\" width=\"838\" height=\"612\" srcset=\"https:\/\/online.tvk-gaj.pl\/wp-content\/uploads\/2016\/08\/2016-07-30-19.15.03-1-1024x748.jpg 1024w, https:\/\/online.tvk-gaj.pl\/wp-content\/uploads\/2016\/08\/2016-07-30-19.15.03-1-300x219.jpg 300w, https:\/\/online.tvk-gaj.pl\/wp-content\/uploads\/2016\/08\/2016-07-30-19.15.03-1-768x561.jpg 768w\" sizes=\"auto, (max-width: 838px) 100vw, 838px\" \/><\/a><\/p>\n<p>&nbsp;<\/p>\n<p><strong>Oczywi\u015bcie to nie wszystko co dzia\u0142o si\u0119 podczas tego weekendu! Do dyspozycji uczestnik\u00f3w naszej zabawy by\u0142y liczne gry i zabawy sportowe (m.in. badminton, mini pi\u0142ka no\u017cna), balony ufundowane przez Centrum Handlowe Ferio Gaj oraz punkt &#8222;W\u0119druj\u0105cej ksi\u0105zki&#8221;, czyli osiedlowe miejsce bookcrossingu. Za opraw\u0119 DJsk\u0105 imprezy odpowiada\u0142 cz\u0142owiek legenda &#8211; Pan Andrzej Nawrot.<\/strong><\/p>\n<p>&nbsp;<\/p>\n<p><a href=\"http:\/\/www.tvk-gaj.pl\/~gajonline\/wp-content\/uploads\/2016\/08\/2016-07-30-17.12.03.jpg\"><img loading=\"lazy\" decoding=\"async\" class=\"aligncenter size-large wp-image-7573\" src=\"http:\/\/www.tvk-gaj.pl\/~gajonline\/wp-content\/uploads\/2016\/08\/2016-07-30-17.12.03-1024x768.jpg\" alt=\"2016-07-30 17.12.03\" width=\"838\" height=\"629\" srcset=\"https:\/\/online.tvk-gaj.pl\/wp-content\/uploads\/2016\/08\/2016-07-30-17.12.03-1024x768.jpg 1024w, https:\/\/online.tvk-gaj.pl\/wp-content\/uploads\/2016\/08\/2016-07-30-17.12.03-300x225.jpg 300w, https:\/\/online.tvk-gaj.pl\/wp-content\/uploads\/2016\/08\/2016-07-30-17.12.03-768x576.jpg 768w\" sizes=\"auto, (max-width: 838px) 100vw, 838px\" \/><\/a><\/p>\n<p><a href=\"http:\/\/www.tvk-gaj.pl\/~gajonline\/wp-content\/uploads\/2016\/08\/DSCN6126.jpg\"><img loading=\"lazy\" decoding=\"async\" class=\"aligncenter size-large wp-image-7574\" src=\"http:\/\/www.tvk-gaj.pl\/~gajonline\/wp-content\/uploads\/2016\/08\/DSCN6126-854x1024.jpg\" alt=\"DSCN6126\" width=\"838\" height=\"1005\" srcset=\"https:\/\/online.tvk-gaj.pl\/wp-content\/uploads\/2016\/08\/DSCN6126-854x1024.jpg 854w, https:\/\/online.tvk-gaj.pl\/wp-content\/uploads\/2016\/08\/DSCN6126-250x300.jpg 250w, https:\/\/online.tvk-gaj.pl\/wp-content\/uploads\/2016\/08\/DSCN6126-768x921.jpg 768w, https:\/\/online.tvk-gaj.pl\/wp-content\/uploads\/2016\/08\/DSCN6126.jpg 1084w\" sizes=\"auto, (max-width: 838px) 100vw, 838px\" \/><\/a><\/p>\n<p><a href=\"http:\/\/www.tvk-gaj.pl\/~gajonline\/wp-content\/uploads\/2016\/08\/wcrs2.jpg\"><img loading=\"lazy\" decoding=\"async\" class=\"aligncenter size-large wp-image-7575\" src=\"http:\/\/www.tvk-gaj.pl\/~gajonline\/wp-content\/uploads\/2016\/08\/wcrs2-1024x768.jpg\" alt=\"wcrs2\" width=\"838\" height=\"629\" srcset=\"https:\/\/online.tvk-gaj.pl\/wp-content\/uploads\/2016\/08\/wcrs2-1024x768.jpg 1024w, https:\/\/online.tvk-gaj.pl\/wp-content\/uploads\/2016\/08\/wcrs2-300x225.jpg 300w, https:\/\/online.tvk-gaj.pl\/wp-content\/uploads\/2016\/08\/wcrs2-768x576.jpg 768w, https:\/\/online.tvk-gaj.pl\/wp-content\/uploads\/2016\/08\/wcrs2.jpg 1300w\" sizes=\"auto, (max-width: 838px) 100vw, 838px\" \/><\/a><\/p>\n<p><a href=\"http:\/\/www.tvk-gaj.pl\/~gajonline\/wp-content\/uploads\/2016\/08\/2016-07-30-14.00.34-1.jpg\"><img loading=\"lazy\" decoding=\"async\" class=\"aligncenter size-large wp-image-7577\" src=\"http:\/\/www.tvk-gaj.pl\/~gajonline\/wp-content\/uploads\/2016\/08\/2016-07-30-14.00.34-1-768x1024.jpg\" alt=\"2016-07-30 14.00.34\" width=\"768\" height=\"1024\" srcset=\"https:\/\/online.tvk-gaj.pl\/wp-content\/uploads\/2016\/08\/2016-07-30-14.00.34-1-768x1024.jpg 768w, https:\/\/online.tvk-gaj.pl\/wp-content\/uploads\/2016\/08\/2016-07-30-14.00.34-1-225x300.jpg 225w\" sizes=\"auto, (max-width: 768px) 100vw, 768px\" \/><\/a><\/p>\n<p>&nbsp;<\/p>\n<p>&nbsp;<\/p>\n<p><strong>Wszystkim uczestnikom zabawy na plenerowej scenie ESK na Gaju serdecznie dzi\u0119kujemy za fantastycznie sp\u0119dzony czas<\/strong><strong>, niesamowit\u0105 energi\u0119 oraz moc u\u015bmiech\u00f3w pozostawionych w Parku S\u0142onecznym!\u00a0<\/strong><\/p>\n<p>&nbsp;<\/p>\n<p><strong>Pe\u0142na galeria zdj\u0119\u0107 z weekendu ESK na Gaju 30-31.07.2016<\/strong><\/p>\n<p><img decoding=\"async\" class=\"ngg_displayed_gallery mceItem\" src=\"http:\/\/www.tvk-gaj.pl\/~gajonline\/index.php\/nextgen-attach_to_post\/preview\/id--7557\" data-mce-placeholder=\"1\" \/><\/p>\n<p>&nbsp;<\/p>\n<p>&nbsp;<\/p>\n<p><strong>Na kolejne atrakcje z Europejsk\u0105 Stolic\u0105 <\/strong><strong>Kultury Wroc\u0142aw 2016 na Gaju zapraszamy ju\u017c w nast\u0119pny weekend do Parku S\u0142onecznego na Gaju!\u00a0<\/strong><\/p>\n<p>&nbsp;<\/p>\n","protected":false},"excerpt":{"rendered":"<p>Za nami kolejny udany weekend w Parku Europejskiej Stolicy Kultury Wroc\u0142aw 2016 na Gaju. By\u0142o du\u017co rado\u015bci, du\u017co aktywno\u015bci i naprawd\u0119 du\u017co dobrej zabawy! Zapraszamy do fotorelacji z weekendu z ESK w Parku S\u0142onecznym na Gaju.<\/p>\n","protected":false},"author":1,"featured_media":7560,"comment_status":"open","ping_status":"open","sticky":false,"template":"","format":"standard","meta":{"footnotes":""},"categories":[14,630],"tags":[400,632,685,754,642,112,295,757,166,756,664,755,135,294,634,331],"class_list":["post-7548","post","type-post","status-publish","format-standard","has-post-thumbnail","hentry","category-aktualnosci","category-esk-2016","tag-dzieci","tag-esk","tag-esk-na-gaju","tag-esk-wroclaw","tag-europejska-stolica-kultury-wroclaw-2016","tag-gaj","tag-galeria-zdjec","tag-karolina-borowiecka","tag-osiedle-gaj","tag-park-sloneczny-na-gaju","tag-pawilon-kultury","tag-plenerowa-scena-esk","tag-rada-osiedla-gaj","tag-relacja","tag-scena","tag-zabawa"],"_links":{"self":[{"href":"https:\/\/online.tvk-gaj.pl\/index.php?rest_route=\/wp\/v2\/posts\/7548","targetHints":{"allow":["GET"]}}],"collection":[{"href":"https:\/\/online.tvk-gaj.pl\/index.php?rest_route=\/wp\/v2\/posts"}],"about":[{"href":"https:\/\/online.tvk-gaj.pl\/index.php?rest_route=\/wp\/v2\/types\/post"}],"author":[{"embeddable":true,"href":"https:\/\/online.tvk-gaj.pl\/index.php?rest_route=\/wp\/v2\/users\/1"}],"replies":[{"embeddable":true,"href":"https:\/\/online.tvk-gaj.pl\/index.php?rest_route=%2Fwp%2Fv2%2Fcomments&post=7548"}],"version-history":[{"count":5,"href":"https:\/\/online.tvk-gaj.pl\/index.php?rest_route=\/wp\/v2\/posts\/7548\/revisions"}],"predecessor-version":[{"id":7581,"href":"https:\/\/online.tvk-gaj.pl\/index.php?rest_route=\/wp\/v2\/posts\/7548\/revisions\/7581"}],"wp:featuredmedia":[{"embeddable":true,"href":"https:\/\/online.tvk-gaj.pl\/index.php?rest_route=\/wp\/v2\/media\/7560"}],"wp:attachment":[{"href":"https:\/\/online.tvk-gaj.pl\/index.php?rest_route=%2Fwp%2Fv2%2Fmedia&parent=7548"}],"wp:term":[{"taxonomy":"category","embeddable":true,"href":"https:\/\/online.tvk-gaj.pl\/index.php?rest_route=%2Fwp%2Fv2%2Fcategories&post=7548"},{"taxonomy":"post_tag","embeddable":true,"href":"https:\/\/online.tvk-gaj.pl\/index.php?rest_route=%2Fwp%2Fv2%2Ftags&post=7548"}],"curies":[{"name":"wp","href":"https:\/\/api.w.org\/{rel}","templated":true}]}}