{"id":7585,"date":"2016-08-15T10:03:59","date_gmt":"2016-08-15T08:03:59","guid":{"rendered":"http:\/\/www.tvk-gaj.pl\/~gajonline\/?p=7585"},"modified":"2016-09-09T16:45:08","modified_gmt":"2016-09-09T14:45:08","slug":"relacja-z-weekendu-esk-na-gaju-13-14-sierpnia","status":"publish","type":"post","link":"https:\/\/online.tvk-gaj.pl\/?p=7585","title":{"rendered":"Relacja z weekendu ESK na Gaju 13-14 sierpnia"},"content":{"rendered":"<p>Zapraszamy do obejrzenia naszej fotorelacji z weekendu z Europejsk\u0105 Stolic\u0105 Kultury Wroc\u0142aw 2016 w Parku S\u0142onecznym na Gaju.<!--more--><\/p>\n<p><strong><span style=\"text-decoration: underline;\"><br \/>\n<\/span><\/strong>Weekendy na deskach plenerowej sceny ESK doczeka\u0142y si\u0119\u00a0sta\u0142ego programu lubianych i ciekawych\u00a0gier i zabaw. By\u0142a wi\u0119c rekreacja ruchowa, malowanie , \u015bpiewanie. Ponadto zorganizowane by\u0142y konkursy (m.in. przeci\u0105gania liny) oraz atrakcje specjalne, takie jak warsztaty tworzenia wielkich baniek mydlanych.<\/p>\n<p>&nbsp;<\/p>\n<p><strong><span style=\"text-decoration: underline;\"><br \/>\nZapraszamy do kr\u00f3tkiej fotorelacji z weekendu na plenerowej scenie ESK!<\/span><\/strong><\/p>\n<p><img decoding=\"async\" class=\"ngg_displayed_gallery mceItem\" src=\"http:\/\/www.tvk-gaj.pl\/~gajonline\/index.php\/nextgen-attach_to_post\/preview\/id--7655\" data-mce-placeholder=\"1\" \/><\/p>\n<p>&nbsp;<\/p>\n<p>&nbsp;<\/p>\n<p>&nbsp;<\/p>\n<p><strong>Na kolejne atrakcje z Europejsk\u0105 Stolic\u0105 <\/strong><strong>Kultury Wroc\u0142aw 2016 na Gaju zapraszamy ju\u017c w nast\u0119pny weekend do Parku S\u0142onecznego na Gaju!\u00a0<\/strong><\/p>\n<p>&nbsp;<\/p>\n<p>&nbsp;<\/p>\n","protected":false},"excerpt":{"rendered":"<p>Zapraszamy do obejrzenia naszej fotorelacji z weekendu z Europejsk\u0105 Stolic\u0105 Kultury Wroc\u0142aw 2016 w Parku S\u0142onecznym na Gaju.<\/p>\n","protected":false},"author":1,"featured_media":7654,"comment_status":"open","ping_status":"open","sticky":false,"template":"","format":"standard","meta":{"footnotes":""},"categories":[630],"tags":[632,685,642,112,647,128,645,135,649,165],"class_list":["post-7585","post","type-post","status-publish","format-standard","has-post-thumbnail","hentry","category-esk-2016","tag-esk","tag-esk-na-gaju","tag-europejska-stolica-kultury-wroclaw-2016","tag-gaj","tag-kultura","tag-park-sloneczny","tag-pawilon-esk","tag-rada-osiedla-gaj","tag-scena-esk","tag-wroclaw"],"_links":{"self":[{"href":"https:\/\/online.tvk-gaj.pl\/index.php?rest_route=\/wp\/v2\/posts\/7585","targetHints":{"allow":["GET"]}}],"collection":[{"href":"https:\/\/online.tvk-gaj.pl\/index.php?rest_route=\/wp\/v2\/posts"}],"about":[{"href":"https:\/\/online.tvk-gaj.pl\/index.php?rest_route=\/wp\/v2\/types\/post"}],"author":[{"embeddable":true,"href":"https:\/\/online.tvk-gaj.pl\/index.php?rest_route=\/wp\/v2\/users\/1"}],"replies":[{"embeddable":true,"href":"https:\/\/online.tvk-gaj.pl\/index.php?rest_route=%2Fwp%2Fv2%2Fcomments&post=7585"}],"version-history":[{"count":3,"href":"https:\/\/online.tvk-gaj.pl\/index.php?rest_route=\/wp\/v2\/posts\/7585\/revisions"}],"predecessor-version":[{"id":7658,"href":"https:\/\/online.tvk-gaj.pl\/index.php?rest_route=\/wp\/v2\/posts\/7585\/revisions\/7658"}],"wp:featuredmedia":[{"embeddable":true,"href":"https:\/\/online.tvk-gaj.pl\/index.php?rest_route=\/wp\/v2\/media\/7654"}],"wp:attachment":[{"href":"https:\/\/online.tvk-gaj.pl\/index.php?rest_route=%2Fwp%2Fv2%2Fmedia&parent=7585"}],"wp:term":[{"taxonomy":"category","embeddable":true,"href":"https:\/\/online.tvk-gaj.pl\/index.php?rest_route=%2Fwp%2Fv2%2Fcategories&post=7585"},{"taxonomy":"post_tag","embeddable":true,"href":"https:\/\/online.tvk-gaj.pl\/index.php?rest_route=%2Fwp%2Fv2%2Ftags&post=7585"}],"curies":[{"name":"wp","href":"https:\/\/api.w.org\/{rel}","templated":true}]}}