{"id":764,"date":"2013-03-22T09:23:00","date_gmt":"2013-03-22T08:23:00","guid":{"rendered":"http:\/\/www.gaj-osiedle.wroclaw.pl\/?p=764"},"modified":"2013-04-04T12:39:32","modified_gmt":"2013-04-04T10:39:32","slug":"wielkanocne-warsztaty-dla-dzieci-w-ferio-gaj-warsztaty","status":"publish","type":"post","link":"https:\/\/online.tvk-gaj.pl\/?p=764","title":{"rendered":"Wielkanocne warsztaty dla dzieci w Ferio Gaj"},"content":{"rendered":"<p>W pi\u0105tek 22 marca o godz. 14, w Centrum Handlowym Ferio Gaj przy ul. \u015awieradowskiej odb\u0119d\u0105 si\u0119 wielkanocne warsztaty dla dzieci.<!--more--><\/p>\n<p>Co by\u0142o pierwsze jajko czy kura i czy rzeczywi\u015bcie jajko mo\u017ce by\u0107 m\u0105drzejsze od kury? Tak\u017ce i na te pytania uczestnicy warsztat\u00f3w wielkanocnych postaraj\u0105 si\u0119 znale\u017a\u0107 odpowiedzi w centrum handlowym Ferio Gaj we Wroc\u0142awiu.<\/p>\n<p>W ramach kilkugodzinnych warsztat\u00f3w poznamy tajniki ozdabiania jajek i wykonania kolorowych, artystycznych pisanek. Wyja\u015bnimy pochodzenie tej niezwyk\u0142ej tradycji, jak\u0105 jest wykonywanie wielkanocnych ozd\u00f3b. Bardzo uwa\u017cnie przyjrzymy si\u0119 r\u00f3\u017cnicom w kszta\u0142cie i wielko\u015bci jajek strusich i kaczych. Ws\u0142uchamy si\u0119 w opowie\u015bci o zwyczajach ptak\u00f3w i poznamy tajniki zak\u0142adania gniazd.<\/p>\n<p>Ze wszystkimi dzie\u0107mi, kt\u00f3re tego dnia odwiedz\u0105 Ferio Gaj we Wroc\u0142awiu organizatorzy wykonaj\u0105 r\u00f3\u017cnorodne dekoracje na wielkanocny st\u00f3\u0142 i opracuj\u0105 \u015bwi\u0105teczne menu.<\/p>\n<p>&nbsp;<\/p>\n<p>&nbsp;<\/p>\n","protected":false},"excerpt":{"rendered":"<p>W pi\u0105tek 22 marca o godz. 14, w Centrum Handlowym Ferio Gaj przy ul. \u015awieradowskiej odb\u0119d\u0105 si\u0119 wielkanocne warsztaty dla dzieci.<\/p>\n","protected":false},"author":1,"featured_media":766,"comment_status":"open","ping_status":"open","sticky":false,"template":"","format":"standard","meta":{"footnotes":""},"categories":[14],"tags":[52],"class_list":["post-764","post","type-post","status-publish","format-standard","has-post-thumbnail","hentry","category-aktualnosci","tag-ferio-gaj-wielkanocne-warsztaty-swieradowska"],"_links":{"self":[{"href":"https:\/\/online.tvk-gaj.pl\/index.php?rest_route=\/wp\/v2\/posts\/764","targetHints":{"allow":["GET"]}}],"collection":[{"href":"https:\/\/online.tvk-gaj.pl\/index.php?rest_route=\/wp\/v2\/posts"}],"about":[{"href":"https:\/\/online.tvk-gaj.pl\/index.php?rest_route=\/wp\/v2\/types\/post"}],"author":[{"embeddable":true,"href":"https:\/\/online.tvk-gaj.pl\/index.php?rest_route=\/wp\/v2\/users\/1"}],"replies":[{"embeddable":true,"href":"https:\/\/online.tvk-gaj.pl\/index.php?rest_route=%2Fwp%2Fv2%2Fcomments&post=764"}],"version-history":[{"count":5,"href":"https:\/\/online.tvk-gaj.pl\/index.php?rest_route=\/wp\/v2\/posts\/764\/revisions"}],"predecessor-version":[{"id":857,"href":"https:\/\/online.tvk-gaj.pl\/index.php?rest_route=\/wp\/v2\/posts\/764\/revisions\/857"}],"wp:featuredmedia":[{"embeddable":true,"href":"https:\/\/online.tvk-gaj.pl\/index.php?rest_route=\/wp\/v2\/media\/766"}],"wp:attachment":[{"href":"https:\/\/online.tvk-gaj.pl\/index.php?rest_route=%2Fwp%2Fv2%2Fmedia&parent=764"}],"wp:term":[{"taxonomy":"category","embeddable":true,"href":"https:\/\/online.tvk-gaj.pl\/index.php?rest_route=%2Fwp%2Fv2%2Fcategories&post=764"},{"taxonomy":"post_tag","embeddable":true,"href":"https:\/\/online.tvk-gaj.pl\/index.php?rest_route=%2Fwp%2Fv2%2Ftags&post=764"}],"curies":[{"name":"wp","href":"https:\/\/api.w.org\/{rel}","templated":true}]}}