{"id":7661,"date":"2016-08-27T15:49:26","date_gmt":"2016-08-27T13:49:26","guid":{"rendered":"http:\/\/www.tvk-gaj.pl\/~gajonline\/?p=7661"},"modified":"2016-08-27T15:54:00","modified_gmt":"2016-08-27T13:54:00","slug":"nowe-zasady-segregacji-smieci-nie-wyrzucisz-ubran-do-smieci","status":"publish","type":"post","link":"https:\/\/online.tvk-gaj.pl\/?p=7661","title":{"rendered":"Nowe zasady segregacji \u015bmieci. Nie wyrzucisz ju\u017c ubra\u0144 do \u015bmieci."},"content":{"rendered":"<p>Od 28 lipca Wroc\u0142aw\u00a0zmienia zasady segregowania \u015bmieci we Wroc\u0142awiu. Wed\u0142ug nowych zasad do \u015bmieci nie wyrzucimy ju\u017c przeterminowanych chemikali\u00f3w oraz&#8230;odzie\u017cy. Nie b\u0119dzie ju\u017c podzia\u0142u na szk\u0142o bia\u0142e oraz kolorowe, a zmianie ulegnie r\u00f3wnie\u017c cz\u0119stotliwo\u015b\u0107 wywozu odpad\u00f3w. \u00a0<!--more--><\/p>\n<p><a href=\"http:\/\/www.tvk-gaj.pl\/~gajonline\/wp-content\/uploads\/2016\/08\/kubly2.png\"><img loading=\"lazy\" decoding=\"async\" class=\"aligncenter size-large wp-image-7662\" src=\"http:\/\/www.tvk-gaj.pl\/~gajonline\/wp-content\/uploads\/2016\/08\/kubly2-1024x618.png\" alt=\"kubly2\" width=\"838\" height=\"506\" srcset=\"https:\/\/online.tvk-gaj.pl\/wp-content\/uploads\/2016\/08\/kubly2-1024x618.png 1024w, https:\/\/online.tvk-gaj.pl\/wp-content\/uploads\/2016\/08\/kubly2-300x181.png 300w, https:\/\/online.tvk-gaj.pl\/wp-content\/uploads\/2016\/08\/kubly2-768x463.png 768w, https:\/\/online.tvk-gaj.pl\/wp-content\/uploads\/2016\/08\/kubly2.png 1588w\" sizes=\"auto, (max-width: 838px) 100vw, 838px\" \/><\/a><\/p>\n<p>&nbsp;<\/p>\n<p><strong>Od 28 lipca podzia\u0142 segregacji \u015bmieci wygl\u0105da nast\u0119puj\u0105co:<\/strong><\/p>\n<ol>\n<li>papier i tektura<\/li>\n<li>tworzywa sztuczne<\/li>\n<li>\u00a0metale<\/li>\n<li>opakowania wielomateria\u0142owe<\/li>\n<li><strong>szk\u0142o (bez podzia\u0142u na bia\u0142e i zielone)<\/strong><\/li>\n<li>zu\u017cyty sprz\u0119t elektryczny i elektroniczny<\/li>\n<li>zu\u017cyte baterie i akumulatory<\/li>\n<li>odpady budowlane i rozbi\u00f3rkowe<\/li>\n<li>meble i inne odpady wielkogabarytowe<\/li>\n<li>odpady zielone<\/li>\n<li>zu\u017cyte opony<\/li>\n<li><strong>przeterminowane leki i chemikalia<\/strong><\/li>\n<li><strong>termometry rt\u0119ciowe\u00a0<\/strong><\/li>\n<li><strong>odzie\u017c i tekstylia\u00a0<\/strong><\/li>\n<\/ol>\n<p>&nbsp;<\/p>\n<p>Wprowadzone zmiany reguluje nowy\u00a0regulamin utrzymania czysto\u015bci i porz\u0105dku we Wroc\u0142awiu.<\/p>\n<p><strong>Co warto wiedzie\u0107?<\/strong><\/p>\n<p>Do \u015bmieci nie wyrzucimy ju\u017c starych ubra\u0144 b\u0105d\u017a przeterminowanej chemii domowej. Od 28 sierpnia 2016 ka\u017cdy mieszkaniec Wroc\u0142awia ma obowi\u0105zek samodzielnego dostarczenia ich do jednego z dw\u00f3ch punkt\u00f3w selektywnej zbi\u00f3rki odpad\u00f3w w mie\u015bcie (przy ul. Janowskiej lub Kazimierza Michalczyka). Miasto zach\u0119ca jednak, by zamiast tego ubrania i zu\u017cyty sprz\u0119t elektroniczny przekazywa\u0107 instytucj\u0105 charytatywnym b\u0105d\u017a firmom zajmuj\u0105c\u0105 si\u0119 utylizacj\u0105 starego sprz\u0119tu rtv i agd.<\/p>\n<p>Opr\u00f3cz obecnych pojemnik\u00f3w na odpady zmieszane, papier, plastik i metale,a tak\u017ce odpady zielone postawione zostan\u0105\u00a0zielone pojemniki na szk\u0142o. Nie b\u0119dzie ju\u017c podzia\u0142u na szk\u0142o &#8222;bia\u0142e&#8221; i &#8222;zielone&#8221;.<\/p>\n<p>Od 1 stycznia 2017r. zmianie ulegnie harmonogram i rodzaje wywozu \u015bmieci.<\/p>\n<p>&nbsp;<\/p>\n<p><strong>Gdzie szuka\u0107 informacji?<\/strong><\/p>\n<p>Wszystkie informacje na temat zmian w wywozie \u015bmieci znale\u017a\u0107 mo\u017cna na stronie miejskiej sp\u00f3\u0142ki zajmuj\u0105cej si\u0119 segregacj\u0105 i utylizacj\u0105 \u015bmieci &#8211; <a href=\"http:\/\/ekosystem.wroc.pl\/\" target=\"_blank\">Ekosystem<\/a>.<\/p>\n<p>&nbsp;<\/p>\n<p>&nbsp;<\/p>\n","protected":false},"excerpt":{"rendered":"<p>Od 28 lipca Wroc\u0142aw\u00a0zmienia zasady segregowania \u015bmieci we Wroc\u0142awiu. Wed\u0142ug nowych zasad do \u015bmieci nie wyrzucimy ju\u017c przeterminowanych chemikali\u00f3w oraz&#8230;odzie\u017cy. Nie b\u0119dzie ju\u017c podzia\u0142u na szk\u0142o bia\u0142e oraz kolorowe, a zmianie ulegnie r\u00f3wnie\u017c cz\u0119stotliwo\u015b\u0107 wywozu odpad\u00f3w. \u00a0<\/p>\n","protected":false},"author":1,"featured_media":7662,"comment_status":"open","ping_status":"open","sticky":false,"template":"","format":"standard","meta":{"footnotes":""},"categories":[14],"tags":[226,758,204,165,701],"class_list":["post-7661","post","type-post","status-publish","format-standard","has-post-thumbnail","hentry","category-aktualnosci","tag-ekosystem","tag-segregacja","tag-smieci","tag-wroclaw","tag-zmiany"],"_links":{"self":[{"href":"https:\/\/online.tvk-gaj.pl\/index.php?rest_route=\/wp\/v2\/posts\/7661","targetHints":{"allow":["GET"]}}],"collection":[{"href":"https:\/\/online.tvk-gaj.pl\/index.php?rest_route=\/wp\/v2\/posts"}],"about":[{"href":"https:\/\/online.tvk-gaj.pl\/index.php?rest_route=\/wp\/v2\/types\/post"}],"author":[{"embeddable":true,"href":"https:\/\/online.tvk-gaj.pl\/index.php?rest_route=\/wp\/v2\/users\/1"}],"replies":[{"embeddable":true,"href":"https:\/\/online.tvk-gaj.pl\/index.php?rest_route=%2Fwp%2Fv2%2Fcomments&post=7661"}],"version-history":[{"count":3,"href":"https:\/\/online.tvk-gaj.pl\/index.php?rest_route=\/wp\/v2\/posts\/7661\/revisions"}],"predecessor-version":[{"id":7665,"href":"https:\/\/online.tvk-gaj.pl\/index.php?rest_route=\/wp\/v2\/posts\/7661\/revisions\/7665"}],"wp:featuredmedia":[{"embeddable":true,"href":"https:\/\/online.tvk-gaj.pl\/index.php?rest_route=\/wp\/v2\/media\/7662"}],"wp:attachment":[{"href":"https:\/\/online.tvk-gaj.pl\/index.php?rest_route=%2Fwp%2Fv2%2Fmedia&parent=7661"}],"wp:term":[{"taxonomy":"category","embeddable":true,"href":"https:\/\/online.tvk-gaj.pl\/index.php?rest_route=%2Fwp%2Fv2%2Fcategories&post=7661"},{"taxonomy":"post_tag","embeddable":true,"href":"https:\/\/online.tvk-gaj.pl\/index.php?rest_route=%2Fwp%2Fv2%2Ftags&post=7661"}],"curies":[{"name":"wp","href":"https:\/\/api.w.org\/{rel}","templated":true}]}}