{"id":7666,"date":"2016-08-29T09:40:35","date_gmt":"2016-08-29T07:40:35","guid":{"rendered":"http:\/\/www.tvk-gaj.pl\/~gajonline\/?p=7666"},"modified":"2016-09-06T21:18:28","modified_gmt":"2016-09-06T19:18:28","slug":"jest-juz-szkolny-rozklad-jazdy-mpk","status":"publish","type":"post","link":"https:\/\/online.tvk-gaj.pl\/?p=7666","title":{"rendered":"Jest ju\u017c nowy, powakacyjny rozk\u0142ad jazdy MPK"},"content":{"rendered":"<p>Od dzisiaj (29 sierpnia) wchodzi w \u017cycie nowy rozk\u0142ad jazdy MPK. Tramwaje i autobusy b\u0119d\u0105 je\u017adzi\u0142y cz\u0119\u015bciej (w godzinach szczytu nawet co 15 minut). Na sta\u0142e trasy wracaj\u0105 r\u00f3wnie\u017c tramwaje 31 i 32. <!--more--><\/p>\n<p>&nbsp;<\/p>\n<p><strong>Od poniedzia\u0142ku (29 sierpnia) w \u017cycie wchodzi nowy, powakacyjny\u00a0rozk\u0142ad jazdy MPK. Jest troch\u0119 zmian!<\/strong><\/p>\n<p>&nbsp;<\/p>\n<p><a href=\"http:\/\/www.tvk-gaj.pl\/~gajonline\/wp-content\/uploads\/2016\/08\/10923656_894920663872129_7379843874199014339_n.png\"><img loading=\"lazy\" decoding=\"async\" class=\"aligncenter size-full wp-image-7667\" src=\"http:\/\/www.tvk-gaj.pl\/~gajonline\/wp-content\/uploads\/2016\/08\/10923656_894920663872129_7379843874199014339_n.png\" alt=\"10923656_894920663872129_7379843874199014339_n\" width=\"778\" height=\"460\" srcset=\"https:\/\/online.tvk-gaj.pl\/wp-content\/uploads\/2016\/08\/10923656_894920663872129_7379843874199014339_n.png 778w, https:\/\/online.tvk-gaj.pl\/wp-content\/uploads\/2016\/08\/10923656_894920663872129_7379843874199014339_n-300x177.png 300w, https:\/\/online.tvk-gaj.pl\/wp-content\/uploads\/2016\/08\/10923656_894920663872129_7379843874199014339_n-768x454.png 768w\" sizes=\"auto, (max-width: 778px) 100vw, 778px\" \/><\/a><\/p>\n<p>&nbsp;<\/p>\n<p>Przede wszystkim wroc\u0142awskie autobusy i tramwaje b\u0119d\u0105 kursowa\u0142y cz\u0119\u015bciej &#8211; w godzinach szczytu najpopularniejsze linie b\u0119d\u0105 kursowa\u0142y nawet co pi\u0119tna\u015bcie minut. Na Gaju b\u0119d\u0105 to linie 145, 146, 135, K, 31, 32.<\/p>\n<p>R\u00f3wnie\u017c na koniec sierpnia przypada zako\u0144czenie remontu skrzy\u017cowania Borowskiej z Dyrekcyjn\u0105. W zwi\u0105zku z tym, od\u00a0niedzieli 28 sierpnia, tramwaje linii 8, 9, 15, 31 i 32 powr\u00f3c\u0105 na swoje sta\u0142e trasy do p\u0119tli Tarnogaj, Park Po\u0142udniowy oraz do kra\u0144cowej p\u0119tli &#8222;Gaj&#8221;j przy ulicy \u015awieradowskiej.<\/p>\n<p>&nbsp;<\/p>\n<p>Wi\u0119cej o zmianach we wroc\u0142awskiej komunikacji miejskiej znajdziecie na stronie <a href=\"http:\/\/www.wroclaw.pl\/\" target=\"_blank\">miasta<\/a> oraz <a href=\"http:\/\/mpk.wroc.pl\/\" target=\"_blank\">MPK Wroc\u0142aw<\/a>.<\/p>\n<p>&nbsp;<\/p>\n","protected":false},"excerpt":{"rendered":"<p>Od dzisiaj (29 sierpnia) wchodzi w \u017cycie nowy rozk\u0142ad jazdy MPK. Tramwaje i autobusy b\u0119d\u0105 je\u017adzi\u0142y cz\u0119\u015bciej (w godzinach szczytu nawet co 15 minut). Na sta\u0142e trasy wracaj\u0105 r\u00f3wnie\u017c tramwaje 31 i 32.<\/p>\n","protected":false},"author":1,"featured_media":7667,"comment_status":"open","ping_status":"open","sticky":false,"template":"","format":"standard","meta":{"footnotes":""},"categories":[14],"tags":[759,416,225,224,415,112,760,156,413,135,702,199,165],"class_list":["post-7666","post","type-post","status-publish","format-standard","has-post-thumbnail","hentry","category-aktualnosci","tag-759","tag-416","tag-225","tag-224","tag-autobusy","tag-gaj","tag-k","tag-mpk","tag-mpk-wroclaw","tag-rada-osiedla-gaj","tag-rozklad-jazdy","tag-tramwaje","tag-wroclaw"],"_links":{"self":[{"href":"https:\/\/online.tvk-gaj.pl\/index.php?rest_route=\/wp\/v2\/posts\/7666","targetHints":{"allow":["GET"]}}],"collection":[{"href":"https:\/\/online.tvk-gaj.pl\/index.php?rest_route=\/wp\/v2\/posts"}],"about":[{"href":"https:\/\/online.tvk-gaj.pl\/index.php?rest_route=\/wp\/v2\/types\/post"}],"author":[{"embeddable":true,"href":"https:\/\/online.tvk-gaj.pl\/index.php?rest_route=\/wp\/v2\/users\/1"}],"replies":[{"embeddable":true,"href":"https:\/\/online.tvk-gaj.pl\/index.php?rest_route=%2Fwp%2Fv2%2Fcomments&post=7666"}],"version-history":[{"count":4,"href":"https:\/\/online.tvk-gaj.pl\/index.php?rest_route=\/wp\/v2\/posts\/7666\/revisions"}],"predecessor-version":[{"id":7671,"href":"https:\/\/online.tvk-gaj.pl\/index.php?rest_route=\/wp\/v2\/posts\/7666\/revisions\/7671"}],"wp:featuredmedia":[{"embeddable":true,"href":"https:\/\/online.tvk-gaj.pl\/index.php?rest_route=\/wp\/v2\/media\/7667"}],"wp:attachment":[{"href":"https:\/\/online.tvk-gaj.pl\/index.php?rest_route=%2Fwp%2Fv2%2Fmedia&parent=7666"}],"wp:term":[{"taxonomy":"category","embeddable":true,"href":"https:\/\/online.tvk-gaj.pl\/index.php?rest_route=%2Fwp%2Fv2%2Fcategories&post=7666"},{"taxonomy":"post_tag","embeddable":true,"href":"https:\/\/online.tvk-gaj.pl\/index.php?rest_route=%2Fwp%2Fv2%2Ftags&post=7666"}],"curies":[{"name":"wp","href":"https:\/\/api.w.org\/{rel}","templated":true}]}}