{"id":7715,"date":"2016-08-30T11:04:39","date_gmt":"2016-08-30T09:04:39","guid":{"rendered":"http:\/\/www.tvk-gaj.pl\/~gajonline\/?p=7715"},"modified":"2016-09-09T16:45:05","modified_gmt":"2016-09-09T14:45:05","slug":"relacja-z-weekendu-esk-na-gaju-27-28-sierpnia","status":"publish","type":"post","link":"https:\/\/online.tvk-gaj.pl\/?p=7715","title":{"rendered":"Relacja z weekendu ESK na Gaju 27-28 sierpnia"},"content":{"rendered":"<p>Publikujemy relacj\u0119 z weekend, 27-28 sierpnia, na plenerowej scenie Europejskiej Stolicy Kultury Wroc\u0142aw 2016 na Gaju! [GALERIA ZDJ\u0118\u0106]<!--more--><\/p>\n<p><strong><span style=\"text-decoration: underline;\"><br \/>\n<\/span><\/strong>Podczas tego weekendu dzia\u0142o si\u0119 naprawd\u0119 sporo! I to pomimo potwornego upa\u0142u i pal\u0105cego s\u0142o\u0144ca przed pawilonem ESK.<\/p>\n<p>&nbsp;<\/p>\n<p><a href=\"http:\/\/www.tvk-gaj.pl\/~gajonline\/wp-content\/uploads\/2016\/08\/wcrs1.jpg\"><img loading=\"lazy\" decoding=\"async\" class=\"aligncenter size-large wp-image-7718\" src=\"http:\/\/www.tvk-gaj.pl\/~gajonline\/wp-content\/uploads\/2016\/08\/wcrs1-1024x768.jpg\" alt=\"wcrs1\" width=\"838\" height=\"629\" srcset=\"https:\/\/online.tvk-gaj.pl\/wp-content\/uploads\/2016\/08\/wcrs1-1024x768.jpg 1024w, https:\/\/online.tvk-gaj.pl\/wp-content\/uploads\/2016\/08\/wcrs1-300x225.jpg 300w, https:\/\/online.tvk-gaj.pl\/wp-content\/uploads\/2016\/08\/wcrs1-768x576.jpg 768w, https:\/\/online.tvk-gaj.pl\/wp-content\/uploads\/2016\/08\/wcrs1.jpg 1300w\" sizes=\"auto, (max-width: 838px) 100vw, 838px\" \/><\/a><\/p>\n<p>&nbsp;<\/p>\n<p>W sobot\u0119 na scenie go\u015bcili\u015bmy Teatr 2 Krzese\u0142, kt\u00f3ry zainteresowa\u0142 publiczno\u015b\u0107 w praktycznie ca\u0142ym przedziale wiekowym.<\/p>\n<p>&nbsp;<\/p>\n<p><a href=\"http:\/\/www.tvk-gaj.pl\/~gajonline\/wp-content\/uploads\/2016\/08\/DSCN6348.jpg\"><img loading=\"lazy\" decoding=\"async\" class=\"aligncenter size-large wp-image-7716\" src=\"http:\/\/www.tvk-gaj.pl\/~gajonline\/wp-content\/uploads\/2016\/08\/DSCN6348-1024x768.jpg\" alt=\"DSCN6348\" width=\"838\" height=\"629\" srcset=\"https:\/\/online.tvk-gaj.pl\/wp-content\/uploads\/2016\/08\/DSCN6348-1024x768.jpg 1024w, https:\/\/online.tvk-gaj.pl\/wp-content\/uploads\/2016\/08\/DSCN6348-300x225.jpg 300w, https:\/\/online.tvk-gaj.pl\/wp-content\/uploads\/2016\/08\/DSCN6348-768x576.jpg 768w, https:\/\/online.tvk-gaj.pl\/wp-content\/uploads\/2016\/08\/DSCN6348.jpg 1300w\" sizes=\"auto, (max-width: 838px) 100vw, 838px\" \/><\/a><\/p>\n<p>&nbsp;<\/p>\n<p>Niedziela po\u015bwi\u0119cona by\u0142a warsztatom plastycznym. Tworzyli\u015bmy makiety z r\u00f3\u017cnych dziwnych materia\u0142\u00f3w.<\/p>\n<p>&nbsp;<\/p>\n<p><a href=\"http:\/\/www.tvk-gaj.pl\/~gajonline\/wp-content\/uploads\/2016\/08\/wcrs2-2.jpg\"><img loading=\"lazy\" decoding=\"async\" class=\"aligncenter size-large wp-image-7723\" src=\"http:\/\/www.tvk-gaj.pl\/~gajonline\/wp-content\/uploads\/2016\/08\/wcrs2-2-1024x577.jpg\" alt=\"wcrs2\" width=\"838\" height=\"472\" srcset=\"https:\/\/online.tvk-gaj.pl\/wp-content\/uploads\/2016\/08\/wcrs2-2-1024x577.jpg 1024w, https:\/\/online.tvk-gaj.pl\/wp-content\/uploads\/2016\/08\/wcrs2-2-300x169.jpg 300w, https:\/\/online.tvk-gaj.pl\/wp-content\/uploads\/2016\/08\/wcrs2-2-768x433.jpg 768w\" sizes=\"auto, (max-width: 838px) 100vw, 838px\" \/><\/a><\/p>\n<p>&nbsp;<\/p>\n<p>Nast\u0119pnie odby\u0142a si\u0119 prezentacja prac\u00a0&#8211; do podziwiania.<\/p>\n<p>&nbsp;<\/p>\n<p><a href=\"http:\/\/www.tvk-gaj.pl\/~gajonline\/wp-content\/uploads\/2016\/08\/wcrs5.jpg\"><img loading=\"lazy\" decoding=\"async\" class=\"aligncenter size-large wp-image-7724\" src=\"http:\/\/www.tvk-gaj.pl\/~gajonline\/wp-content\/uploads\/2016\/08\/wcrs5-1024x577.jpg\" alt=\"wcrs5\" width=\"838\" height=\"472\" srcset=\"https:\/\/online.tvk-gaj.pl\/wp-content\/uploads\/2016\/08\/wcrs5-1024x577.jpg 1024w, https:\/\/online.tvk-gaj.pl\/wp-content\/uploads\/2016\/08\/wcrs5-300x169.jpg 300w, https:\/\/online.tvk-gaj.pl\/wp-content\/uploads\/2016\/08\/wcrs5-768x433.jpg 768w\" sizes=\"auto, (max-width: 838px) 100vw, 838px\" \/><\/a><\/p>\n<p>&nbsp;<\/p>\n<p>Nie mog\u0142o zabrakn\u0105\u0107 r\u00f3wnie\u017c\u00a0zwyczajowych gier i zabaw.<\/p>\n<p>&nbsp;<\/p>\n<p><a href=\"http:\/\/www.tvk-gaj.pl\/~gajonline\/wp-content\/uploads\/2016\/08\/wcrs12.jpg\"><img loading=\"lazy\" decoding=\"async\" class=\"aligncenter size-large wp-image-7725\" src=\"http:\/\/www.tvk-gaj.pl\/~gajonline\/wp-content\/uploads\/2016\/08\/wcrs12-1024x577.jpg\" alt=\"wcrs12\" width=\"838\" height=\"472\" srcset=\"https:\/\/online.tvk-gaj.pl\/wp-content\/uploads\/2016\/08\/wcrs12-1024x577.jpg 1024w, https:\/\/online.tvk-gaj.pl\/wp-content\/uploads\/2016\/08\/wcrs12-300x169.jpg 300w, https:\/\/online.tvk-gaj.pl\/wp-content\/uploads\/2016\/08\/wcrs12-768x433.jpg 768w\" sizes=\"auto, (max-width: 838px) 100vw, 838px\" \/><\/a><\/p>\n<p>&nbsp;<\/p>\n<p>&nbsp;<\/p>\n<p>Generalnie s\u0142o\u0144cu si\u0119 nie dali\u015bmy i bawili\u015bmy si\u0119 przednio!<\/p>\n<p>&nbsp;<\/p>\n<p><strong><span style=\"text-decoration: underline;\"><br \/>\nZapraszamy do kr\u00f3tkiej fotorelacji z weekendu na plenerowej scenie ESK!<\/span><\/strong><\/p>\n<p><img decoding=\"async\" class=\"ngg_displayed_gallery mceItem\" src=\"http:\/\/www.tvk-gaj.pl\/~gajonline\/index.php\/nextgen-attach_to_post\/preview\/id--7719\" data-mce-placeholder=\"1\" \/><\/p>\n<p>&nbsp;<\/p>\n<p>&nbsp;<\/p>\n<p><strong>Na kolejne atrakcje z Europejsk\u0105 Stolic\u0105 <\/strong><strong>Kultury Wroc\u0142aw 2016 na Gaju zapraszamy ju\u017c w nast\u0119pny weekend do Parku S\u0142onecznego na Gaju!\u00a0<\/strong><\/p>\n<p>&nbsp;<\/p>\n<p>&nbsp;<\/p>\n","protected":false},"excerpt":{"rendered":"<p>Publikujemy relacj\u0119 z weekend, 27-28 sierpnia, na plenerowej scenie Europejskiej Stolicy Kultury Wroc\u0142aw 2016 na Gaju! [GALERIA ZDJ\u0118\u0106]<\/p>\n","protected":false},"author":1,"featured_media":7579,"comment_status":"open","ping_status":"open","sticky":false,"template":"","format":"standard","meta":{"footnotes":""},"categories":[630],"tags":[632,685,638,112,166,128,664,271,135,294,649,761,646,650],"class_list":["post-7715","post","type-post","status-publish","format-standard","has-post-thumbnail","hentry","category-esk-2016","tag-esk","tag-esk-na-gaju","tag-europejska-stolica-kultury","tag-gaj","tag-osiedle-gaj","tag-park-sloneczny","tag-pawilon-kultury","tag-piknik","tag-rada-osiedla-gaj","tag-relacja","tag-scena-esk","tag-weekend-esk-na-gaju","tag-wroclaw-2016","tag-zdjecia"],"_links":{"self":[{"href":"https:\/\/online.tvk-gaj.pl\/index.php?rest_route=\/wp\/v2\/posts\/7715","targetHints":{"allow":["GET"]}}],"collection":[{"href":"https:\/\/online.tvk-gaj.pl\/index.php?rest_route=\/wp\/v2\/posts"}],"about":[{"href":"https:\/\/online.tvk-gaj.pl\/index.php?rest_route=\/wp\/v2\/types\/post"}],"author":[{"embeddable":true,"href":"https:\/\/online.tvk-gaj.pl\/index.php?rest_route=\/wp\/v2\/users\/1"}],"replies":[{"embeddable":true,"href":"https:\/\/online.tvk-gaj.pl\/index.php?rest_route=%2Fwp%2Fv2%2Fcomments&post=7715"}],"version-history":[{"count":4,"href":"https:\/\/online.tvk-gaj.pl\/index.php?rest_route=\/wp\/v2\/posts\/7715\/revisions"}],"predecessor-version":[{"id":7727,"href":"https:\/\/online.tvk-gaj.pl\/index.php?rest_route=\/wp\/v2\/posts\/7715\/revisions\/7727"}],"wp:featuredmedia":[{"embeddable":true,"href":"https:\/\/online.tvk-gaj.pl\/index.php?rest_route=\/wp\/v2\/media\/7579"}],"wp:attachment":[{"href":"https:\/\/online.tvk-gaj.pl\/index.php?rest_route=%2Fwp%2Fv2%2Fmedia&parent=7715"}],"wp:term":[{"taxonomy":"category","embeddable":true,"href":"https:\/\/online.tvk-gaj.pl\/index.php?rest_route=%2Fwp%2Fv2%2Fcategories&post=7715"},{"taxonomy":"post_tag","embeddable":true,"href":"https:\/\/online.tvk-gaj.pl\/index.php?rest_route=%2Fwp%2Fv2%2Ftags&post=7715"}],"curies":[{"name":"wp","href":"https:\/\/api.w.org\/{rel}","templated":true}]}}