{"id":7729,"date":"2016-09-05T21:48:46","date_gmt":"2016-09-05T19:48:46","guid":{"rendered":"http:\/\/www.tvk-gaj.pl\/~gajonline\/?p=7729"},"modified":"2016-10-03T20:56:56","modified_gmt":"2016-10-03T18:56:56","slug":"plan-spotkan-klubu-seniora-na-wrzesien-2","status":"publish","type":"post","link":"https:\/\/online.tvk-gaj.pl\/?p=7729","title":{"rendered":"Plan spotka\u0144 Klubu Seniora na wrzesie\u0144 &#8211; galeria prac naszych senior\u00f3w!"},"content":{"rendered":"<p>Serdecznie zapraszamy wszystkich senior\u00f3w z osiedla do Klubu Seniora dzia\u0142aj\u0105cego przy Radzie Osiedla Gaj! Prezentujemy plan spotka\u0144 na\u00a0wrzesie\u0144.<!--more--><\/p>\n<p><strong><br \/>\nPlan spotka\u0144 Klubu Seniora na Gaju na\u00a0wrzesie\u0144<\/strong><\/p>\n<p>W programie m.in.: warsztaty r\u0119kodzielnicze, gra w bingo, wyj\u015bcie na wystaw\u0119.<\/p>\n<p>&nbsp;<\/p>\n<p><a href=\"http:\/\/www.tvk-gaj.pl\/~gajonline\/wp-content\/uploads\/2016\/09\/plakat-I-HARMONOGRAM-NA-wrzesie\u0144.jpg\"><img loading=\"lazy\" decoding=\"async\" class=\"aligncenter size-large wp-image-7730\" src=\"http:\/\/www.tvk-gaj.pl\/~gajonline\/wp-content\/uploads\/2016\/09\/plakat-I-HARMONOGRAM-NA-wrzesie\u0144-724x1024.jpg\" alt=\"plakat I HARMONOGRAM NA wrzesie\u0144\" width=\"724\" height=\"1024\" srcset=\"https:\/\/online.tvk-gaj.pl\/wp-content\/uploads\/2016\/09\/plakat-I-HARMONOGRAM-NA-wrzesie\u0144-724x1024.jpg 724w, https:\/\/online.tvk-gaj.pl\/wp-content\/uploads\/2016\/09\/plakat-I-HARMONOGRAM-NA-wrzesie\u0144-212x300.jpg 212w, https:\/\/online.tvk-gaj.pl\/wp-content\/uploads\/2016\/09\/plakat-I-HARMONOGRAM-NA-wrzesie\u0144-768x1086.jpg 768w\" sizes=\"auto, (max-width: 724px) 100vw, 724px\" \/><\/a><\/p>\n<p>&nbsp;<\/p>\n<p>&nbsp;<\/p>\n<p><strong>W minionym miesi\u0105cu podczas zaj\u0119\u0107 Klubu Seniora odby\u0142y si\u0119 warsztaty r\u0119kodzielnicze z tworzenia bi\u017cuterii. Oto efekty nauki:<\/strong><\/p>\n<p><img decoding=\"async\" class=\"ngg_displayed_gallery mceItem\" src=\"http:\/\/www.tvk-gaj.pl\/~gajonline\/index.php\/nextgen-attach_to_post\/preview\/id--7791\" data-mce-placeholder=\"1\" \/><\/p>\n<p>&nbsp;<\/p>\n<p>&nbsp;<\/p>\n<p><strong>Spotkania od lipca odbywaj\u0105 si\u0119 w nowej siedzibie Klubu przy ul. Krynickiej 51 (teren Przychodni Zdrowia) \u00a0w nowym terminie &#8211; w ka\u017cdy pi\u0105tek\u00a0w godzinach 10-12!<\/strong><\/p>\n<p>&nbsp;<\/p>\n","protected":false},"excerpt":{"rendered":"<p>Serdecznie zapraszamy wszystkich senior\u00f3w z osiedla do Klubu Seniora dzia\u0142aj\u0105cego przy Radzie Osiedla Gaj! Prezentujemy plan spotka\u0144 na\u00a0wrzesie\u0144.<\/p>\n","protected":false},"author":1,"featured_media":7792,"comment_status":"open","ping_status":"open","sticky":false,"template":"","format":"standard","meta":{"footnotes":""},"categories":[441],"tags":[112,485,431,421,135,152,762],"class_list":["post-7729","post","type-post","status-publish","format-standard","has-post-thumbnail","hentry","category-klub","tag-gaj","tag-harmonogram","tag-klub-seniora","tag-klub-seniora-na-gaju","tag-rada-osiedla-gaj","tag-seniorzy","tag-wrzesien"],"_links":{"self":[{"href":"https:\/\/online.tvk-gaj.pl\/index.php?rest_route=\/wp\/v2\/posts\/7729","targetHints":{"allow":["GET"]}}],"collection":[{"href":"https:\/\/online.tvk-gaj.pl\/index.php?rest_route=\/wp\/v2\/posts"}],"about":[{"href":"https:\/\/online.tvk-gaj.pl\/index.php?rest_route=\/wp\/v2\/types\/post"}],"author":[{"embeddable":true,"href":"https:\/\/online.tvk-gaj.pl\/index.php?rest_route=\/wp\/v2\/users\/1"}],"replies":[{"embeddable":true,"href":"https:\/\/online.tvk-gaj.pl\/index.php?rest_route=%2Fwp%2Fv2%2Fcomments&post=7729"}],"version-history":[{"count":5,"href":"https:\/\/online.tvk-gaj.pl\/index.php?rest_route=\/wp\/v2\/posts\/7729\/revisions"}],"predecessor-version":[{"id":7793,"href":"https:\/\/online.tvk-gaj.pl\/index.php?rest_route=\/wp\/v2\/posts\/7729\/revisions\/7793"}],"wp:featuredmedia":[{"embeddable":true,"href":"https:\/\/online.tvk-gaj.pl\/index.php?rest_route=\/wp\/v2\/media\/7792"}],"wp:attachment":[{"href":"https:\/\/online.tvk-gaj.pl\/index.php?rest_route=%2Fwp%2Fv2%2Fmedia&parent=7729"}],"wp:term":[{"taxonomy":"category","embeddable":true,"href":"https:\/\/online.tvk-gaj.pl\/index.php?rest_route=%2Fwp%2Fv2%2Fcategories&post=7729"},{"taxonomy":"post_tag","embeddable":true,"href":"https:\/\/online.tvk-gaj.pl\/index.php?rest_route=%2Fwp%2Fv2%2Ftags&post=7729"}],"curies":[{"name":"wp","href":"https:\/\/api.w.org\/{rel}","templated":true}]}}