{"id":7734,"date":"2016-09-05T21:56:24","date_gmt":"2016-09-05T19:56:24","guid":{"rendered":"http:\/\/www.tvk-gaj.pl\/~gajonline\/?p=7734"},"modified":"2016-09-28T21:06:19","modified_gmt":"2016-09-28T19:06:19","slug":"relacja-z-weekendu-esk-na-gaju-3-4-wrzesnia","status":"publish","type":"post","link":"https:\/\/online.tvk-gaj.pl\/?p=7734","title":{"rendered":"Relacja z weekendu ESK na Gaju 3-4 wrze\u015bnia"},"content":{"rendered":"<p>Zapraszamy do naszej galerii zdj\u0119\u0107 z weekend, 3-4 wrze\u015bnia, na plenerowej scenie Europejskiej Stolicy Kultury Wroc\u0142aw 2016 na Gaju! [GALERIA ZDJ\u0118\u0106]<!--more--><\/p>\n<p><strong><br \/>\nKolejny weekend z Europejsk\u0105 Stolic\u0105 Kultury Wroc\u0142aw 2016 \u00a0w naszym Parku S\u0142onecznym za nami!<\/strong><\/p>\n<p>Sobota by\u0142a spokojna, pojawi\u0142y si\u0119 nasze tradycyjne gry i zabawy.<\/p>\n<p><a href=\"http:\/\/www.tvk-gaj.pl\/~gajonline\/wp-content\/uploads\/2016\/09\/DSCN6711.jpg\"><img loading=\"lazy\" decoding=\"async\" class=\"aligncenter size-large wp-image-7770\" src=\"http:\/\/www.tvk-gaj.pl\/~gajonline\/wp-content\/uploads\/2016\/09\/DSCN6711-1024x768.jpg\" alt=\"DSCN6711\" width=\"838\" height=\"629\" srcset=\"https:\/\/online.tvk-gaj.pl\/wp-content\/uploads\/2016\/09\/DSCN6711-1024x768.jpg 1024w, https:\/\/online.tvk-gaj.pl\/wp-content\/uploads\/2016\/09\/DSCN6711-300x225.jpg 300w, https:\/\/online.tvk-gaj.pl\/wp-content\/uploads\/2016\/09\/DSCN6711-768x576.jpg 768w, https:\/\/online.tvk-gaj.pl\/wp-content\/uploads\/2016\/09\/DSCN6711.jpg 1300w\" sizes=\"auto, (max-width: 838px) 100vw, 838px\" \/><\/a><\/p>\n<p>&nbsp;<\/p>\n<p>W niedziele obok gier i zabaw odby\u0142y si\u0119 dwa koncerty: zesp\u00f3\u0142 Blue Jeans oraz Mateusz Kowalczyk Matoishi.<\/p>\n<p>&nbsp;<\/p>\n<p><a href=\"http:\/\/www.tvk-gaj.pl\/~gajonline\/wp-content\/uploads\/2016\/09\/wcrs3.jpg\"><img loading=\"lazy\" decoding=\"async\" class=\"aligncenter size-large wp-image-7735\" src=\"http:\/\/www.tvk-gaj.pl\/~gajonline\/wp-content\/uploads\/2016\/09\/wcrs3-1024x577.jpg\" alt=\"wcrs3\" width=\"838\" height=\"472\" srcset=\"https:\/\/online.tvk-gaj.pl\/wp-content\/uploads\/2016\/09\/wcrs3-1024x577.jpg 1024w, https:\/\/online.tvk-gaj.pl\/wp-content\/uploads\/2016\/09\/wcrs3-300x169.jpg 300w, https:\/\/online.tvk-gaj.pl\/wp-content\/uploads\/2016\/09\/wcrs3-768x433.jpg 768w\" sizes=\"auto, (max-width: 838px) 100vw, 838px\" \/><\/a><\/p>\n<p>&nbsp;<\/p>\n<p>Oba wydarzenia cieszy\u0142y si\u0119 sporym zainteresowaniem publiczno\u015bci.<\/p>\n<p>&nbsp;<\/p>\n<p><a href=\"http:\/\/www.tvk-gaj.pl\/~gajonline\/wp-content\/uploads\/2016\/09\/wcrs4.jpg\"><img loading=\"lazy\" decoding=\"async\" class=\"aligncenter size-large wp-image-7771\" src=\"http:\/\/www.tvk-gaj.pl\/~gajonline\/wp-content\/uploads\/2016\/09\/wcrs4-1024x577.jpg\" alt=\"wcrs4\" width=\"838\" height=\"472\" srcset=\"https:\/\/online.tvk-gaj.pl\/wp-content\/uploads\/2016\/09\/wcrs4-1024x577.jpg 1024w, https:\/\/online.tvk-gaj.pl\/wp-content\/uploads\/2016\/09\/wcrs4-300x169.jpg 300w, https:\/\/online.tvk-gaj.pl\/wp-content\/uploads\/2016\/09\/wcrs4-768x433.jpg 768w\" sizes=\"auto, (max-width: 838px) 100vw, 838px\" \/><\/a><\/p>\n<p>&nbsp;<\/p>\n<p><strong>Dzi\u0119kujemy za wsp\u00f3ln\u0105 zabaw\u0119:)<\/strong><\/p>\n<p><strong><span style=\"text-decoration: underline;\"><br \/>\nZapraszamy do kr\u00f3tkiej fotorelacji z weekendu na plenerowej scenie ESK!<\/span><\/strong><\/p>\n<p><img decoding=\"async\" class=\"ngg_displayed_gallery mceItem\" src=\"http:\/\/www.tvk-gaj.pl\/~gajonline\/index.php\/nextgen-attach_to_post\/preview\/id--7766\" data-mce-placeholder=\"1\" \/><\/p>\n<p>&nbsp;<\/p>\n<p><strong>Na kolejne atrakcje z Europejsk\u0105 Stolic\u0105 <\/strong><strong>Kultury Wroc\u0142aw 2016 na Gaju zapraszamy ju\u017c w nast\u0119pny weekend do Parku S\u0142onecznego na Gaju!<\/strong><\/p>\n<p>&nbsp;<\/p>\n","protected":false},"excerpt":{"rendered":"<p>Zapraszamy do naszej galerii zdj\u0119\u0107 z weekend, 3-4 wrze\u015bnia, na plenerowej scenie Europejskiej Stolicy Kultury Wroc\u0142aw 2016 na Gaju! [GALERIA ZDJ\u0118\u0106]<\/p>\n","protected":false},"author":1,"featured_media":7735,"comment_status":"open","ping_status":"open","sticky":false,"template":"","format":"standard","meta":{"footnotes":""},"categories":[630],"tags":[632,685,747,112,128,645,292,135,294,649,650],"class_list":["post-7734","post","type-post","status-publish","format-standard","has-post-thumbnail","hentry","category-esk-2016","tag-esk","tag-esk-na-gaju","tag-europejska-stolica-kultury-wroclaw-2016-na-gaju","tag-gaj","tag-park-sloneczny","tag-pawilon-esk","tag-rada-osiedla-2","tag-rada-osiedla-gaj","tag-relacja","tag-scena-esk","tag-zdjecia"],"_links":{"self":[{"href":"https:\/\/online.tvk-gaj.pl\/index.php?rest_route=\/wp\/v2\/posts\/7734","targetHints":{"allow":["GET"]}}],"collection":[{"href":"https:\/\/online.tvk-gaj.pl\/index.php?rest_route=\/wp\/v2\/posts"}],"about":[{"href":"https:\/\/online.tvk-gaj.pl\/index.php?rest_route=\/wp\/v2\/types\/post"}],"author":[{"embeddable":true,"href":"https:\/\/online.tvk-gaj.pl\/index.php?rest_route=\/wp\/v2\/users\/1"}],"replies":[{"embeddable":true,"href":"https:\/\/online.tvk-gaj.pl\/index.php?rest_route=%2Fwp%2Fv2%2Fcomments&post=7734"}],"version-history":[{"count":7,"href":"https:\/\/online.tvk-gaj.pl\/index.php?rest_route=\/wp\/v2\/posts\/7734\/revisions"}],"predecessor-version":[{"id":7774,"href":"https:\/\/online.tvk-gaj.pl\/index.php?rest_route=\/wp\/v2\/posts\/7734\/revisions\/7774"}],"wp:featuredmedia":[{"embeddable":true,"href":"https:\/\/online.tvk-gaj.pl\/index.php?rest_route=\/wp\/v2\/media\/7735"}],"wp:attachment":[{"href":"https:\/\/online.tvk-gaj.pl\/index.php?rest_route=%2Fwp%2Fv2%2Fmedia&parent=7734"}],"wp:term":[{"taxonomy":"category","embeddable":true,"href":"https:\/\/online.tvk-gaj.pl\/index.php?rest_route=%2Fwp%2Fv2%2Fcategories&post=7734"},{"taxonomy":"post_tag","embeddable":true,"href":"https:\/\/online.tvk-gaj.pl\/index.php?rest_route=%2Fwp%2Fv2%2Ftags&post=7734"}],"curies":[{"name":"wp","href":"https:\/\/api.w.org\/{rel}","templated":true}]}}