{"id":7794,"date":"2016-09-06T21:24:02","date_gmt":"2016-09-06T19:24:02","guid":{"rendered":"http:\/\/www.tvk-gaj.pl\/~gajonline\/?p=7794"},"modified":"2016-09-06T21:45:54","modified_gmt":"2016-09-06T19:45:54","slug":"ruszyly-konsultacje-spoleczne-w-sprawie-nowego-parku-na-gaju","status":"publish","type":"post","link":"https:\/\/online.tvk-gaj.pl\/?p=7794","title":{"rendered":"Ruszy\u0142y konsultacje spo\u0142eczne w sprawie nowego parku na Gaju"},"content":{"rendered":"<p>Serdecznie zapraszamy do wzi\u0119cia czynnego udzia\u0142u w rozpoczynaj\u0105cych si\u0119 konsultacjach spo\u0142ecznych dotycz\u0105cych planowanego nowego parku na osiedlu Gaj (przy ul. K\u0142odzkiej i ul. Kukuczki). Zach\u0119camy do zg\u0142aszania uwagi i propozycji. Wi\u0119cej informacji o parku oraz o sposobie zg\u0142aszania propozycji w dalszej cz\u0119\u015bci artyku\u0142u.\u00a0<!--more--><\/p>\n<p>&nbsp;<\/p>\n<p><strong>Serdecznie zapraszamy do wzi\u0119cia czynnego udzia\u0142u w rozpoczynaj\u0105cych si\u0119 konsultacjach dotycz\u0105cych planowanego parku na osiedlu Gaj przy ul. K\u0142odzkiej i J. Kukuczki.<\/strong><\/p>\n<p>&nbsp;<\/p>\n<p><a href=\"http:\/\/www.tvk-gaj.pl\/~gajonline\/wp-content\/uploads\/2016\/09\/GAJ2-02.jpg\"><img loading=\"lazy\" decoding=\"async\" class=\"aligncenter size-large wp-image-7795\" src=\"http:\/\/www.tvk-gaj.pl\/~gajonline\/wp-content\/uploads\/2016\/09\/GAJ2-02-1024x536.jpg\" alt=\"GAJ2-02\" width=\"838\" height=\"439\" srcset=\"https:\/\/online.tvk-gaj.pl\/wp-content\/uploads\/2016\/09\/GAJ2-02-1024x536.jpg 1024w, https:\/\/online.tvk-gaj.pl\/wp-content\/uploads\/2016\/09\/GAJ2-02-300x157.jpg 300w, https:\/\/online.tvk-gaj.pl\/wp-content\/uploads\/2016\/09\/GAJ2-02-768x402.jpg 768w, https:\/\/online.tvk-gaj.pl\/wp-content\/uploads\/2016\/09\/GAJ2-02.jpg 1201w\" sizes=\"auto, (max-width: 838px) 100vw, 838px\" \/><\/a><\/p>\n<p>&nbsp;<\/p>\n<p>&nbsp;<\/p>\n<h3><strong>Co wiemy o projekcie?<\/strong><\/h3>\n<p>4,5 hektarowy teren zielony z drzewami powstanie mi\u0119dzy ulicami Kukuczki i K\u0142odzk\u0105. To odpowiedz magistratu na liczne pro\u015bby mieszka\u0144c\u00f3w po\u0142udniowej cz\u0119\u015bci Gaju dotycz\u0105ce budowy parku w tym rejonie osiedla.<\/p>\n<p>&nbsp;<\/p>\n<h3><strong>Lokalizacja inwestycji (wygl\u0105d obecny)\u00a0<\/strong><\/h3>\n<p>Park powsta\u0107 ma w po\u0142udniowej cz\u0119\u015bci osiedla Gaj, pomi\u0119dzy ulicami Jerzego Kukuczki, K\u0142odzk\u0105, a nasypem kolejowym oddzielaj\u0105cym Gaj i Wojszyce.<\/p>\n<p>&nbsp;<\/p>\n<p><a href=\"http:\/\/www.tvk-gaj.pl\/~gajonline\/wp-content\/uploads\/2015\/06\/2015-02-15-14.41.34.jpg\"><img loading=\"lazy\" decoding=\"async\" class=\"aligncenter size-full wp-image-4339\" src=\"http:\/\/www.tvk-gaj.pl\/~gajonline\/wp-content\/uploads\/2015\/06\/2015-02-15-14.41.34.jpg\" alt=\"2015-02-15-14.41.34\" width=\"800\" height=\"450\" srcset=\"https:\/\/online.tvk-gaj.pl\/wp-content\/uploads\/2015\/06\/2015-02-15-14.41.34.jpg 800w, https:\/\/online.tvk-gaj.pl\/wp-content\/uploads\/2015\/06\/2015-02-15-14.41.34-300x169.jpg 300w\" sizes=\"auto, (max-width: 800px) 100vw, 800px\" \/><\/a><\/p>\n<p>&nbsp;<\/p>\n<p><a href=\"http:\/\/www.tvk-gaj.pl\/~gajonline\/wp-content\/uploads\/2014\/07\/wojszycegaj2.jpg\"><img loading=\"lazy\" decoding=\"async\" class=\"aligncenter size-full wp-image-2990\" src=\"http:\/\/www.tvk-gaj.pl\/~gajonline\/wp-content\/uploads\/2014\/07\/wojszycegaj2.jpg\" alt=\"wojszycegaj2\" width=\"800\" height=\"600\" srcset=\"https:\/\/online.tvk-gaj.pl\/wp-content\/uploads\/2014\/07\/wojszycegaj2.jpg 800w, https:\/\/online.tvk-gaj.pl\/wp-content\/uploads\/2014\/07\/wojszycegaj2-300x225.jpg 300w\" sizes=\"auto, (max-width: 800px) 100vw, 800px\" \/><\/a><\/p>\n<p>&nbsp;<\/p>\n<h3><strong>Konsultacje spo\u0142eczne\u00a0<\/strong><\/h3>\n<p>&nbsp;<\/p>\n<p><a href=\"http:\/\/www.tvk-gaj.pl\/~gajonline\/wp-content\/uploads\/2016\/09\/parkowygaj1.jpg\"><img loading=\"lazy\" decoding=\"async\" class=\"aligncenter size-full wp-image-7797\" src=\"http:\/\/www.tvk-gaj.pl\/~gajonline\/wp-content\/uploads\/2016\/09\/parkowygaj1.jpg\" alt=\"parkowygaj1\" width=\"612\" height=\"1011\" srcset=\"https:\/\/online.tvk-gaj.pl\/wp-content\/uploads\/2016\/09\/parkowygaj1.jpg 612w, https:\/\/online.tvk-gaj.pl\/wp-content\/uploads\/2016\/09\/parkowygaj1-182x300.jpg 182w\" sizes=\"auto, (max-width: 612px) 100vw, 612px\" \/><\/a><\/p>\n<p>&nbsp;<\/p>\n<h3><strong>Wype\u0142nij ankiet\u0119\u00a0<\/strong><\/h3>\n<p>&nbsp;<\/p>\n<p><a href=\"http:\/\/www.tvk-gaj.pl\/~gajonline\/wp-content\/uploads\/2016\/09\/wypelnij-ankiete.jpg\"><img loading=\"lazy\" decoding=\"async\" class=\"size-full wp-image-7800\" src=\"http:\/\/www.tvk-gaj.pl\/~gajonline\/wp-content\/uploads\/2016\/09\/wypelnij-ankiete.jpg\" alt=\"Pretty, young businesswoman\/college student using her tablet computer (shallow DOF; color toned image)\" width=\"770\" height=\"350\" srcset=\"https:\/\/online.tvk-gaj.pl\/wp-content\/uploads\/2016\/09\/wypelnij-ankiete.jpg 770w, https:\/\/online.tvk-gaj.pl\/wp-content\/uploads\/2016\/09\/wypelnij-ankiete-300x136.jpg 300w, https:\/\/online.tvk-gaj.pl\/wp-content\/uploads\/2016\/09\/wypelnij-ankiete-768x349.jpg 768w\" sizes=\"auto, (max-width: 770px) 100vw, 770px\" \/><\/a><\/p>\n<p>&nbsp;<\/p>\n<p>Celem ankiety jest zebranie opinii, uwag i propozycji mieszka\u0144c\u00f3w na temat \u00a0koncepcji planowanego parku na Gaju przy ul. K\u0142odnickiej i J. Kukuczki we Wroc\u0142awiu.<\/p>\n<p>Mo\u017cna r\u00f3wnie\u017c pobra\u0107 wersj\u0119 papierow\u0105 w formacie <a href=\"http:\/\/www.wroclaw.pl\/rozmawia\/files\/dokumenty\/4171\/PARKowy-GAJ_ankieta.pdf\" target=\"_blank\">.pdf<\/a>, wype\u0142ni\u0107 j\u0105 i dostarczy\u0107 do 28 wrze\u015bnia 2016 r. do Biura ds. Partycypacji Spo\u0142ecznej Urz\u0119du Miejskiego Wroc\u0142awia: ul. G. Zapolskiej 4, pok\u00f3j nr 120.<\/p>\n<p>Ankieta dotycz\u0105ca inwestycji na Gaju: <a href=\"http:\/\/www.wroclaw.pl\/rozmawia\/wypelnij-ankiete\" target=\"_blank\" data-saferedirecturl=\"https:\/\/www.google.com\/url?hl=pl&amp;q=http:\/\/www.wroclaw.pl\/rozmawia\/wypelnij-ankiete&amp;source=gmail&amp;ust=1473275838786000&amp;usg=AFQjCNExrj7nh5wo65vMItEdWS7R8fEMow\">http:\/\/www.wroclaw.pl\/<wbr \/>rozmawia\/wypelnij-ankiete<\/a><\/p>\n<p>&nbsp;<\/p>\n<h3><strong>Wi\u0119cej informacji\u00a0<\/strong><\/h3>\n<p>Szczeg\u00f3\u0142y konsultacji dost\u0119pne na stronie: <a href=\"http:\/\/www.wroclaw.pl\/parkowy-gaj\" target=\"_blank\" data-saferedirecturl=\"https:\/\/www.google.com\/url?hl=pl&amp;q=http:\/\/www.wroclaw.pl\/parkowy-gaj&amp;source=gmail&amp;ust=1473275838786000&amp;usg=AFQjCNEJGOuhXybXrwjdcUURyWxRWEs61A\">http:\/\/www.wroclaw.pl\/parkowy-<wbr \/>gaj<\/a><\/p>\n<p>Ankieta dotycz\u0105ca inwestycji na Gaju: <a href=\"http:\/\/www.wroclaw.pl\/rozmawia\/wypelnij-ankiete\" target=\"_blank\" data-saferedirecturl=\"https:\/\/www.google.com\/url?hl=pl&amp;q=http:\/\/www.wroclaw.pl\/rozmawia\/wypelnij-ankiete&amp;source=gmail&amp;ust=1473275838786000&amp;usg=AFQjCNExrj7nh5wo65vMItEdWS7R8fEMow\">http:\/\/www.wroclaw.pl\/<wbr \/>rozmawia\/wypelnij-ankiete<\/a><\/p>\n<p>Uwag prosimy przesy\u0142a\u0107 na adres <a href=\"mailto:konsultacje@um.wroc.pl\" target=\"_blank\">konsultacje@um.wroc.pl<\/a>.<\/p>\n<p>&nbsp;<\/p>\n<p>&nbsp;<\/p>\n","protected":false},"excerpt":{"rendered":"<p>Serdecznie zapraszamy do wzi\u0119cia czynnego udzia\u0142u w rozpoczynaj\u0105cych si\u0119 konsultacjach spo\u0142ecznych dotycz\u0105cych planowanego nowego parku na osiedlu Gaj (przy ul. K\u0142odzkiej i ul. Kukuczki). Zach\u0119camy do zg\u0142aszania uwagi i propozycji. Wi\u0119cej informacji o parku oraz o sposobie zg\u0142aszania propozycji w dalszej cz\u0119\u015bci artyku\u0142u.\u00a0<\/p>\n","protected":false},"author":1,"featured_media":4622,"comment_status":"open","ping_status":"open","sticky":false,"template":"","format":"standard","meta":{"footnotes":""},"categories":[14,12],"tags":[765,112,247,601,235,764,166,443,763,766,135,149,165],"class_list":["post-7794","post","type-post","status-publish","format-standard","has-post-thumbnail","hentry","category-aktualnosci","category-artykuly","tag-ankieta","tag-gaj","tag-jerzego-kukuczki","tag-konsultacje-spoleczne","tag-klodzka","tag-nasyp","tag-osiedle-gaj","tag-park","tag-park-na-gaju","tag-parkowy-gaj","tag-rada-osiedla-gaj","tag-urzad-miasta","tag-wroclaw"],"_links":{"self":[{"href":"https:\/\/online.tvk-gaj.pl\/index.php?rest_route=\/wp\/v2\/posts\/7794","targetHints":{"allow":["GET"]}}],"collection":[{"href":"https:\/\/online.tvk-gaj.pl\/index.php?rest_route=\/wp\/v2\/posts"}],"about":[{"href":"https:\/\/online.tvk-gaj.pl\/index.php?rest_route=\/wp\/v2\/types\/post"}],"author":[{"embeddable":true,"href":"https:\/\/online.tvk-gaj.pl\/index.php?rest_route=\/wp\/v2\/users\/1"}],"replies":[{"embeddable":true,"href":"https:\/\/online.tvk-gaj.pl\/index.php?rest_route=%2Fwp%2Fv2%2Fcomments&post=7794"}],"version-history":[{"count":6,"href":"https:\/\/online.tvk-gaj.pl\/index.php?rest_route=\/wp\/v2\/posts\/7794\/revisions"}],"predecessor-version":[{"id":7803,"href":"https:\/\/online.tvk-gaj.pl\/index.php?rest_route=\/wp\/v2\/posts\/7794\/revisions\/7803"}],"wp:featuredmedia":[{"embeddable":true,"href":"https:\/\/online.tvk-gaj.pl\/index.php?rest_route=\/wp\/v2\/media\/4622"}],"wp:attachment":[{"href":"https:\/\/online.tvk-gaj.pl\/index.php?rest_route=%2Fwp%2Fv2%2Fmedia&parent=7794"}],"wp:term":[{"taxonomy":"category","embeddable":true,"href":"https:\/\/online.tvk-gaj.pl\/index.php?rest_route=%2Fwp%2Fv2%2Fcategories&post=7794"},{"taxonomy":"post_tag","embeddable":true,"href":"https:\/\/online.tvk-gaj.pl\/index.php?rest_route=%2Fwp%2Fv2%2Ftags&post=7794"}],"curies":[{"name":"wp","href":"https:\/\/api.w.org\/{rel}","templated":true}]}}