{"id":7804,"date":"2016-09-09T16:45:24","date_gmt":"2016-09-09T14:45:24","guid":{"rendered":"http:\/\/www.tvk-gaj.pl\/~gajonline\/?p=7804"},"modified":"2016-09-13T09:07:09","modified_gmt":"2016-09-13T07:07:09","slug":"34-wroclaw-maraton-beda-utrudnienia-w-ruchu-drogowym","status":"publish","type":"post","link":"https:\/\/online.tvk-gaj.pl\/?p=7804","title":{"rendered":"34 Wroc\u0142aw Maraton. B\u0119d\u0105 utrudnienia w ruchu drogowym"},"content":{"rendered":"<p>Przypominamy, \u017ce w najbli\u017csz\u0105 niedziel\u0119 (11 wrze\u015bnia) odb\u0119dzie si\u0119 34 Wroc\u0142aw Maraton. To wielkie \u015bwi\u0119to biegaczy wi\u0105\u017ce si\u0119 z utrudnieniami w ruchu drogowym na mie\u015bcie. Tak jak w minionych latach cz\u0119\u015b\u0107 trasy biegu przebiega\u0107 b\u0119dzie w okolicy osiedla.<!--more--><\/p>\n<p>&nbsp;<\/p>\n<p>Biegacze pobiegn\u0105 m.in. ulicami Borowsk\u0105 i alej\u0105 Armii Krajowej.<\/p>\n<p>Co si\u0119 z tym wi\u0105\u017ce od p\u00f3\u0142nocy z soboty na niedziel\u0119 wzd\u0142u\u017c trasy b\u0119d\u0105 obowi\u0105zywa\u0142y zakazy zatrzymywania si\u0119. Pojazdy kt\u00f3re pozostan\u0105 na trasie zostan\u0105 na koszt w\u0142a\u015bcicieli odholowane. Wzd\u0142u\u017c Borowskiej i Armii Krajowej ruch drogowy zostanie wstrzymany (b\u0105d\u017a cz\u0119\u015bciowo wstrzymany) w niedziel\u0119 w godzinach ok 8:00-11:00.<\/p>\n<p>Biegaczom \u017cyczymy wspania\u0142ej pogody i przygody, a kibicom i mieszka\u0144com miasta cierpliwo\u015bci i wyrozumia\u0142o\u015bci:)<\/p>\n<p>&nbsp;<\/p>\n<p><strong>TRASA MARATONU NA GAJU<\/strong><\/p>\n<p>&nbsp;<\/p>\n<p><a href=\"http:\/\/www.tvk-gaj.pl\/~gajonline\/wp-content\/uploads\/2016\/09\/maraton2016.png\"><img loading=\"lazy\" decoding=\"async\" class=\"aligncenter size-large wp-image-7806\" src=\"http:\/\/www.tvk-gaj.pl\/~gajonline\/wp-content\/uploads\/2016\/09\/maraton2016-1024x423.png\" alt=\"maraton2016\" width=\"838\" height=\"346\" srcset=\"https:\/\/online.tvk-gaj.pl\/wp-content\/uploads\/2016\/09\/maraton2016-1024x423.png 1024w, https:\/\/online.tvk-gaj.pl\/wp-content\/uploads\/2016\/09\/maraton2016-300x124.png 300w, https:\/\/online.tvk-gaj.pl\/wp-content\/uploads\/2016\/09\/maraton2016-768x318.png 768w, https:\/\/online.tvk-gaj.pl\/wp-content\/uploads\/2016\/09\/maraton2016.png 1209w\" sizes=\"auto, (max-width: 838px) 100vw, 838px\" \/><\/a><\/p>\n<p>&nbsp;<\/p>\n<p>&nbsp;<\/p>\n<p><strong>TRASA MARATONU PE\u0141NA<\/strong><\/p>\n<p>&nbsp;<\/p>\n<p><a href=\"http:\/\/www.tvk-gaj.pl\/~gajonline\/wp-content\/uploads\/2016\/09\/mapa_trasy_34.pko_wm-page-001_1.jpg\"><img loading=\"lazy\" decoding=\"async\" class=\"aligncenter size-large wp-image-7807\" src=\"http:\/\/www.tvk-gaj.pl\/~gajonline\/wp-content\/uploads\/2016\/09\/mapa_trasy_34.pko_wm-page-001_1-1024x724.jpg\" alt=\"mapa_trasy_34-pko_wm-page-001_1\" width=\"838\" height=\"592\" srcset=\"https:\/\/online.tvk-gaj.pl\/wp-content\/uploads\/2016\/09\/mapa_trasy_34.pko_wm-page-001_1-1024x724.jpg 1024w, https:\/\/online.tvk-gaj.pl\/wp-content\/uploads\/2016\/09\/mapa_trasy_34.pko_wm-page-001_1-300x212.jpg 300w, https:\/\/online.tvk-gaj.pl\/wp-content\/uploads\/2016\/09\/mapa_trasy_34.pko_wm-page-001_1-768x543.jpg 768w\" sizes=\"auto, (max-width: 838px) 100vw, 838px\" \/><\/a><\/p>\n<p>&nbsp;<\/p>\n<p>&nbsp;<\/p>\n","protected":false},"excerpt":{"rendered":"<p>Przypominamy, \u017ce w najbli\u017csz\u0105 niedziel\u0119 (11 wrze\u015bnia) odb\u0119dzie si\u0119 34 Wroc\u0142aw Maraton. To wielkie \u015bwi\u0119to biegaczy wi\u0105\u017ce si\u0119 z utrudnieniami w ruchu drogowym na mie\u015bcie. Tak jak w minionych latach cz\u0119\u015b\u0107 trasy biegu przebiega\u0107 b\u0119dzie w okolicy osiedla.<\/p>\n","protected":false},"author":1,"featured_media":7805,"comment_status":"open","ping_status":"open","sticky":false,"template":"","format":"standard","meta":{"footnotes":""},"categories":[14],"tags":[769,198,113,112,767,135,710,165,768],"class_list":["post-7804","post","type-post","status-publish","format-standard","has-post-thumbnail","hentry","category-aktualnosci","tag-34-wroclaw-maraton","tag-armii-krajowej","tag-borowska","tag-gaj","tag-maraton","tag-rada-osiedla-gaj","tag-utrudnienia-w-ruchu","tag-wroclaw","tag-wroclaw-maraton"],"_links":{"self":[{"href":"https:\/\/online.tvk-gaj.pl\/index.php?rest_route=\/wp\/v2\/posts\/7804","targetHints":{"allow":["GET"]}}],"collection":[{"href":"https:\/\/online.tvk-gaj.pl\/index.php?rest_route=\/wp\/v2\/posts"}],"about":[{"href":"https:\/\/online.tvk-gaj.pl\/index.php?rest_route=\/wp\/v2\/types\/post"}],"author":[{"embeddable":true,"href":"https:\/\/online.tvk-gaj.pl\/index.php?rest_route=\/wp\/v2\/users\/1"}],"replies":[{"embeddable":true,"href":"https:\/\/online.tvk-gaj.pl\/index.php?rest_route=%2Fwp%2Fv2%2Fcomments&post=7804"}],"version-history":[{"count":1,"href":"https:\/\/online.tvk-gaj.pl\/index.php?rest_route=\/wp\/v2\/posts\/7804\/revisions"}],"predecessor-version":[{"id":7808,"href":"https:\/\/online.tvk-gaj.pl\/index.php?rest_route=\/wp\/v2\/posts\/7804\/revisions\/7808"}],"wp:featuredmedia":[{"embeddable":true,"href":"https:\/\/online.tvk-gaj.pl\/index.php?rest_route=\/wp\/v2\/media\/7805"}],"wp:attachment":[{"href":"https:\/\/online.tvk-gaj.pl\/index.php?rest_route=%2Fwp%2Fv2%2Fmedia&parent=7804"}],"wp:term":[{"taxonomy":"category","embeddable":true,"href":"https:\/\/online.tvk-gaj.pl\/index.php?rest_route=%2Fwp%2Fv2%2Fcategories&post=7804"},{"taxonomy":"post_tag","embeddable":true,"href":"https:\/\/online.tvk-gaj.pl\/index.php?rest_route=%2Fwp%2Fv2%2Ftags&post=7804"}],"curies":[{"name":"wp","href":"https:\/\/api.w.org\/{rel}","templated":true}]}}